{"id":15389,"date":"2023-03-14T18:06:00","date_gmt":"2023-03-14T17:06:00","guid":{"rendered":"https:\/\/editionsdudauphin.com\/?p=15389"},"modified":"2023-03-14T18:12:58","modified_gmt":"2023-03-14T17:12:58","slug":"salon-du-livre-africain-paris-17-au-19-mars-2023","status":"publish","type":"post","link":"https:\/\/editionsdudauphin.com\/en\/conferences-et-signatures\/salon-du-livre-africain-paris-17-au-19-mars-2023","title":{"rendered":"Salon du livre Africain &#8211; Paris &#8211; 17 au 19 mars 2023"},"content":{"rendered":"<div class=\"fusion-fullwidth fullwidth-box fusion-builder-row-1 fusion-flex-container has-pattern-background has-mask-background nonhundred-percent-fullwidth non-hundred-percent-height-scrolling\" style=\"--awb-border-radius-top-left:0px;--awb-border-radius-top-right:0px;--awb-border-radius-bottom-right:0px;--awb-border-radius-bottom-left:0px;--awb-flex-wrap:wrap;\" ><div class=\"fusion-builder-row fusion-row fusion-flex-align-items-flex-start fusion-flex-content-wrap\" style=\"max-width:1248px;margin-left: calc(-4% \/ 2 );margin-right: calc(-4% \/ 2 );\"><div class=\"fusion-layout-column fusion_builder_column fusion-builder-column-0 fusion_builder_column_1_1 1_1 fusion-flex-column\" style=\"--awb-bg-size:cover;--awb-width-large:100%;--awb-margin-top-large:0px;--awb-spacing-right-large:1.92%;--awb-margin-bottom-large:20px;--awb-spacing-left-large:1.92%;--awb-width-medium:100%;--awb-order-medium:0;--awb-spacing-right-medium:1.92%;--awb-spacing-left-medium:1.92%;--awb-width-small:100%;--awb-order-small:0;--awb-spacing-right-small:1.92%;--awb-spacing-left-small:1.92%;\"><div class=\"fusion-column-wrapper fusion-column-has-shadow fusion-flex-justify-content-flex-start fusion-content-layout-column\"><div class=\"fusion-text fusion-text-1\"><h2>Le salon du livre africain, c&#8217;est quoi ?<\/h2>\n<p>La deuxi\u00e8me \u00e9dition du salon du livre africain de Paris se tiendra \u00e0 la mairie du 6\u00e8me arrondissement du 17 au 19 mars 2023. Plus de 200 auteurs et 60 \u00e9diteurs et libraires seront pr\u00e9sents pour vous faire d\u00e9couvrir le meilleur de la litt\u00e9rature africaine.<\/p>\n<p>Cette ann\u00e9e, la Guin\u00e9e sera le pays invit\u00e9 d&#8217;honneur et plusieurs hommages seront rendus \u00e0 des figures embl\u00e9matiques telles que Nelson Mandela pour l&#8217;anniversaire des 10 ans de sa disparition et Ousmane Semb\u00e8ne dont le centenaire sera c\u00e9l\u00e9br\u00e9.<\/p>\n<p>Nous vous invitons \u00e0 consulter le programme d\u00e8s maintenant et \u00e0 vous inscrire aux conf\u00e9rences gratuites qui d\u00e9butent d\u00e8s le vendredi 17 mars \u00e0 partir de 14h00. Ne manquez pas cet \u00e9v\u00e9nement litt\u00e9raire majeur qui met en lumi\u00e8re la richesse de la culture africaine.<\/p>\n<h2>Programme du salon du livre africain &#8211; Paris &#8211; 17 au 19 mars 2023<\/h2>\n<p>Venez rencontrer <a href=\"https:\/\/editionsdudauphin.com\/author-book\/lucie-hubert\" target=\"_blank\" rel=\"noopener\">Lucie Hubert<\/a>, co auteure du livre &#8220;<a href=\"https:\/\/editionsdudauphin.com\/livre\/themes\/bien-etre-sante\/sante\/medecines-naturelles\/tresor-des-plantes-medicinales\" target=\"_blank\" rel=\"noopener\">Tr\u00e9sor des plantes m\u00e9dicinales, le livre qui soigne<\/a>&#8221; et assistez \u00e0 sa conf\u00e9rence qui aura lieu le samedi 18 mars de 13h40 \u00e0 14h40 suivie d&#8217;une d\u00e9dicace de 15h30 \u00e0 16h00. Vous aurez l&#8217;occasion d&#8217;\u00e9changer avec elle et de repartir avec votre livre d\u00e9dicac\u00e9.<\/p>\n<p><img loading=\"lazy\" decoding=\"async\" class=\"size-medium wp-image-15390 alignleft\" src=\"https:\/\/editionsdudauphin.com\/wp-content\/uploads\/2023\/03\/Lucie-copie-235x300.jpg\" alt=\"Lucie Hubert\" width=\"235\" height=\"300\" srcset=\"https:\/\/editionsdudauphin.com\/wp-content\/uploads\/2023\/03\/Lucie-copie-200x255.jpg 200w, https:\/\/editionsdudauphin.com\/wp-content\/uploads\/2023\/03\/Lucie-copie-235x300.jpg 235w, https:\/\/editionsdudauphin.com\/wp-content\/uploads\/2023\/03\/Lucie-copie-392x500.jpg 392w, https:\/\/editionsdudauphin.com\/wp-content\/uploads\/2023\/03\/Lucie-copie-400x510.jpg 400w, https:\/\/editionsdudauphin.com\/wp-content\/uploads\/2023\/03\/Lucie-copie-500x637.jpg 500w, https:\/\/editionsdudauphin.com\/wp-content\/uploads\/2023\/03\/Lucie-copie-600x764.jpg 600w, https:\/\/editionsdudauphin.com\/wp-content\/uploads\/2023\/03\/Lucie-copie-700x892.jpg 700w, https:\/\/editionsdudauphin.com\/wp-content\/uploads\/2023\/03\/Lucie-copie-768x978.jpg 768w, https:\/\/editionsdudauphin.com\/wp-content\/uploads\/2023\/03\/Lucie-copie-800x1019.jpg 800w, https:\/\/editionsdudauphin.com\/wp-content\/uploads\/2023\/03\/Lucie-copie-804x1024.jpg 804w, https:\/\/editionsdudauphin.com\/wp-content\/uploads\/2023\/03\/Lucie-copie-1200x1529.jpg 1200w, https:\/\/editionsdudauphin.com\/wp-content\/uploads\/2023\/03\/Lucie-copie-1206x1536.jpg 1206w, https:\/\/editionsdudauphin.com\/wp-content\/uploads\/2023\/03\/Lucie-copie-1608x2048.jpg 1608w\" sizes=\"auto, (max-width: 235px) 100vw, 235px\" \/>Lucie Hubert est une phytoth\u00e9rapeute et hom\u00e9opathe dipl\u00f4m\u00e9e de l&#8217;Acad\u00e9mie de naturopathie d&#8217;Hilversum aux Pays-Bas. Elle poss\u00e8de une grande expertise en phytoth\u00e9rapie africaine et a suivi l&#8217;enseignement du Pr Yvette Par\u00e8s \u00e0 Paris en 2008 et 2009. Lucie Hubert est passionn\u00e9e par les plantes m\u00e9dicinales et leur pouvoir de gu\u00e9rison naturelle. Elle s&#8217;est sp\u00e9cialis\u00e9e dans la phytoth\u00e9rapie et l&#8217;hom\u00e9opathie, deux approches compl\u00e9mentaires pour aider les patients \u00e0 atteindre leur plein potentiel de sant\u00e9. Elle est convaincue que les plantes m\u00e9dicinales africaines ont un potentiel incroyable pour aider les personnes \u00e0 retrouver leur \u00e9quilibre et leur bien-\u00eatre. En plus de sa pratique, Lucie Hubert anime \u00e9galement des ateliers et des conf\u00e9rences pour partager son savoir et sa passion pour la m\u00e9decine naturelle.<\/p>\n<h2><\/h2>\n<h2><\/h2>\n<h2><\/h2>\n<h2><\/h2>\n<h2><\/h2>\n<h2>Informations pratiques<\/h2>\n<h3>O\u00f9 ?<\/h3>\n<p class=\"sqsrte-large\"><span class=\"sqsrte-text-color--accent\">Mairie du 6\u00e8me arrondissement, 78 rue Bonaparte, 75006 Paris<\/span><\/p>\n<p class=\"sqsrte-large\"><span class=\"sqsrte-text-color--black\">M\u00e9tro: Saint Sulpice, Mabillon, Od\u00e9on, RER: Luxembourg<\/span><\/p>\n<h3>Quand ?<\/h3>\n<p class=\"sqsrte-large\"><span class=\"sqsrte-text-color--black\">Vendredi 17 mars 2023: 14h-18H <\/span><\/p>\n<p class=\"sqsrte-large\"><span class=\"sqsrte-text-color--black\">Samedi 18 mars 2023: 11H-18H<\/span><\/p>\n<p class=\"sqsrte-large\"><span class=\"sqsrte-text-color--black\">Dimanche 19 mars 2023: 11H-18H<\/span><\/p>\n<p class=\"\"><span class=\"sqsrte-text-color--custom\"><em>Derni\u00e8res entr\u00e9es \u00e0 17h30 sur les trois jours<\/em><\/span><\/p>\n<h3>Prix ?<\/h3>\n<p>Entr\u00e9e libre<\/p>\n<\/div><\/div><\/div><\/div><\/div>\n","protected":false},"excerpt":{"rendered":"","protected":false},"author":12,"featured_media":15394,"comment_status":"open","ping_status":"open","sticky":false,"template":"","format":"standard","meta":{"_acf_changed":false,"wpupg_custom_link":[],"wpupg_custom_link_behaviour":["default"],"wpupg_custom_link_nofollow":[],"wpupg_custom_image":[],"wpupg_custom_image_id":[],"footnotes":""},"categories":[136],"tags":[],"class_list":["post-15389","post","type-post","status-publish","format-standard","has-post-thumbnail","hentry","category-conferences-et-signatures"],"acf":[],"yoast_head":"<!-- This site is optimized with the Yoast SEO plugin v27.4 - https:\/\/yoast.com\/product\/yoast-seo-wordpress\/ -->\n<title>Salon du livre Africain - Paris - 17 au 19 mars 2023<\/title>\n<meta name=\"description\" content=\"Venez rencontrer Lucie Hubert, co auteure du livre tr\u00e9sor des plantes m\u00e9dicinales au salon du livre africain du 17 au 19 mars 2023.\" \/>\n<meta name=\"robots\" content=\"index, follow, max-snippet:-1, max-image-preview:large, max-video-preview:-1\" \/>\n<link rel=\"canonical\" href=\"https:\/\/editionsdudauphin.com\/en\/conferences-et-signatures\/salon-du-livre-africain-paris-17-au-19-mars-2023\" \/>\n<meta property=\"og:locale\" content=\"en_US\" \/>\n<meta property=\"og:type\" content=\"article\" \/>\n<meta property=\"og:title\" content=\"Salon du livre Africain - Paris - 17 au 19 mars 2023\" \/>\n<meta property=\"og:description\" content=\"Venez rencontrer Lucie Hubert, co auteure du livre tr\u00e9sor des plantes m\u00e9dicinales au salon du livre africain du 17 au 19 mars 2023.\" \/>\n<meta property=\"og:url\" content=\"https:\/\/editionsdudauphin.com\/en\/conferences-et-signatures\/salon-du-livre-africain-paris-17-au-19-mars-2023\" \/>\n<meta property=\"og:site_name\" content=\"\u00c9ditions du Dauphin\" \/>\n<meta property=\"article:published_time\" content=\"2023-03-14T17:06:00+00:00\" \/>\n<meta property=\"article:modified_time\" content=\"2023-03-14T17:12:58+00:00\" \/>\n<meta property=\"og:image\" content=\"https:\/\/editionsdudauphin.com\/wp-content\/uploads\/2023\/03\/Sans-titre-2.jpeg\" \/>\n\t<meta property=\"og:image:width\" content=\"791\" \/>\n\t<meta property=\"og:image:height\" content=\"492\" \/>\n\t<meta property=\"og:image:type\" content=\"image\/jpeg\" \/>\n<meta name=\"author\" content=\"presse\" \/>\n<meta name=\"twitter:card\" content=\"summary_large_image\" \/>\n<meta name=\"twitter:label1\" content=\"Written by\" \/>\n\t<meta name=\"twitter:data1\" content=\"presse\" \/>\n\t<meta name=\"twitter:label2\" content=\"Est. reading time\" \/>\n\t<meta name=\"twitter:data2\" content=\"4 minutes\" \/>\n<script type=\"application\/ld+json\" class=\"yoast-schema-graph\">{\"@context\":\"https:\\\/\\\/schema.org\",\"@graph\":[{\"@type\":\"Article\",\"@id\":\"https:\\\/\\\/editionsdudauphin.com\\\/en\\\/conferences-et-signatures\\\/salon-du-livre-africain-paris-17-au-19-mars-2023#article\",\"isPartOf\":{\"@id\":\"https:\\\/\\\/editionsdudauphin.com\\\/en\\\/conferences-et-signatures\\\/salon-du-livre-africain-paris-17-au-19-mars-2023\"},\"author\":{\"name\":\"presse\",\"@id\":\"https:\\\/\\\/editionsdudauphin.com\\\/en#\\\/schema\\\/person\\\/605e9a19ba195a7dba70be10aabe23e4\"},\"headline\":\"Salon du livre Africain &#8211; Paris &#8211; 17 au 19 mars 2023\",\"datePublished\":\"2023-03-14T17:06:00+00:00\",\"dateModified\":\"2023-03-14T17:12:58+00:00\",\"mainEntityOfPage\":{\"@id\":\"https:\\\/\\\/editionsdudauphin.com\\\/en\\\/conferences-et-signatures\\\/salon-du-livre-africain-paris-17-au-19-mars-2023\"},\"wordCount\":1158,\"commentCount\":0,\"image\":{\"@id\":\"https:\\\/\\\/editionsdudauphin.com\\\/en\\\/conferences-et-signatures\\\/salon-du-livre-africain-paris-17-au-19-mars-2023#primaryimage\"},\"thumbnailUrl\":\"https:\\\/\\\/editionsdudauphin.com\\\/wp-content\\\/uploads\\\/2023\\\/03\\\/Sans-titre-2.jpeg\",\"articleSection\":[\"Conf\u00e9rences &amp; signatures &amp; salons\"],\"inLanguage\":\"en-US\"},{\"@type\":\"WebPage\",\"@id\":\"https:\\\/\\\/editionsdudauphin.com\\\/en\\\/conferences-et-signatures\\\/salon-du-livre-africain-paris-17-au-19-mars-2023\",\"url\":\"https:\\\/\\\/editionsdudauphin.com\\\/en\\\/conferences-et-signatures\\\/salon-du-livre-africain-paris-17-au-19-mars-2023\",\"name\":\"Salon du livre Africain - Paris - 17 au 19 mars 2023\",\"isPartOf\":{\"@id\":\"https:\\\/\\\/editionsdudauphin.com\\\/en#website\"},\"primaryImageOfPage\":{\"@id\":\"https:\\\/\\\/editionsdudauphin.com\\\/en\\\/conferences-et-signatures\\\/salon-du-livre-africain-paris-17-au-19-mars-2023#primaryimage\"},\"image\":{\"@id\":\"https:\\\/\\\/editionsdudauphin.com\\\/en\\\/conferences-et-signatures\\\/salon-du-livre-africain-paris-17-au-19-mars-2023#primaryimage\"},\"thumbnailUrl\":\"https:\\\/\\\/editionsdudauphin.com\\\/wp-content\\\/uploads\\\/2023\\\/03\\\/Sans-titre-2.jpeg\",\"datePublished\":\"2023-03-14T17:06:00+00:00\",\"dateModified\":\"2023-03-14T17:12:58+00:00\",\"author\":{\"@id\":\"https:\\\/\\\/editionsdudauphin.com\\\/en#\\\/schema\\\/person\\\/605e9a19ba195a7dba70be10aabe23e4\"},\"description\":\"Venez rencontrer Lucie Hubert, co auteure du livre tr\u00e9sor des plantes m\u00e9dicinales au salon du livre africain du 17 au 19 mars 2023.\",\"breadcrumb\":{\"@id\":\"https:\\\/\\\/editionsdudauphin.com\\\/en\\\/conferences-et-signatures\\\/salon-du-livre-africain-paris-17-au-19-mars-2023#breadcrumb\"},\"inLanguage\":\"en-US\",\"potentialAction\":[{\"@type\":\"ReadAction\",\"target\":[\"https:\\\/\\\/editionsdudauphin.com\\\/en\\\/conferences-et-signatures\\\/salon-du-livre-africain-paris-17-au-19-mars-2023\"]}]},{\"@type\":\"ImageObject\",\"inLanguage\":\"en-US\",\"@id\":\"https:\\\/\\\/editionsdudauphin.com\\\/en\\\/conferences-et-signatures\\\/salon-du-livre-africain-paris-17-au-19-mars-2023#primaryimage\",\"url\":\"https:\\\/\\\/editionsdudauphin.com\\\/wp-content\\\/uploads\\\/2023\\\/03\\\/Sans-titre-2.jpeg\",\"contentUrl\":\"https:\\\/\\\/editionsdudauphin.com\\\/wp-content\\\/uploads\\\/2023\\\/03\\\/Sans-titre-2.jpeg\",\"width\":791,\"height\":492,\"caption\":\"salon du livre africain de paris\"},{\"@type\":\"BreadcrumbList\",\"@id\":\"https:\\\/\\\/editionsdudauphin.com\\\/en\\\/conferences-et-signatures\\\/salon-du-livre-africain-paris-17-au-19-mars-2023#breadcrumb\",\"itemListElement\":[{\"@type\":\"ListItem\",\"position\":1,\"name\":\"Accueil\",\"item\":\"https:\\\/\\\/editionsdudauphin.com\\\/en\"},{\"@type\":\"ListItem\",\"position\":2,\"name\":\"Salon du livre Africain &#8211; Paris &#8211; 17 au 19 mars 2023\"}]},{\"@type\":\"WebSite\",\"@id\":\"https:\\\/\\\/editionsdudauphin.com\\\/en#website\",\"url\":\"https:\\\/\\\/editionsdudauphin.com\\\/en\",\"name\":\"\u00c9ditions du Dauphin\",\"description\":\"\",\"potentialAction\":[{\"@type\":\"SearchAction\",\"target\":{\"@type\":\"EntryPoint\",\"urlTemplate\":\"https:\\\/\\\/editionsdudauphin.com\\\/en?s={search_term_string}\"},\"query-input\":{\"@type\":\"PropertyValueSpecification\",\"valueRequired\":true,\"valueName\":\"search_term_string\"}}],\"inLanguage\":\"en-US\"},{\"@type\":\"Person\",\"@id\":\"https:\\\/\\\/editionsdudauphin.com\\\/en#\\\/schema\\\/person\\\/605e9a19ba195a7dba70be10aabe23e4\",\"name\":\"presse\",\"image\":{\"@type\":\"ImageObject\",\"inLanguage\":\"en-US\",\"@id\":\"https:\\\/\\\/secure.gravatar.com\\\/avatar\\\/ae91baae35470237c672b962ffa54a1c95ca50502127ca3bc999ed1afa02c958?s=96&d=mm&r=g\",\"url\":\"https:\\\/\\\/secure.gravatar.com\\\/avatar\\\/ae91baae35470237c672b962ffa54a1c95ca50502127ca3bc999ed1afa02c958?s=96&d=mm&r=g\",\"contentUrl\":\"https:\\\/\\\/secure.gravatar.com\\\/avatar\\\/ae91baae35470237c672b962ffa54a1c95ca50502127ca3bc999ed1afa02c958?s=96&d=mm&r=g\",\"caption\":\"presse\"}}]}<\/script>\n<!-- \/ Yoast SEO plugin. -->","yoast_head_json":{"title":"Salon du livre Africain - Paris - 17 au 19 mars 2023","description":"Venez rencontrer Lucie Hubert, co auteure du livre tr\u00e9sor des plantes m\u00e9dicinales au salon du livre africain du 17 au 19 mars 2023.","robots":{"index":"index","follow":"follow","max-snippet":"max-snippet:-1","max-image-preview":"max-image-preview:large","max-video-preview":"max-video-preview:-1"},"canonical":"https:\/\/editionsdudauphin.com\/en\/conferences-et-signatures\/salon-du-livre-africain-paris-17-au-19-mars-2023","og_locale":"en_US","og_type":"article","og_title":"Salon du livre Africain - Paris - 17 au 19 mars 2023","og_description":"Venez rencontrer Lucie Hubert, co auteure du livre tr\u00e9sor des plantes m\u00e9dicinales au salon du livre africain du 17 au 19 mars 2023.","og_url":"https:\/\/editionsdudauphin.com\/en\/conferences-et-signatures\/salon-du-livre-africain-paris-17-au-19-mars-2023","og_site_name":"\u00c9ditions du Dauphin","article_published_time":"2023-03-14T17:06:00+00:00","article_modified_time":"2023-03-14T17:12:58+00:00","og_image":[{"width":791,"height":492,"url":"https:\/\/editionsdudauphin.com\/wp-content\/uploads\/2023\/03\/Sans-titre-2.jpeg","type":"image\/jpeg"}],"author":"presse","twitter_card":"summary_large_image","twitter_misc":{"Written by":"presse","Est. reading time":"4 minutes"},"schema":{"@context":"https:\/\/schema.org","@graph":[{"@type":"Article","@id":"https:\/\/editionsdudauphin.com\/en\/conferences-et-signatures\/salon-du-livre-africain-paris-17-au-19-mars-2023#article","isPartOf":{"@id":"https:\/\/editionsdudauphin.com\/en\/conferences-et-signatures\/salon-du-livre-africain-paris-17-au-19-mars-2023"},"author":{"name":"presse","@id":"https:\/\/editionsdudauphin.com\/en#\/schema\/person\/605e9a19ba195a7dba70be10aabe23e4"},"headline":"Salon du livre Africain &#8211; Paris &#8211; 17 au 19 mars 2023","datePublished":"2023-03-14T17:06:00+00:00","dateModified":"2023-03-14T17:12:58+00:00","mainEntityOfPage":{"@id":"https:\/\/editionsdudauphin.com\/en\/conferences-et-signatures\/salon-du-livre-africain-paris-17-au-19-mars-2023"},"wordCount":1158,"commentCount":0,"image":{"@id":"https:\/\/editionsdudauphin.com\/en\/conferences-et-signatures\/salon-du-livre-africain-paris-17-au-19-mars-2023#primaryimage"},"thumbnailUrl":"https:\/\/editionsdudauphin.com\/wp-content\/uploads\/2023\/03\/Sans-titre-2.jpeg","articleSection":["Conf\u00e9rences &amp; signatures &amp; salons"],"inLanguage":"en-US"},{"@type":"WebPage","@id":"https:\/\/editionsdudauphin.com\/en\/conferences-et-signatures\/salon-du-livre-africain-paris-17-au-19-mars-2023","url":"https:\/\/editionsdudauphin.com\/en\/conferences-et-signatures\/salon-du-livre-africain-paris-17-au-19-mars-2023","name":"Salon du livre Africain - Paris - 17 au 19 mars 2023","isPartOf":{"@id":"https:\/\/editionsdudauphin.com\/en#website"},"primaryImageOfPage":{"@id":"https:\/\/editionsdudauphin.com\/en\/conferences-et-signatures\/salon-du-livre-africain-paris-17-au-19-mars-2023#primaryimage"},"image":{"@id":"https:\/\/editionsdudauphin.com\/en\/conferences-et-signatures\/salon-du-livre-africain-paris-17-au-19-mars-2023#primaryimage"},"thumbnailUrl":"https:\/\/editionsdudauphin.com\/wp-content\/uploads\/2023\/03\/Sans-titre-2.jpeg","datePublished":"2023-03-14T17:06:00+00:00","dateModified":"2023-03-14T17:12:58+00:00","author":{"@id":"https:\/\/editionsdudauphin.com\/en#\/schema\/person\/605e9a19ba195a7dba70be10aabe23e4"},"description":"Venez rencontrer Lucie Hubert, co auteure du livre tr\u00e9sor des plantes m\u00e9dicinales au salon du livre africain du 17 au 19 mars 2023.","breadcrumb":{"@id":"https:\/\/editionsdudauphin.com\/en\/conferences-et-signatures\/salon-du-livre-africain-paris-17-au-19-mars-2023#breadcrumb"},"inLanguage":"en-US","potentialAction":[{"@type":"ReadAction","target":["https:\/\/editionsdudauphin.com\/en\/conferences-et-signatures\/salon-du-livre-africain-paris-17-au-19-mars-2023"]}]},{"@type":"ImageObject","inLanguage":"en-US","@id":"https:\/\/editionsdudauphin.com\/en\/conferences-et-signatures\/salon-du-livre-africain-paris-17-au-19-mars-2023#primaryimage","url":"https:\/\/editionsdudauphin.com\/wp-content\/uploads\/2023\/03\/Sans-titre-2.jpeg","contentUrl":"https:\/\/editionsdudauphin.com\/wp-content\/uploads\/2023\/03\/Sans-titre-2.jpeg","width":791,"height":492,"caption":"salon du livre africain de paris"},{"@type":"BreadcrumbList","@id":"https:\/\/editionsdudauphin.com\/en\/conferences-et-signatures\/salon-du-livre-africain-paris-17-au-19-mars-2023#breadcrumb","itemListElement":[{"@type":"ListItem","position":1,"name":"Accueil","item":"https:\/\/editionsdudauphin.com\/en"},{"@type":"ListItem","position":2,"name":"Salon du livre Africain &#8211; Paris &#8211; 17 au 19 mars 2023"}]},{"@type":"WebSite","@id":"https:\/\/editionsdudauphin.com\/en#website","url":"https:\/\/editionsdudauphin.com\/en","name":"\u00c9ditions du Dauphin","description":"","potentialAction":[{"@type":"SearchAction","target":{"@type":"EntryPoint","urlTemplate":"https:\/\/editionsdudauphin.com\/en?s={search_term_string}"},"query-input":{"@type":"PropertyValueSpecification","valueRequired":true,"valueName":"search_term_string"}}],"inLanguage":"en-US"},{"@type":"Person","@id":"https:\/\/editionsdudauphin.com\/en#\/schema\/person\/605e9a19ba195a7dba70be10aabe23e4","name":"presse","image":{"@type":"ImageObject","inLanguage":"en-US","@id":"https:\/\/secure.gravatar.com\/avatar\/ae91baae35470237c672b962ffa54a1c95ca50502127ca3bc999ed1afa02c958?s=96&d=mm&r=g","url":"https:\/\/secure.gravatar.com\/avatar\/ae91baae35470237c672b962ffa54a1c95ca50502127ca3bc999ed1afa02c958?s=96&d=mm&r=g","contentUrl":"https:\/\/secure.gravatar.com\/avatar\/ae91baae35470237c672b962ffa54a1c95ca50502127ca3bc999ed1afa02c958?s=96&d=mm&r=g","caption":"presse"}}]}},"_links":{"self":[{"href":"https:\/\/editionsdudauphin.com\/en\/wp-json\/wp\/v2\/posts\/15389","targetHints":{"allow":["GET"]}}],"collection":[{"href":"https:\/\/editionsdudauphin.com\/en\/wp-json\/wp\/v2\/posts"}],"about":[{"href":"https:\/\/editionsdudauphin.com\/en\/wp-json\/wp\/v2\/types\/post"}],"author":[{"embeddable":true,"href":"https:\/\/editionsdudauphin.com\/en\/wp-json\/wp\/v2\/users\/12"}],"replies":[{"embeddable":true,"href":"https:\/\/editionsdudauphin.com\/en\/wp-json\/wp\/v2\/comments?post=15389"}],"version-history":[{"count":0,"href":"https:\/\/editionsdudauphin.com\/en\/wp-json\/wp\/v2\/posts\/15389\/revisions"}],"wp:featuredmedia":[{"embeddable":true,"href":"https:\/\/editionsdudauphin.com\/en\/wp-json\/wp\/v2\/media\/15394"}],"wp:attachment":[{"href":"https:\/\/editionsdudauphin.com\/en\/wp-json\/wp\/v2\/media?parent=15389"}],"wp:term":[{"taxonomy":"category","embeddable":true,"href":"https:\/\/editionsdudauphin.com\/en\/wp-json\/wp\/v2\/categories?post=15389"},{"taxonomy":"post_tag","embeddable":true,"href":"https:\/\/editionsdudauphin.com\/en\/wp-json\/wp\/v2\/tags?post=15389"}],"curies":[{"name":"wp","href":"https:\/\/api.w.org\/{rel}","templated":true}]}}