{"id":15520,"date":"2023-05-12T11:22:44","date_gmt":"2023-05-12T09:22:44","guid":{"rendered":"https:\/\/editionsdudauphin.com\/?p=15520"},"modified":"2023-05-12T11:27:23","modified_gmt":"2023-05-12T09:27:23","slug":"brigitte-quero-conference-13-mai-2023-bazas","status":"publish","type":"post","link":"https:\/\/editionsdudauphin.com\/en\/conferences-et-signatures\/brigitte-quero-conference-13-mai-2023-bazas","title":{"rendered":"Brigitte Qu\u00e9ro conf\u00e9rence &#8211; 13 mai 2023 &#8211; Bazas"},"content":{"rendered":"<div class=\"fusion-fullwidth fullwidth-box fusion-builder-row-1 fusion-flex-container has-pattern-background has-mask-background nonhundred-percent-fullwidth non-hundred-percent-height-scrolling\" style=\"--awb-border-radius-top-left:0px;--awb-border-radius-top-right:0px;--awb-border-radius-bottom-right:0px;--awb-border-radius-bottom-left:0px;--awb-flex-wrap:wrap;\" ><div class=\"fusion-builder-row fusion-row fusion-flex-align-items-flex-start fusion-flex-content-wrap\" style=\"max-width:1248px;margin-left: calc(-4% \/ 2 );margin-right: calc(-4% \/ 2 );\"><div class=\"fusion-layout-column fusion_builder_column fusion-builder-column-0 fusion_builder_column_1_1 1_1 fusion-flex-column\" style=\"--awb-bg-size:cover;--awb-width-large:100%;--awb-margin-top-large:0px;--awb-spacing-right-large:1.92%;--awb-margin-bottom-large:20px;--awb-spacing-left-large:1.92%;--awb-width-medium:100%;--awb-order-medium:0;--awb-spacing-right-medium:1.92%;--awb-spacing-left-medium:1.92%;--awb-width-small:100%;--awb-order-small:0;--awb-spacing-right-small:1.92%;--awb-spacing-left-small:1.92%;\"><div class=\"fusion-column-wrapper fusion-column-has-shadow fusion-flex-justify-content-flex-start fusion-content-layout-column\"><div class=\"fusion-text fusion-text-1\"><h2>Conf\u00e9rence\u00a0<a href=\"https:\/\/editionsdudauphin.com\/author-book\/brigitte-quero\" target=\"_blank\" rel=\"noopener\">Brigitte Qu\u00e9ro <\/a>\u2013 Samedi 13 mai 2023<\/h2>\n<h3>Journ\u00e9e Rencontres et Partage, organis\u00e9e par <a href=\"https:\/\/asso-cyclamen.fr\/index.php\" target=\"_blank\" rel=\"noopener\">l\u2019association Cyclamen<\/a> de 9h00 \u00e0 18h<\/h3>\n<p>Brigitte Qu\u00e9ro, auteure de &#8220;Entretiens avec mon ange&#8221;, sera en conf\u00e9rence lors de la journ\u00e9e de Bazas organis\u00e9e par L\u2019Association Cyclamen. Cette journ\u00e9e de conf\u00e9rences reposera sur le th\u00e8me de la survivance, de l\u2019\u00e2me apr\u00e8s la mort. Mais aussi, la r\u00e9alit\u00e9 des liens qui existent entre notre monde et le monde lumineux de l\u2019apr\u00e8s-vie.<\/p>\n<h4>Journ\u00e9e avec l&#8217;amicale participation de Brigitte Qu\u00e9ro<\/h4>\n<div class=\"\">\n<div class=\"\">\n<div class=\"\">\n<div class=\"\">\n<div class=\"\">\n<div class=\"\">\n<div class=\"\">\n<div class=\"\">\n<div class=\"WordSection1\">\n<blockquote>\n<div class=\"\"><em><span class=\"\"><b class=\"\">Brigitte QU\u00c9RO<\/b><\/span><span class=\"\">\u00a0est la Plume<\/span><span class=\"\">\u00a0de 3 recueils magnifiques issus des messages qu\u2019elle re\u00e7oit de son Ange. En toute modestie et humilit\u00e9, depuis plus de 35 ans maintenant. Quand on lit ces messages, on comprend que depuis le d\u00e9but de ces entretiens, l\u2019Ange qui communique \u00e0 Brigitte connaissait d\u00e9j\u00e0 la crise majeure que nous traversons actuellement. Par cons\u00e9quent, elle nous pr\u00e9parait \u00e0 d\u00e9velopper un autre regard, une autre compr\u00e9hension des \u00e9v\u00e8nements. Nous sommes heureux d\u2019accueillir Brigitte. De ce fait, elle nous rapporte l\u2019essentiel de ces Entretiens. Mais aussi, elle\u00a0<\/span><span class=\"\">partage avec nous ce que l\u2019Ange lui dicte encore actuellement. Elle nous expliquera comment chacun de nous peut se relier \u00e0 son propre Ange. Et ce, pour une travers\u00e9e de notre passage terrestre en symbiose avec Lui.<\/span><\/em><\/div>\n<\/blockquote>\n<h3>Qui est Brigitte Qu\u00e9ro ?<\/h3>\n<p>Brigitte Qu\u00e9ro a d\u00e9but\u00e9 sa carri\u00e8re en tant que chef de produits dans un laboratoire pharmaceutique. Cependant, en 1985, elle a \u00e9t\u00e9 en contact pour la premi\u00e8re fois avec son ange, depuis lors, elle a re\u00e7u des messages qu&#8217;elle transmet \u00e0 un petit groupe qui s&#8217;est spontan\u00e9ment form\u00e9 autour de ces Enseignants de Lumi\u00e8re. Ces messages ont pour objectif de nous aider \u00e0 atteindre le sommet de notre \u00e2me, au-del\u00e0 de toutes les contingences mat\u00e9rielles et mentales, en nous apaisant, nous encourageant et en restaurant notre \u00e2me. Dans son livre, elle partage les messages de ces \u00eatres de lumi\u00e8re avec nous. Avant cette rencontre, Brigitte ne s&#8217;int\u00e9ressait pas \u00e0 ce sujet et \u00e9tait connue pour sa nature discr\u00e8te et douce. Tatiana Amelin, responsable de l&#8217;Association Cyclamen, d\u00e9crit Brigitte Qu\u00e9ro comme une personne rayonnante et elle a particip\u00e9 \u00e0 l&#8217;\u00e9criture de la pr\u00e9face d'&#8221;Entretiens avec mon ange&#8221;.<\/p>\n<\/div>\n<\/div>\n<\/div>\n<\/div>\n<\/div>\n<\/div>\n<\/div>\n<\/div>\n<\/div>\n<h4>Comment se rendre \u00e0 la conf\u00e9rence ?<\/h4>\n<p>Domaine de Fompeyre, route de Mont De Marsan, 33430 Bazas<\/p>\n<p>Adresse GPS : Rampe du Pont des Arches, 33430 Bazas<\/p>\n<p>Entr\u00e9e sur inscription en appelant ou en envoyant un sms au 06.70.56.26.80<\/p>\n<p>Tarif \u00e0 la journ\u00e9e : 15 euros<\/p>\n<p>Tarif \u00e0 la demi-journ\u00e9e : 10 euros<\/p>\n<\/div><\/div><\/div><\/div><\/div>\n","protected":false},"excerpt":{"rendered":"","protected":false},"author":12,"featured_media":15526,"comment_status":"closed","ping_status":"closed","sticky":false,"template":"","format":"standard","meta":{"_acf_changed":false,"wpupg_custom_link":[],"wpupg_custom_link_behaviour":["default"],"wpupg_custom_link_nofollow":[],"wpupg_custom_image":[],"wpupg_custom_image_id":[],"footnotes":""},"categories":[136],"tags":[],"class_list":["post-15520","post","type-post","status-publish","format-standard","has-post-thumbnail","hentry","category-conferences-et-signatures"],"acf":[],"yoast_head":"<!-- This site is optimized with the Yoast SEO plugin v27.4 - https:\/\/yoast.com\/product\/yoast-seo-wordpress\/ -->\n<title>Brigitte Qu\u00e9ro conf\u00e9rence - 13 mai 2023 - Bazas<\/title>\n<meta name=\"description\" content=\"Brigitte Qu\u00e9ro sera en conf\u00e9rence lors de la journ\u00e9e de Bazas, organis\u00e9e par l&#039;association Cyclamen le 13 mai 2023 au domaine de Fompeyre.\" \/>\n<meta name=\"robots\" content=\"index, follow, max-snippet:-1, max-image-preview:large, max-video-preview:-1\" \/>\n<link rel=\"canonical\" href=\"https:\/\/editionsdudauphin.com\/en\/conferences-et-signatures\/brigitte-quero-conference-13-mai-2023-bazas\" \/>\n<meta property=\"og:locale\" content=\"en_US\" \/>\n<meta property=\"og:type\" content=\"article\" \/>\n<meta property=\"og:title\" content=\"Brigitte Qu\u00e9ro conf\u00e9rence - 13 mai 2023 - Bazas\" \/>\n<meta property=\"og:description\" content=\"Brigitte Qu\u00e9ro sera en conf\u00e9rence lors de la journ\u00e9e de Bazas, organis\u00e9e par l&#039;association Cyclamen le 13 mai 2023 au domaine de Fompeyre.\" \/>\n<meta property=\"og:url\" content=\"https:\/\/editionsdudauphin.com\/en\/conferences-et-signatures\/brigitte-quero-conference-13-mai-2023-bazas\" \/>\n<meta property=\"og:site_name\" content=\"\u00c9ditions du Dauphin\" \/>\n<meta property=\"article:published_time\" content=\"2023-05-12T09:22:44+00:00\" \/>\n<meta property=\"article:modified_time\" content=\"2023-05-12T09:27:23+00:00\" \/>\n<meta property=\"og:image\" content=\"https:\/\/editionsdudauphin.com\/wp-content\/uploads\/2023\/05\/Sans-titre-1.jpeg\" \/>\n\t<meta property=\"og:image:width\" content=\"890\" \/>\n\t<meta property=\"og:image:height\" content=\"555\" \/>\n\t<meta property=\"og:image:type\" content=\"image\/jpeg\" \/>\n<meta name=\"author\" content=\"presse\" \/>\n<meta name=\"twitter:card\" content=\"summary_large_image\" \/>\n<meta name=\"twitter:label1\" content=\"Written by\" \/>\n\t<meta name=\"twitter:data1\" content=\"presse\" \/>\n\t<meta name=\"twitter:label2\" content=\"Est. reading time\" \/>\n\t<meta name=\"twitter:data2\" content=\"4 minutes\" \/>\n<script type=\"application\/ld+json\" class=\"yoast-schema-graph\">{\"@context\":\"https:\\\/\\\/schema.org\",\"@graph\":[{\"@type\":\"Article\",\"@id\":\"https:\\\/\\\/editionsdudauphin.com\\\/en\\\/conferences-et-signatures\\\/brigitte-quero-conference-13-mai-2023-bazas#article\",\"isPartOf\":{\"@id\":\"https:\\\/\\\/editionsdudauphin.com\\\/en\\\/conferences-et-signatures\\\/brigitte-quero-conference-13-mai-2023-bazas\"},\"author\":{\"name\":\"presse\",\"@id\":\"https:\\\/\\\/editionsdudauphin.com\\\/en#\\\/schema\\\/person\\\/605e9a19ba195a7dba70be10aabe23e4\"},\"headline\":\"Brigitte Qu\u00e9ro conf\u00e9rence &#8211; 13 mai 2023 &#8211; Bazas\",\"datePublished\":\"2023-05-12T09:22:44+00:00\",\"dateModified\":\"2023-05-12T09:27:23+00:00\",\"mainEntityOfPage\":{\"@id\":\"https:\\\/\\\/editionsdudauphin.com\\\/en\\\/conferences-et-signatures\\\/brigitte-quero-conference-13-mai-2023-bazas\"},\"wordCount\":1208,\"image\":{\"@id\":\"https:\\\/\\\/editionsdudauphin.com\\\/en\\\/conferences-et-signatures\\\/brigitte-quero-conference-13-mai-2023-bazas#primaryimage\"},\"thumbnailUrl\":\"https:\\\/\\\/editionsdudauphin.com\\\/wp-content\\\/uploads\\\/2023\\\/05\\\/Sans-titre-1.jpeg\",\"articleSection\":[\"Conf\u00e9rences &amp; signatures &amp; salons\"],\"inLanguage\":\"en-US\"},{\"@type\":\"WebPage\",\"@id\":\"https:\\\/\\\/editionsdudauphin.com\\\/en\\\/conferences-et-signatures\\\/brigitte-quero-conference-13-mai-2023-bazas\",\"url\":\"https:\\\/\\\/editionsdudauphin.com\\\/en\\\/conferences-et-signatures\\\/brigitte-quero-conference-13-mai-2023-bazas\",\"name\":\"Brigitte Qu\u00e9ro conf\u00e9rence - 13 mai 2023 - Bazas\",\"isPartOf\":{\"@id\":\"https:\\\/\\\/editionsdudauphin.com\\\/en#website\"},\"primaryImageOfPage\":{\"@id\":\"https:\\\/\\\/editionsdudauphin.com\\\/en\\\/conferences-et-signatures\\\/brigitte-quero-conference-13-mai-2023-bazas#primaryimage\"},\"image\":{\"@id\":\"https:\\\/\\\/editionsdudauphin.com\\\/en\\\/conferences-et-signatures\\\/brigitte-quero-conference-13-mai-2023-bazas#primaryimage\"},\"thumbnailUrl\":\"https:\\\/\\\/editionsdudauphin.com\\\/wp-content\\\/uploads\\\/2023\\\/05\\\/Sans-titre-1.jpeg\",\"datePublished\":\"2023-05-12T09:22:44+00:00\",\"dateModified\":\"2023-05-12T09:27:23+00:00\",\"author\":{\"@id\":\"https:\\\/\\\/editionsdudauphin.com\\\/en#\\\/schema\\\/person\\\/605e9a19ba195a7dba70be10aabe23e4\"},\"description\":\"Brigitte Qu\u00e9ro sera en conf\u00e9rence lors de la journ\u00e9e de Bazas, organis\u00e9e par l'association Cyclamen le 13 mai 2023 au domaine de Fompeyre.\",\"breadcrumb\":{\"@id\":\"https:\\\/\\\/editionsdudauphin.com\\\/en\\\/conferences-et-signatures\\\/brigitte-quero-conference-13-mai-2023-bazas#breadcrumb\"},\"inLanguage\":\"en-US\",\"potentialAction\":[{\"@type\":\"ReadAction\",\"target\":[\"https:\\\/\\\/editionsdudauphin.com\\\/en\\\/conferences-et-signatures\\\/brigitte-quero-conference-13-mai-2023-bazas\"]}]},{\"@type\":\"ImageObject\",\"inLanguage\":\"en-US\",\"@id\":\"https:\\\/\\\/editionsdudauphin.com\\\/en\\\/conferences-et-signatures\\\/brigitte-quero-conference-13-mai-2023-bazas#primaryimage\",\"url\":\"https:\\\/\\\/editionsdudauphin.com\\\/wp-content\\\/uploads\\\/2023\\\/05\\\/Sans-titre-1.jpeg\",\"contentUrl\":\"https:\\\/\\\/editionsdudauphin.com\\\/wp-content\\\/uploads\\\/2023\\\/05\\\/Sans-titre-1.jpeg\",\"width\":890,\"height\":555,\"caption\":\"brigitte qu\u00e9ro conf\u00e9rence - 13 mai 2023 - Bazas\"},{\"@type\":\"BreadcrumbList\",\"@id\":\"https:\\\/\\\/editionsdudauphin.com\\\/en\\\/conferences-et-signatures\\\/brigitte-quero-conference-13-mai-2023-bazas#breadcrumb\",\"itemListElement\":[{\"@type\":\"ListItem\",\"position\":1,\"name\":\"Accueil\",\"item\":\"https:\\\/\\\/editionsdudauphin.com\\\/en\"},{\"@type\":\"ListItem\",\"position\":2,\"name\":\"Brigitte Qu\u00e9ro conf\u00e9rence &#8211; 13 mai 2023 &#8211; Bazas\"}]},{\"@type\":\"WebSite\",\"@id\":\"https:\\\/\\\/editionsdudauphin.com\\\/en#website\",\"url\":\"https:\\\/\\\/editionsdudauphin.com\\\/en\",\"name\":\"\u00c9ditions du Dauphin\",\"description\":\"\",\"potentialAction\":[{\"@type\":\"SearchAction\",\"target\":{\"@type\":\"EntryPoint\",\"urlTemplate\":\"https:\\\/\\\/editionsdudauphin.com\\\/en?s={search_term_string}\"},\"query-input\":{\"@type\":\"PropertyValueSpecification\",\"valueRequired\":true,\"valueName\":\"search_term_string\"}}],\"inLanguage\":\"en-US\"},{\"@type\":\"Person\",\"@id\":\"https:\\\/\\\/editionsdudauphin.com\\\/en#\\\/schema\\\/person\\\/605e9a19ba195a7dba70be10aabe23e4\",\"name\":\"presse\",\"image\":{\"@type\":\"ImageObject\",\"inLanguage\":\"en-US\",\"@id\":\"https:\\\/\\\/secure.gravatar.com\\\/avatar\\\/ae91baae35470237c672b962ffa54a1c95ca50502127ca3bc999ed1afa02c958?s=96&d=mm&r=g\",\"url\":\"https:\\\/\\\/secure.gravatar.com\\\/avatar\\\/ae91baae35470237c672b962ffa54a1c95ca50502127ca3bc999ed1afa02c958?s=96&d=mm&r=g\",\"contentUrl\":\"https:\\\/\\\/secure.gravatar.com\\\/avatar\\\/ae91baae35470237c672b962ffa54a1c95ca50502127ca3bc999ed1afa02c958?s=96&d=mm&r=g\",\"caption\":\"presse\"}}]}<\/script>\n<!-- \/ Yoast SEO plugin. -->","yoast_head_json":{"title":"Brigitte Qu\u00e9ro conf\u00e9rence - 13 mai 2023 - Bazas","description":"Brigitte Qu\u00e9ro sera en conf\u00e9rence lors de la journ\u00e9e de Bazas, organis\u00e9e par l'association Cyclamen le 13 mai 2023 au domaine de Fompeyre.","robots":{"index":"index","follow":"follow","max-snippet":"max-snippet:-1","max-image-preview":"max-image-preview:large","max-video-preview":"max-video-preview:-1"},"canonical":"https:\/\/editionsdudauphin.com\/en\/conferences-et-signatures\/brigitte-quero-conference-13-mai-2023-bazas","og_locale":"en_US","og_type":"article","og_title":"Brigitte Qu\u00e9ro conf\u00e9rence - 13 mai 2023 - Bazas","og_description":"Brigitte Qu\u00e9ro sera en conf\u00e9rence lors de la journ\u00e9e de Bazas, organis\u00e9e par l'association Cyclamen le 13 mai 2023 au domaine de Fompeyre.","og_url":"https:\/\/editionsdudauphin.com\/en\/conferences-et-signatures\/brigitte-quero-conference-13-mai-2023-bazas","og_site_name":"\u00c9ditions du Dauphin","article_published_time":"2023-05-12T09:22:44+00:00","article_modified_time":"2023-05-12T09:27:23+00:00","og_image":[{"width":890,"height":555,"url":"https:\/\/editionsdudauphin.com\/wp-content\/uploads\/2023\/05\/Sans-titre-1.jpeg","type":"image\/jpeg"}],"author":"presse","twitter_card":"summary_large_image","twitter_misc":{"Written by":"presse","Est. reading time":"4 minutes"},"schema":{"@context":"https:\/\/schema.org","@graph":[{"@type":"Article","@id":"https:\/\/editionsdudauphin.com\/en\/conferences-et-signatures\/brigitte-quero-conference-13-mai-2023-bazas#article","isPartOf":{"@id":"https:\/\/editionsdudauphin.com\/en\/conferences-et-signatures\/brigitte-quero-conference-13-mai-2023-bazas"},"author":{"name":"presse","@id":"https:\/\/editionsdudauphin.com\/en#\/schema\/person\/605e9a19ba195a7dba70be10aabe23e4"},"headline":"Brigitte Qu\u00e9ro conf\u00e9rence &#8211; 13 mai 2023 &#8211; Bazas","datePublished":"2023-05-12T09:22:44+00:00","dateModified":"2023-05-12T09:27:23+00:00","mainEntityOfPage":{"@id":"https:\/\/editionsdudauphin.com\/en\/conferences-et-signatures\/brigitte-quero-conference-13-mai-2023-bazas"},"wordCount":1208,"image":{"@id":"https:\/\/editionsdudauphin.com\/en\/conferences-et-signatures\/brigitte-quero-conference-13-mai-2023-bazas#primaryimage"},"thumbnailUrl":"https:\/\/editionsdudauphin.com\/wp-content\/uploads\/2023\/05\/Sans-titre-1.jpeg","articleSection":["Conf\u00e9rences &amp; signatures &amp; salons"],"inLanguage":"en-US"},{"@type":"WebPage","@id":"https:\/\/editionsdudauphin.com\/en\/conferences-et-signatures\/brigitte-quero-conference-13-mai-2023-bazas","url":"https:\/\/editionsdudauphin.com\/en\/conferences-et-signatures\/brigitte-quero-conference-13-mai-2023-bazas","name":"Brigitte Qu\u00e9ro conf\u00e9rence - 13 mai 2023 - Bazas","isPartOf":{"@id":"https:\/\/editionsdudauphin.com\/en#website"},"primaryImageOfPage":{"@id":"https:\/\/editionsdudauphin.com\/en\/conferences-et-signatures\/brigitte-quero-conference-13-mai-2023-bazas#primaryimage"},"image":{"@id":"https:\/\/editionsdudauphin.com\/en\/conferences-et-signatures\/brigitte-quero-conference-13-mai-2023-bazas#primaryimage"},"thumbnailUrl":"https:\/\/editionsdudauphin.com\/wp-content\/uploads\/2023\/05\/Sans-titre-1.jpeg","datePublished":"2023-05-12T09:22:44+00:00","dateModified":"2023-05-12T09:27:23+00:00","author":{"@id":"https:\/\/editionsdudauphin.com\/en#\/schema\/person\/605e9a19ba195a7dba70be10aabe23e4"},"description":"Brigitte Qu\u00e9ro sera en conf\u00e9rence lors de la journ\u00e9e de Bazas, organis\u00e9e par l'association Cyclamen le 13 mai 2023 au domaine de Fompeyre.","breadcrumb":{"@id":"https:\/\/editionsdudauphin.com\/en\/conferences-et-signatures\/brigitte-quero-conference-13-mai-2023-bazas#breadcrumb"},"inLanguage":"en-US","potentialAction":[{"@type":"ReadAction","target":["https:\/\/editionsdudauphin.com\/en\/conferences-et-signatures\/brigitte-quero-conference-13-mai-2023-bazas"]}]},{"@type":"ImageObject","inLanguage":"en-US","@id":"https:\/\/editionsdudauphin.com\/en\/conferences-et-signatures\/brigitte-quero-conference-13-mai-2023-bazas#primaryimage","url":"https:\/\/editionsdudauphin.com\/wp-content\/uploads\/2023\/05\/Sans-titre-1.jpeg","contentUrl":"https:\/\/editionsdudauphin.com\/wp-content\/uploads\/2023\/05\/Sans-titre-1.jpeg","width":890,"height":555,"caption":"brigitte qu\u00e9ro conf\u00e9rence - 13 mai 2023 - Bazas"},{"@type":"BreadcrumbList","@id":"https:\/\/editionsdudauphin.com\/en\/conferences-et-signatures\/brigitte-quero-conference-13-mai-2023-bazas#breadcrumb","itemListElement":[{"@type":"ListItem","position":1,"name":"Accueil","item":"https:\/\/editionsdudauphin.com\/en"},{"@type":"ListItem","position":2,"name":"Brigitte Qu\u00e9ro conf\u00e9rence &#8211; 13 mai 2023 &#8211; Bazas"}]},{"@type":"WebSite","@id":"https:\/\/editionsdudauphin.com\/en#website","url":"https:\/\/editionsdudauphin.com\/en","name":"\u00c9ditions du Dauphin","description":"","potentialAction":[{"@type":"SearchAction","target":{"@type":"EntryPoint","urlTemplate":"https:\/\/editionsdudauphin.com\/en?s={search_term_string}"},"query-input":{"@type":"PropertyValueSpecification","valueRequired":true,"valueName":"search_term_string"}}],"inLanguage":"en-US"},{"@type":"Person","@id":"https:\/\/editionsdudauphin.com\/en#\/schema\/person\/605e9a19ba195a7dba70be10aabe23e4","name":"presse","image":{"@type":"ImageObject","inLanguage":"en-US","@id":"https:\/\/secure.gravatar.com\/avatar\/ae91baae35470237c672b962ffa54a1c95ca50502127ca3bc999ed1afa02c958?s=96&d=mm&r=g","url":"https:\/\/secure.gravatar.com\/avatar\/ae91baae35470237c672b962ffa54a1c95ca50502127ca3bc999ed1afa02c958?s=96&d=mm&r=g","contentUrl":"https:\/\/secure.gravatar.com\/avatar\/ae91baae35470237c672b962ffa54a1c95ca50502127ca3bc999ed1afa02c958?s=96&d=mm&r=g","caption":"presse"}}]}},"_links":{"self":[{"href":"https:\/\/editionsdudauphin.com\/en\/wp-json\/wp\/v2\/posts\/15520","targetHints":{"allow":["GET"]}}],"collection":[{"href":"https:\/\/editionsdudauphin.com\/en\/wp-json\/wp\/v2\/posts"}],"about":[{"href":"https:\/\/editionsdudauphin.com\/en\/wp-json\/wp\/v2\/types\/post"}],"author":[{"embeddable":true,"href":"https:\/\/editionsdudauphin.com\/en\/wp-json\/wp\/v2\/users\/12"}],"replies":[{"embeddable":true,"href":"https:\/\/editionsdudauphin.com\/en\/wp-json\/wp\/v2\/comments?post=15520"}],"version-history":[{"count":0,"href":"https:\/\/editionsdudauphin.com\/en\/wp-json\/wp\/v2\/posts\/15520\/revisions"}],"wp:featuredmedia":[{"embeddable":true,"href":"https:\/\/editionsdudauphin.com\/en\/wp-json\/wp\/v2\/media\/15526"}],"wp:attachment":[{"href":"https:\/\/editionsdudauphin.com\/en\/wp-json\/wp\/v2\/media?parent=15520"}],"wp:term":[{"taxonomy":"category","embeddable":true,"href":"https:\/\/editionsdudauphin.com\/en\/wp-json\/wp\/v2\/categories?post=15520"},{"taxonomy":"post_tag","embeddable":true,"href":"https:\/\/editionsdudauphin.com\/en\/wp-json\/wp\/v2\/tags?post=15520"}],"curies":[{"name":"wp","href":"https:\/\/api.w.org\/{rel}","templated":true}]}}