{"id":16348,"date":"2023-10-17T12:45:04","date_gmt":"2023-10-17T10:45:04","guid":{"rendered":"https:\/\/editionsdudauphin.com\/?p=16348"},"modified":"2023-10-17T12:45:04","modified_gmt":"2023-10-17T10:45:04","slug":"salon-zen-bio-13-au-15-octobre-2023-nantes","status":"publish","type":"post","link":"https:\/\/editionsdudauphin.com\/en\/conferences-et-signatures\/salon-zen-bio-13-au-15-octobre-2023-nantes","title":{"rendered":"Salon Zen &#038; Bio &#8211; 13 au 15 octobre 2023 &#8211; Nantes"},"content":{"rendered":"<div class=\"fusion-fullwidth fullwidth-box fusion-builder-row-1 fusion-flex-container has-pattern-background has-mask-background nonhundred-percent-fullwidth non-hundred-percent-height-scrolling\" style=\"--awb-border-radius-top-left:0px;--awb-border-radius-top-right:0px;--awb-border-radius-bottom-right:0px;--awb-border-radius-bottom-left:0px;--awb-flex-wrap:wrap;\" ><div class=\"fusion-builder-row fusion-row fusion-flex-align-items-flex-start fusion-flex-content-wrap\" style=\"max-width:1248px;margin-left: calc(-4% \/ 2 );margin-right: calc(-4% \/ 2 );\"><div class=\"fusion-layout-column fusion_builder_column fusion-builder-column-0 fusion_builder_column_1_1 1_1 fusion-flex-column\" style=\"--awb-bg-size:cover;--awb-width-large:100%;--awb-margin-top-large:0px;--awb-spacing-right-large:1.92%;--awb-margin-bottom-large:20px;--awb-spacing-left-large:1.92%;--awb-width-medium:100%;--awb-order-medium:0;--awb-spacing-right-medium:1.92%;--awb-spacing-left-medium:1.92%;--awb-width-small:100%;--awb-order-small:0;--awb-spacing-right-small:1.92%;--awb-spacing-left-small:1.92%;\"><div class=\"fusion-column-wrapper fusion-column-has-shadow fusion-flex-justify-content-flex-start fusion-content-layout-column\"><div class=\"fusion-text fusion-text-1\"><h2>Le salon Zen &amp; Bio, salon bien-\u00eatre, sant\u00e9 naturelle et \u00e9cologie<\/h2>\n<p>Le salon bien-\u00eatre, sant\u00e9 naturelle et \u00e9cologie ! Un \u00e9v\u00e9nement incontournable pour tous les passionn\u00e9s de bien-\u00eatre, d&#8217;alimentation saine et de mode de vie \u00e9cologique. Les visiteurs auront l&#8217;opportunit\u00e9 de d\u00e9couvrir une vaste s\u00e9lection de produits biologiques de qualit\u00e9 et d&#8217;en apprendre davantage sur les derni\u00e8res innovations dans le domaine du bien-\u00eatre et de la durabilit\u00e9. Les stands des exposants offrent une vari\u00e9t\u00e9 de produits allant des cosm\u00e9tiques biologiques aux compl\u00e9ments alimentaires naturels, en passant par les produits d&#8217;hygi\u00e8ne \u00e9cologiques et les solutions durables pour la maison. Les conf\u00e9rences anim\u00e9es par des experts renomm\u00e9s permettront aux visiteurs de se familiariser avec les derni\u00e8res tendances en mati\u00e8re de sant\u00e9 naturelle, de bien-\u00eatre et d&#8217;\u00e9cologie.<\/p>\n<h3>Le programme du samedi 14 octobre<\/h3>\n<p>Retrouvez notre auteure\u00a0<a href=\"https:\/\/editionsdudauphin.com\/author-book\/sylvia-cordonnier\" target=\"_blank\" rel=\"noopener\">Sylvia Cordonnier<\/a>\u00a0<strong>\u00e0 11h30<\/strong>\u00a0pour une conf\u00e9rence suivie d\u2019une s\u00e9ance de d\u00e9dicaces. Elle vous parlera de son livre \u00ab\u00a0<a href=\"https:\/\/editionsdudauphin.com\/livre\/themes\/spirualite-esoterisme\/esoterisme\/arts-divinatoires\/qi-men-dun-jia-initiation\" target=\"_blank\" rel=\"noopener\">Prendre les bonnes d\u00e9cisions au bon moment, initiation au Qi Men Dun Jia<\/a>\u00ab\u00a0. Vous pourrez \u00e9changer avec elle et repartir avec votre livre d\u00e9dicac\u00e9.<\/p>\n<p><img loading=\"lazy\" decoding=\"async\" class=\"alignnone size-medium wp-image-16167\" src=\"https:\/\/editionsdudauphin.com\/wp-content\/uploads\/2023\/09\/SylviaCordonnier-9-1-225x300.jpg\" alt=\"sylvia cordonnier\" width=\"225\" height=\"300\" srcset=\"https:\/\/editionsdudauphin.com\/wp-content\/uploads\/2023\/09\/SylviaCordonnier-9-1-200x267.jpg 200w, https:\/\/editionsdudauphin.com\/wp-content\/uploads\/2023\/09\/SylviaCordonnier-9-1-225x300.jpg 225w, https:\/\/editionsdudauphin.com\/wp-content\/uploads\/2023\/09\/SylviaCordonnier-9-1-375x500.jpg 375w, https:\/\/editionsdudauphin.com\/wp-content\/uploads\/2023\/09\/SylviaCordonnier-9-1-400x533.jpg 400w, https:\/\/editionsdudauphin.com\/wp-content\/uploads\/2023\/09\/SylviaCordonnier-9-1-500x667.jpg 500w, https:\/\/editionsdudauphin.com\/wp-content\/uploads\/2023\/09\/SylviaCordonnier-9-1-600x800.jpg 600w, https:\/\/editionsdudauphin.com\/wp-content\/uploads\/2023\/09\/SylviaCordonnier-9-1-700x933.jpg 700w, https:\/\/editionsdudauphin.com\/wp-content\/uploads\/2023\/09\/SylviaCordonnier-9-1-768x1024.jpg 768w, https:\/\/editionsdudauphin.com\/wp-content\/uploads\/2023\/09\/SylviaCordonnier-9-1-800x1067.jpg 800w, https:\/\/editionsdudauphin.com\/wp-content\/uploads\/2023\/09\/SylviaCordonnier-9-1-1152x1536.jpg 1152w, https:\/\/editionsdudauphin.com\/wp-content\/uploads\/2023\/09\/SylviaCordonnier-9-1-1200x1600.jpg 1200w, https:\/\/editionsdudauphin.com\/wp-content\/uploads\/2023\/09\/SylviaCordonnier-9-1.jpg 1440w\" sizes=\"auto, (max-width: 225px) 100vw, 225px\" \/><\/p>\n<p>Auteure passionn\u00e9e, elle partage \u00e0 travers son livre ses conseils pour vous aider \u00e0 suivre une vie plus \u00e9panouie en apprenant \u00e0 savoir quand prendre les bonnes d\u00e9cisions au bon moment.<\/p>\n<p>Que vous soyez d\u00e9butants ou professionnels, hommes\/femmes d\u2019affaires ou dirigeants ou simplement en qu\u00eate de r\u00e9ponses comme nous tous, ce livre est fait pour vous.<\/p>\n<p>Vous souhaitez vous marier, est-ce le bon moment pour en discuter ?<\/p>\n<p>Vous souhaitez vendre votre maison, est-ce le bon moment ?<\/p>\n<p>N\u2019attendez plus la r\u00e9ponse, vous la trouverez au salon avec Sylvia Cordonnier.<\/p>\n<h3>Le programme du dimanche 15 octobre<\/h3>\n<p>Retrouvez notre auteure Anne-Laure Boselli\u00a0<strong>\u00e0 11h30<\/strong>\u00a0pour une conf\u00e9rence suivie d\u2019une s\u00e9ance de d\u00e9dicaces. Elle vous parlera de son livre \u00ab\u00a0<a href=\"https:\/\/editionsdudauphin.com\/livre\/themes\/developpement-personnel-psycho\/developpement-personnel\/decouvrir-son-royaume-interieur\" target=\"_blank\" rel=\"noopener\">d\u00e9couvrir son royaume int\u00e9rieur<\/a>\u00ab\u00a0. Vous pourrez \u00e9changer avec elle et repartir avec votre livre d\u00e9dicac\u00e9.<\/p>\n<p><img loading=\"lazy\" decoding=\"async\" class=\"alignnone size-medium wp-image-16170\" src=\"https:\/\/editionsdudauphin.com\/wp-content\/uploads\/2023\/09\/ALB-242x300.jpg\" alt=\"Anne Laure Boselli\" width=\"242\" height=\"300\" srcset=\"https:\/\/editionsdudauphin.com\/wp-content\/uploads\/2023\/09\/ALB-200x248.jpg 200w, https:\/\/editionsdudauphin.com\/wp-content\/uploads\/2023\/09\/ALB-242x300.jpg 242w, https:\/\/editionsdudauphin.com\/wp-content\/uploads\/2023\/09\/ALB-400x497.jpg 400w, https:\/\/editionsdudauphin.com\/wp-content\/uploads\/2023\/09\/ALB-403x500.jpg 403w, https:\/\/editionsdudauphin.com\/wp-content\/uploads\/2023\/09\/ALB-500x621.jpg 500w, https:\/\/editionsdudauphin.com\/wp-content\/uploads\/2023\/09\/ALB-600x745.jpg 600w, https:\/\/editionsdudauphin.com\/wp-content\/uploads\/2023\/09\/ALB-700x869.jpg 700w, https:\/\/editionsdudauphin.com\/wp-content\/uploads\/2023\/09\/ALB-768x954.jpg 768w, https:\/\/editionsdudauphin.com\/wp-content\/uploads\/2023\/09\/ALB-800x994.jpg 800w, https:\/\/editionsdudauphin.com\/wp-content\/uploads\/2023\/09\/ALB-825x1024.jpg 825w, https:\/\/editionsdudauphin.com\/wp-content\/uploads\/2023\/09\/ALB.jpg 864w\" sizes=\"auto, (max-width: 242px) 100vw, 242px\" \/><\/p>\n<p>Vous \u00eates \u00e0 la recherche de r\u00e9ponses \u00e0 vos questions existentielles ? Vous souhaitez d\u00e9couvrir les cl\u00e9s du d\u00e9veloppement personnel pour une vie \u00e9panouissante ? Alors ne manquez pas l\u2019opportunit\u00e9 de rencontrer Anne-Laure Boselli ! Psychopraticienne en th\u00e9rapies br\u00e8ves et coach en d\u00e9veloppement personnel, Anne-Laure Boselli a consacr\u00e9 sa carri\u00e8re \u00e0 aider les individus \u00e0 trouver leur place dans le monde et \u00e0 s\u2019\u00e9panouir. Elle vous invite \u00e0 plonger dans son univers et vous partagera ses connaissances et son exp\u00e9rience. Avant de se consacrer au bien-\u00eatre des individus, Anne-Laure \u00e9voluait dans le monde du spectacle vivant et de la culture. Son parcours atypique lui a permis d\u2019acqu\u00e9rir une perspective unique sur les d\u00e9fis de l\u2019existence, et elle est d\u00e9sormais d\u00e9termin\u00e9e \u00e0 rendre accessible \u00e0 tous les outils du d\u00e9veloppement personnel.<\/p>\n<h2>Informations pratiques<\/h2>\n<p>Pour r\u00e9cup\u00e9rer votre entr\u00e9e gratuite, <a href=\"https:\/\/www.salon-zenetbio.com\/nantes\/zen-bio-nantes-2\/\" target=\"_blank\" rel=\"noopener\">c&#8217;est ici<\/a><\/p>\n<p>Pour toutes les informations relatives au salon, <a href=\"https:\/\/www.salon-zenetbio.com\/nantes\/nantes\/informations-pratiques\/\" target=\"_blank\" rel=\"noopener\">cliquez ici<\/a><\/p>\n<p>Pour acc\u00e9der au salon, <a href=\"https:\/\/www.salon-zenetbio.com\/nantes\/nantes\/acceder-au-salon\/\" target=\"_blank\" rel=\"noopener\">rendez-vous ici<\/a><\/p>\n<\/div><\/div><\/div><\/div><\/div>\n","protected":false},"excerpt":{"rendered":"","protected":false},"author":12,"featured_media":16350,"comment_status":"closed","ping_status":"closed","sticky":false,"template":"","format":"standard","meta":{"_acf_changed":false,"wpupg_custom_link":[],"wpupg_custom_link_behaviour":["default"],"wpupg_custom_link_nofollow":[],"wpupg_custom_image":[],"wpupg_custom_image_id":[],"footnotes":""},"categories":[136],"tags":[],"class_list":["post-16348","post","type-post","status-publish","format-standard","has-post-thumbnail","hentry","category-conferences-et-signatures"],"acf":[],"yoast_head":"<!-- This site is optimized with the Yoast SEO plugin v27.4 - https:\/\/yoast.com\/product\/yoast-seo-wordpress\/ -->\n<title>Salon Zen &amp; Bio - 13 au 15 octobre 2023 - Nantes<\/title>\n<meta name=\"description\" content=\"Retrouvez nos auteures au salon Zen &amp; Bio \u00e0 Nantes, salon bien-\u00eatre, sant\u00e9 naturelle et \u00e9cologie et repartez avec votre livre d\u00e9dicac\u00e9.\" \/>\n<meta name=\"robots\" content=\"index, follow, max-snippet:-1, max-image-preview:large, max-video-preview:-1\" \/>\n<link rel=\"canonical\" href=\"https:\/\/editionsdudauphin.com\/en\/conferences-et-signatures\/salon-zen-bio-13-au-15-octobre-2023-nantes\" \/>\n<meta property=\"og:locale\" content=\"en_US\" \/>\n<meta property=\"og:type\" content=\"article\" \/>\n<meta property=\"og:title\" content=\"Salon Zen &amp; Bio - 13 au 15 octobre 2023 - Nantes\" \/>\n<meta property=\"og:description\" content=\"Retrouvez nos auteures au salon Zen &amp; Bio \u00e0 Nantes, salon bien-\u00eatre, sant\u00e9 naturelle et \u00e9cologie et repartez avec votre livre d\u00e9dicac\u00e9.\" \/>\n<meta property=\"og:url\" content=\"https:\/\/editionsdudauphin.com\/en\/conferences-et-signatures\/salon-zen-bio-13-au-15-octobre-2023-nantes\" \/>\n<meta property=\"og:site_name\" content=\"\u00c9ditions du Dauphin\" \/>\n<meta property=\"article:published_time\" content=\"2023-10-17T10:45:04+00:00\" \/>\n<meta property=\"og:image\" content=\"https:\/\/editionsdudauphin.com\/wp-content\/uploads\/2023\/10\/6.jpg\" \/>\n\t<meta property=\"og:image:width\" content=\"1920\" \/>\n\t<meta property=\"og:image:height\" content=\"1200\" \/>\n\t<meta property=\"og:image:type\" content=\"image\/jpeg\" \/>\n<meta name=\"author\" content=\"presse\" \/>\n<meta name=\"twitter:card\" content=\"summary_large_image\" \/>\n<meta name=\"twitter:label1\" content=\"Written by\" \/>\n\t<meta name=\"twitter:data1\" content=\"presse\" \/>\n\t<meta name=\"twitter:label2\" content=\"Est. reading time\" \/>\n\t<meta name=\"twitter:data2\" content=\"5 minutes\" \/>\n<script type=\"application\/ld+json\" class=\"yoast-schema-graph\">{\"@context\":\"https:\\\/\\\/schema.org\",\"@graph\":[{\"@type\":\"Article\",\"@id\":\"https:\\\/\\\/editionsdudauphin.com\\\/en\\\/conferences-et-signatures\\\/salon-zen-bio-13-au-15-octobre-2023-nantes#article\",\"isPartOf\":{\"@id\":\"https:\\\/\\\/editionsdudauphin.com\\\/en\\\/conferences-et-signatures\\\/salon-zen-bio-13-au-15-octobre-2023-nantes\"},\"author\":{\"name\":\"presse\",\"@id\":\"https:\\\/\\\/editionsdudauphin.com\\\/en#\\\/schema\\\/person\\\/605e9a19ba195a7dba70be10aabe23e4\"},\"headline\":\"Salon Zen &#038; Bio &#8211; 13 au 15 octobre 2023 &#8211; Nantes\",\"datePublished\":\"2023-10-17T10:45:04+00:00\",\"mainEntityOfPage\":{\"@id\":\"https:\\\/\\\/editionsdudauphin.com\\\/en\\\/conferences-et-signatures\\\/salon-zen-bio-13-au-15-octobre-2023-nantes\"},\"wordCount\":1273,\"image\":{\"@id\":\"https:\\\/\\\/editionsdudauphin.com\\\/en\\\/conferences-et-signatures\\\/salon-zen-bio-13-au-15-octobre-2023-nantes#primaryimage\"},\"thumbnailUrl\":\"https:\\\/\\\/editionsdudauphin.com\\\/wp-content\\\/uploads\\\/2023\\\/10\\\/6.jpg\",\"articleSection\":[\"Conf\u00e9rences &amp; signatures &amp; salons\"],\"inLanguage\":\"en-US\"},{\"@type\":\"WebPage\",\"@id\":\"https:\\\/\\\/editionsdudauphin.com\\\/en\\\/conferences-et-signatures\\\/salon-zen-bio-13-au-15-octobre-2023-nantes\",\"url\":\"https:\\\/\\\/editionsdudauphin.com\\\/en\\\/conferences-et-signatures\\\/salon-zen-bio-13-au-15-octobre-2023-nantes\",\"name\":\"Salon Zen & Bio - 13 au 15 octobre 2023 - Nantes\",\"isPartOf\":{\"@id\":\"https:\\\/\\\/editionsdudauphin.com\\\/en#website\"},\"primaryImageOfPage\":{\"@id\":\"https:\\\/\\\/editionsdudauphin.com\\\/en\\\/conferences-et-signatures\\\/salon-zen-bio-13-au-15-octobre-2023-nantes#primaryimage\"},\"image\":{\"@id\":\"https:\\\/\\\/editionsdudauphin.com\\\/en\\\/conferences-et-signatures\\\/salon-zen-bio-13-au-15-octobre-2023-nantes#primaryimage\"},\"thumbnailUrl\":\"https:\\\/\\\/editionsdudauphin.com\\\/wp-content\\\/uploads\\\/2023\\\/10\\\/6.jpg\",\"datePublished\":\"2023-10-17T10:45:04+00:00\",\"author\":{\"@id\":\"https:\\\/\\\/editionsdudauphin.com\\\/en#\\\/schema\\\/person\\\/605e9a19ba195a7dba70be10aabe23e4\"},\"description\":\"Retrouvez nos auteures au salon Zen & Bio \u00e0 Nantes, salon bien-\u00eatre, sant\u00e9 naturelle et \u00e9cologie et repartez avec votre livre d\u00e9dicac\u00e9.\",\"breadcrumb\":{\"@id\":\"https:\\\/\\\/editionsdudauphin.com\\\/en\\\/conferences-et-signatures\\\/salon-zen-bio-13-au-15-octobre-2023-nantes#breadcrumb\"},\"inLanguage\":\"en-US\",\"potentialAction\":[{\"@type\":\"ReadAction\",\"target\":[\"https:\\\/\\\/editionsdudauphin.com\\\/en\\\/conferences-et-signatures\\\/salon-zen-bio-13-au-15-octobre-2023-nantes\"]}]},{\"@type\":\"ImageObject\",\"inLanguage\":\"en-US\",\"@id\":\"https:\\\/\\\/editionsdudauphin.com\\\/en\\\/conferences-et-signatures\\\/salon-zen-bio-13-au-15-octobre-2023-nantes#primaryimage\",\"url\":\"https:\\\/\\\/editionsdudauphin.com\\\/wp-content\\\/uploads\\\/2023\\\/10\\\/6.jpg\",\"contentUrl\":\"https:\\\/\\\/editionsdudauphin.com\\\/wp-content\\\/uploads\\\/2023\\\/10\\\/6.jpg\",\"width\":1920,\"height\":1200,\"caption\":\"salon zen & bio - 13 au 15 octobre 2023 - Nantes\"},{\"@type\":\"BreadcrumbList\",\"@id\":\"https:\\\/\\\/editionsdudauphin.com\\\/en\\\/conferences-et-signatures\\\/salon-zen-bio-13-au-15-octobre-2023-nantes#breadcrumb\",\"itemListElement\":[{\"@type\":\"ListItem\",\"position\":1,\"name\":\"Accueil\",\"item\":\"https:\\\/\\\/editionsdudauphin.com\\\/en\"},{\"@type\":\"ListItem\",\"position\":2,\"name\":\"Salon Zen &#038; Bio &#8211; 13 au 15 octobre 2023 &#8211; Nantes\"}]},{\"@type\":\"WebSite\",\"@id\":\"https:\\\/\\\/editionsdudauphin.com\\\/en#website\",\"url\":\"https:\\\/\\\/editionsdudauphin.com\\\/en\",\"name\":\"\u00c9ditions du Dauphin\",\"description\":\"\",\"potentialAction\":[{\"@type\":\"SearchAction\",\"target\":{\"@type\":\"EntryPoint\",\"urlTemplate\":\"https:\\\/\\\/editionsdudauphin.com\\\/en?s={search_term_string}\"},\"query-input\":{\"@type\":\"PropertyValueSpecification\",\"valueRequired\":true,\"valueName\":\"search_term_string\"}}],\"inLanguage\":\"en-US\"},{\"@type\":\"Person\",\"@id\":\"https:\\\/\\\/editionsdudauphin.com\\\/en#\\\/schema\\\/person\\\/605e9a19ba195a7dba70be10aabe23e4\",\"name\":\"presse\",\"image\":{\"@type\":\"ImageObject\",\"inLanguage\":\"en-US\",\"@id\":\"https:\\\/\\\/secure.gravatar.com\\\/avatar\\\/ae91baae35470237c672b962ffa54a1c95ca50502127ca3bc999ed1afa02c958?s=96&d=mm&r=g\",\"url\":\"https:\\\/\\\/secure.gravatar.com\\\/avatar\\\/ae91baae35470237c672b962ffa54a1c95ca50502127ca3bc999ed1afa02c958?s=96&d=mm&r=g\",\"contentUrl\":\"https:\\\/\\\/secure.gravatar.com\\\/avatar\\\/ae91baae35470237c672b962ffa54a1c95ca50502127ca3bc999ed1afa02c958?s=96&d=mm&r=g\",\"caption\":\"presse\"}}]}<\/script>\n<!-- \/ Yoast SEO plugin. -->","yoast_head_json":{"title":"Salon Zen & Bio - 13 au 15 octobre 2023 - Nantes","description":"Retrouvez nos auteures au salon Zen & Bio \u00e0 Nantes, salon bien-\u00eatre, sant\u00e9 naturelle et \u00e9cologie et repartez avec votre livre d\u00e9dicac\u00e9.","robots":{"index":"index","follow":"follow","max-snippet":"max-snippet:-1","max-image-preview":"max-image-preview:large","max-video-preview":"max-video-preview:-1"},"canonical":"https:\/\/editionsdudauphin.com\/en\/conferences-et-signatures\/salon-zen-bio-13-au-15-octobre-2023-nantes","og_locale":"en_US","og_type":"article","og_title":"Salon Zen & Bio - 13 au 15 octobre 2023 - Nantes","og_description":"Retrouvez nos auteures au salon Zen & Bio \u00e0 Nantes, salon bien-\u00eatre, sant\u00e9 naturelle et \u00e9cologie et repartez avec votre livre d\u00e9dicac\u00e9.","og_url":"https:\/\/editionsdudauphin.com\/en\/conferences-et-signatures\/salon-zen-bio-13-au-15-octobre-2023-nantes","og_site_name":"\u00c9ditions du Dauphin","article_published_time":"2023-10-17T10:45:04+00:00","og_image":[{"width":1920,"height":1200,"url":"https:\/\/editionsdudauphin.com\/wp-content\/uploads\/2023\/10\/6.jpg","type":"image\/jpeg"}],"author":"presse","twitter_card":"summary_large_image","twitter_misc":{"Written by":"presse","Est. reading time":"5 minutes"},"schema":{"@context":"https:\/\/schema.org","@graph":[{"@type":"Article","@id":"https:\/\/editionsdudauphin.com\/en\/conferences-et-signatures\/salon-zen-bio-13-au-15-octobre-2023-nantes#article","isPartOf":{"@id":"https:\/\/editionsdudauphin.com\/en\/conferences-et-signatures\/salon-zen-bio-13-au-15-octobre-2023-nantes"},"author":{"name":"presse","@id":"https:\/\/editionsdudauphin.com\/en#\/schema\/person\/605e9a19ba195a7dba70be10aabe23e4"},"headline":"Salon Zen &#038; Bio &#8211; 13 au 15 octobre 2023 &#8211; Nantes","datePublished":"2023-10-17T10:45:04+00:00","mainEntityOfPage":{"@id":"https:\/\/editionsdudauphin.com\/en\/conferences-et-signatures\/salon-zen-bio-13-au-15-octobre-2023-nantes"},"wordCount":1273,"image":{"@id":"https:\/\/editionsdudauphin.com\/en\/conferences-et-signatures\/salon-zen-bio-13-au-15-octobre-2023-nantes#primaryimage"},"thumbnailUrl":"https:\/\/editionsdudauphin.com\/wp-content\/uploads\/2023\/10\/6.jpg","articleSection":["Conf\u00e9rences &amp; signatures &amp; salons"],"inLanguage":"en-US"},{"@type":"WebPage","@id":"https:\/\/editionsdudauphin.com\/en\/conferences-et-signatures\/salon-zen-bio-13-au-15-octobre-2023-nantes","url":"https:\/\/editionsdudauphin.com\/en\/conferences-et-signatures\/salon-zen-bio-13-au-15-octobre-2023-nantes","name":"Salon Zen & Bio - 13 au 15 octobre 2023 - Nantes","isPartOf":{"@id":"https:\/\/editionsdudauphin.com\/en#website"},"primaryImageOfPage":{"@id":"https:\/\/editionsdudauphin.com\/en\/conferences-et-signatures\/salon-zen-bio-13-au-15-octobre-2023-nantes#primaryimage"},"image":{"@id":"https:\/\/editionsdudauphin.com\/en\/conferences-et-signatures\/salon-zen-bio-13-au-15-octobre-2023-nantes#primaryimage"},"thumbnailUrl":"https:\/\/editionsdudauphin.com\/wp-content\/uploads\/2023\/10\/6.jpg","datePublished":"2023-10-17T10:45:04+00:00","author":{"@id":"https:\/\/editionsdudauphin.com\/en#\/schema\/person\/605e9a19ba195a7dba70be10aabe23e4"},"description":"Retrouvez nos auteures au salon Zen & Bio \u00e0 Nantes, salon bien-\u00eatre, sant\u00e9 naturelle et \u00e9cologie et repartez avec votre livre d\u00e9dicac\u00e9.","breadcrumb":{"@id":"https:\/\/editionsdudauphin.com\/en\/conferences-et-signatures\/salon-zen-bio-13-au-15-octobre-2023-nantes#breadcrumb"},"inLanguage":"en-US","potentialAction":[{"@type":"ReadAction","target":["https:\/\/editionsdudauphin.com\/en\/conferences-et-signatures\/salon-zen-bio-13-au-15-octobre-2023-nantes"]}]},{"@type":"ImageObject","inLanguage":"en-US","@id":"https:\/\/editionsdudauphin.com\/en\/conferences-et-signatures\/salon-zen-bio-13-au-15-octobre-2023-nantes#primaryimage","url":"https:\/\/editionsdudauphin.com\/wp-content\/uploads\/2023\/10\/6.jpg","contentUrl":"https:\/\/editionsdudauphin.com\/wp-content\/uploads\/2023\/10\/6.jpg","width":1920,"height":1200,"caption":"salon zen & bio - 13 au 15 octobre 2023 - Nantes"},{"@type":"BreadcrumbList","@id":"https:\/\/editionsdudauphin.com\/en\/conferences-et-signatures\/salon-zen-bio-13-au-15-octobre-2023-nantes#breadcrumb","itemListElement":[{"@type":"ListItem","position":1,"name":"Accueil","item":"https:\/\/editionsdudauphin.com\/en"},{"@type":"ListItem","position":2,"name":"Salon Zen &#038; Bio &#8211; 13 au 15 octobre 2023 &#8211; Nantes"}]},{"@type":"WebSite","@id":"https:\/\/editionsdudauphin.com\/en#website","url":"https:\/\/editionsdudauphin.com\/en","name":"\u00c9ditions du Dauphin","description":"","potentialAction":[{"@type":"SearchAction","target":{"@type":"EntryPoint","urlTemplate":"https:\/\/editionsdudauphin.com\/en?s={search_term_string}"},"query-input":{"@type":"PropertyValueSpecification","valueRequired":true,"valueName":"search_term_string"}}],"inLanguage":"en-US"},{"@type":"Person","@id":"https:\/\/editionsdudauphin.com\/en#\/schema\/person\/605e9a19ba195a7dba70be10aabe23e4","name":"presse","image":{"@type":"ImageObject","inLanguage":"en-US","@id":"https:\/\/secure.gravatar.com\/avatar\/ae91baae35470237c672b962ffa54a1c95ca50502127ca3bc999ed1afa02c958?s=96&d=mm&r=g","url":"https:\/\/secure.gravatar.com\/avatar\/ae91baae35470237c672b962ffa54a1c95ca50502127ca3bc999ed1afa02c958?s=96&d=mm&r=g","contentUrl":"https:\/\/secure.gravatar.com\/avatar\/ae91baae35470237c672b962ffa54a1c95ca50502127ca3bc999ed1afa02c958?s=96&d=mm&r=g","caption":"presse"}}]}},"_links":{"self":[{"href":"https:\/\/editionsdudauphin.com\/en\/wp-json\/wp\/v2\/posts\/16348","targetHints":{"allow":["GET"]}}],"collection":[{"href":"https:\/\/editionsdudauphin.com\/en\/wp-json\/wp\/v2\/posts"}],"about":[{"href":"https:\/\/editionsdudauphin.com\/en\/wp-json\/wp\/v2\/types\/post"}],"author":[{"embeddable":true,"href":"https:\/\/editionsdudauphin.com\/en\/wp-json\/wp\/v2\/users\/12"}],"replies":[{"embeddable":true,"href":"https:\/\/editionsdudauphin.com\/en\/wp-json\/wp\/v2\/comments?post=16348"}],"version-history":[{"count":0,"href":"https:\/\/editionsdudauphin.com\/en\/wp-json\/wp\/v2\/posts\/16348\/revisions"}],"wp:featuredmedia":[{"embeddable":true,"href":"https:\/\/editionsdudauphin.com\/en\/wp-json\/wp\/v2\/media\/16350"}],"wp:attachment":[{"href":"https:\/\/editionsdudauphin.com\/en\/wp-json\/wp\/v2\/media?parent=16348"}],"wp:term":[{"taxonomy":"category","embeddable":true,"href":"https:\/\/editionsdudauphin.com\/en\/wp-json\/wp\/v2\/categories?post=16348"},{"taxonomy":"post_tag","embeddable":true,"href":"https:\/\/editionsdudauphin.com\/en\/wp-json\/wp\/v2\/tags?post=16348"}],"curies":[{"name":"wp","href":"https:\/\/api.w.org\/{rel}","templated":true}]}}