{"id":16355,"date":"2023-10-17T13:00:38","date_gmt":"2023-10-17T11:00:38","guid":{"rendered":"https:\/\/editionsdudauphin.com\/?p=16355"},"modified":"2023-10-17T13:03:29","modified_gmt":"2023-10-17T11:03:29","slug":"salon-artemisia-20-au-22-octobre-2023-marseille","status":"publish","type":"post","link":"https:\/\/editionsdudauphin.com\/en\/conferences-et-signatures\/salon-artemisia-20-au-22-octobre-2023-marseille","title":{"rendered":"Salon Artemisia &#8211; 20 au 22 octobre 2023 &#8211; Marseille"},"content":{"rendered":"<div class=\"fusion-fullwidth fullwidth-box fusion-builder-row-1 fusion-flex-container has-pattern-background has-mask-background nonhundred-percent-fullwidth non-hundred-percent-height-scrolling\" style=\"--awb-border-radius-top-left:0px;--awb-border-radius-top-right:0px;--awb-border-radius-bottom-right:0px;--awb-border-radius-bottom-left:0px;--awb-flex-wrap:wrap;\" ><div class=\"fusion-builder-row fusion-row fusion-flex-align-items-flex-start fusion-flex-content-wrap\" style=\"max-width:1248px;margin-left: calc(-4% \/ 2 );margin-right: calc(-4% \/ 2 );\"><div class=\"fusion-layout-column fusion_builder_column fusion-builder-column-0 fusion_builder_column_1_1 1_1 fusion-flex-column\" style=\"--awb-bg-size:cover;--awb-width-large:100%;--awb-margin-top-large:0px;--awb-spacing-right-large:1.92%;--awb-margin-bottom-large:20px;--awb-spacing-left-large:1.92%;--awb-width-medium:100%;--awb-order-medium:0;--awb-spacing-right-medium:1.92%;--awb-spacing-left-medium:1.92%;--awb-width-small:100%;--awb-order-small:0;--awb-spacing-right-small:1.92%;--awb-spacing-left-small:1.92%;\"><div class=\"fusion-column-wrapper fusion-column-has-shadow fusion-flex-justify-content-flex-start fusion-content-layout-column\"><div class=\"fusion-text fusion-text-1\"><h2>Le salon Artemisia, salon bien-\u00eatre et sant\u00e9 naturelle<\/h2>\n<p>Le salon bien-\u00eatre et sant\u00e9 naturelle ! Le rendez-vous incontournable des passionn\u00e9s de bien-\u00eatre, de d\u00e9veloppement personnel et de produits naturels. Fond\u00e9 avec l&#8217;ambition de promouvoir une vie saine et \u00e9quilibr\u00e9e, ce salon prestigieux r\u00e9unit les esprits curieux, les amateurs de produits naturels et les adeptes des pratiques de bien-\u00eatre.<\/p>\n<p>Les conf\u00e9rences anim\u00e9es par des experts renomm\u00e9s dans les domaines du bien-\u00eatre et du d\u00e9veloppement personnel offrent un aper\u00e7u pr\u00e9cieux des derni\u00e8res tendances et avanc\u00e9es dans ces domaines, tandis que les espaces d\u00e9di\u00e9s aux d\u00e9monstrations pratiques permettent aux visiteurs d&#8217;exp\u00e9rimenter de premi\u00e8re main les bienfaits de diverses approches de bien-\u00eatre.<\/p>\n<p>Que vous soyez \u00e0 la recherche de produits de beaut\u00e9 naturels, de conseils en nutrition, d&#8217;inspiration pour un mode de vie sain, ou tout simplement d\u00e9sireux d&#8217;explorer les derni\u00e8res tendances en mati\u00e8re de bien-\u00eatre, le Salon Artemisia saura vous offrir une exp\u00e9rience enrichissante et inspirante.<\/p>\n<h3>Le programme du vendredi 20 octobre<\/h3>\n<p>Retrouvez notre auteure <a href=\"https:\/\/editionsdudauphin.com\/author-book\/aline-despeisse-laine\" target=\"_blank\" rel=\"noopener\">Aline Despeisse<\/a> <strong>\u00e0 11h30<\/strong> pour une conf\u00e9rence suivie d\u2019une s\u00e9ance de d\u00e9dicaces. Elle vous parlera de son livre \u00ab<a href=\"https:\/\/editionsdudauphin.com\/livre\/themes\/bien-etre-sante\/sante\/medecine-chinoise\/manuel-dauto-reflexologie\" target=\"_blank\" rel=\"noopener\">Manuel d&#8217;auto-r\u00e9flexologie, 70 exercices de la t\u00eate aux pieds<\/a>&#8221;\u00a0. Vous pourrez \u00e9changer avec elle et repartir avec votre livre d\u00e9dicac\u00e9.<\/p>\n<p><img loading=\"lazy\" decoding=\"async\" class=\"alignnone size-medium wp-image-14781\" src=\"https:\/\/editionsdudauphin.com\/wp-content\/uploads\/2019\/01\/Aline_despeisse-280x300.jpg\" alt=\"Aline Despeisse\" width=\"280\" height=\"300\" srcset=\"https:\/\/editionsdudauphin.com\/wp-content\/uploads\/2019\/01\/Aline_despeisse-200x214.jpg 200w, https:\/\/editionsdudauphin.com\/wp-content\/uploads\/2019\/01\/Aline_despeisse-280x300.jpg 280w, https:\/\/editionsdudauphin.com\/wp-content\/uploads\/2019\/01\/Aline_despeisse-400x428.jpg 400w, https:\/\/editionsdudauphin.com\/wp-content\/uploads\/2019\/01\/Aline_despeisse-467x500.jpg 467w, https:\/\/editionsdudauphin.com\/wp-content\/uploads\/2019\/01\/Aline_despeisse-500x535.jpg 500w, https:\/\/editionsdudauphin.com\/wp-content\/uploads\/2019\/01\/Aline_despeisse-600x642.jpg 600w, https:\/\/editionsdudauphin.com\/wp-content\/uploads\/2019\/01\/Aline_despeisse-700x749.jpg 700w, https:\/\/editionsdudauphin.com\/wp-content\/uploads\/2019\/01\/Aline_despeisse-768x822.jpg 768w, https:\/\/editionsdudauphin.com\/wp-content\/uploads\/2019\/01\/Aline_despeisse-800x856.jpg 800w, https:\/\/editionsdudauphin.com\/wp-content\/uploads\/2019\/01\/Aline_despeisse-957x1024.jpg 957w, https:\/\/editionsdudauphin.com\/wp-content\/uploads\/2019\/01\/Aline_despeisse-1200x1285.jpg 1200w, https:\/\/editionsdudauphin.com\/wp-content\/uploads\/2019\/01\/Aline_despeisse-1435x1536.jpg 1435w, https:\/\/editionsdudauphin.com\/wp-content\/uploads\/2019\/01\/Aline_despeisse-1913x2048.jpg 1913w\" sizes=\"auto, (max-width: 280px) 100vw, 280px\" \/><\/p>\n<p>Aline Despeisse, d&#8217;origine franco-vietnamienne, a consacr\u00e9 pr\u00e8s de 50 ans \u00e0 la pratique et \u00e0 l&#8217;enseignement des techniques de m\u00e9decine chinoise dans une perspective holistique. Enrichissant son savoir-faire par ses comp\u00e9tences en phytoth\u00e9rapie, en kin\u00e9siologie et en th\u00e9rapie florale de Bach, elle a \u00e9tabli sa pratique de th\u00e9rapeute et d&#8217;animatrice d&#8217;ateliers de r\u00e9flexologie, prodiguant ses soins et ses connaissances pr\u00e8s d&#8217;Avignon \u00e0 un large \u00e9ventail de publics, quel que soit leur \u00e2ge.<\/p>\n<h3>Le programme du dimanche 22 octobre<\/h3>\n<p>Retrouvez notre auteure\u00a0<a href=\"https:\/\/editionsdudauphin.com\/author-book\/sylvia-cordonnier\" target=\"_blank\" rel=\"noopener\">Sylvia Cordonnier<\/a>\u00a0<strong>\u00e0 11h30<\/strong>\u00a0pour une conf\u00e9rence suivie d\u2019une s\u00e9ance de d\u00e9dicaces. Elle vous parlera de son livre \u00ab\u00a0<a href=\"https:\/\/editionsdudauphin.com\/livre\/themes\/spirualite-esoterisme\/esoterisme\/arts-divinatoires\/qi-men-dun-jia-initiation\" target=\"_blank\" rel=\"noopener\">Prendre les bonnes d\u00e9cisions au bon moment, initiation au Qi Men Dun Jia<\/a>\u00ab\u00a0. Vous pourrez \u00e9changer avec elle et repartir avec votre livre d\u00e9dicac\u00e9.<\/p>\n<p><img loading=\"lazy\" decoding=\"async\" class=\"alignnone size-medium wp-image-16167\" src=\"https:\/\/editionsdudauphin.com\/wp-content\/uploads\/2023\/09\/SylviaCordonnier-9-1-225x300.jpg\" alt=\"sylvia cordonnier\" width=\"225\" height=\"300\" srcset=\"https:\/\/editionsdudauphin.com\/wp-content\/uploads\/2023\/09\/SylviaCordonnier-9-1-200x267.jpg 200w, https:\/\/editionsdudauphin.com\/wp-content\/uploads\/2023\/09\/SylviaCordonnier-9-1-225x300.jpg 225w, https:\/\/editionsdudauphin.com\/wp-content\/uploads\/2023\/09\/SylviaCordonnier-9-1-375x500.jpg 375w, https:\/\/editionsdudauphin.com\/wp-content\/uploads\/2023\/09\/SylviaCordonnier-9-1-400x533.jpg 400w, https:\/\/editionsdudauphin.com\/wp-content\/uploads\/2023\/09\/SylviaCordonnier-9-1-500x667.jpg 500w, https:\/\/editionsdudauphin.com\/wp-content\/uploads\/2023\/09\/SylviaCordonnier-9-1-600x800.jpg 600w, https:\/\/editionsdudauphin.com\/wp-content\/uploads\/2023\/09\/SylviaCordonnier-9-1-700x933.jpg 700w, https:\/\/editionsdudauphin.com\/wp-content\/uploads\/2023\/09\/SylviaCordonnier-9-1-768x1024.jpg 768w, https:\/\/editionsdudauphin.com\/wp-content\/uploads\/2023\/09\/SylviaCordonnier-9-1-800x1067.jpg 800w, https:\/\/editionsdudauphin.com\/wp-content\/uploads\/2023\/09\/SylviaCordonnier-9-1-1152x1536.jpg 1152w, https:\/\/editionsdudauphin.com\/wp-content\/uploads\/2023\/09\/SylviaCordonnier-9-1-1200x1600.jpg 1200w, https:\/\/editionsdudauphin.com\/wp-content\/uploads\/2023\/09\/SylviaCordonnier-9-1.jpg 1440w\" sizes=\"auto, (max-width: 225px) 100vw, 225px\" \/><\/p>\n<p>Auteure passionn\u00e9e, elle partage \u00e0 travers son livre ses conseils pour vous aider \u00e0 suivre une vie plus \u00e9panouie en apprenant \u00e0 savoir quand prendre les bonnes d\u00e9cisions au bon moment.<\/p>\n<p>Que vous soyez d\u00e9butants ou professionnels, hommes\/femmes d\u2019affaires ou dirigeants ou simplement en qu\u00eate de r\u00e9ponses comme nous tous, ce livre est fait pour vous.<\/p>\n<p>Vous souhaitez vous marier, est-ce le bon moment pour en discuter ?<\/p>\n<p>Vous souhaitez vendre votre maison, est-ce le bon moment ?<\/p>\n<p>N\u2019attendez plus la r\u00e9ponse, vous la trouverez au salon avec Sylvia Cordonnier.<\/p>\n<h2>Informations pratiques<\/h2>\n<p>Pour r\u00e9cup\u00e9rer votre entr\u00e9e gratuite, <a href=\"https:\/\/www.salon-artemisia.com\/visiteur_invitation\/\" target=\"_blank\" rel=\"noopener\">c&#8217;est ici<\/a><\/p>\n<p>Pour toutes les informations relatives au salon, <a href=\"https:\/\/www.salon-artemisia.com\/infos-pratiques\/infos\/\" target=\"_blank\" rel=\"noopener\">cliquez ici<\/a><\/p>\n<p>Pour acc\u00e9der au salon, <a href=\"https:\/\/www.salon-artemisia.com\/infos-pratiques\/acceder-au-salon\/\" target=\"_blank\" rel=\"noopener\">rendez-vous ici<\/a><\/p>\n<\/div><\/div><\/div><\/div><\/div>\n","protected":false},"excerpt":{"rendered":"","protected":false},"author":12,"featured_media":16356,"comment_status":"closed","ping_status":"closed","sticky":false,"template":"","format":"standard","meta":{"_acf_changed":false,"wpupg_custom_link":[],"wpupg_custom_link_behaviour":["default"],"wpupg_custom_link_nofollow":[],"wpupg_custom_image":[],"wpupg_custom_image_id":[],"footnotes":""},"categories":[136],"tags":[],"class_list":["post-16355","post","type-post","status-publish","format-standard","has-post-thumbnail","hentry","category-conferences-et-signatures"],"acf":[],"yoast_head":"<!-- This site is optimized with the Yoast SEO plugin v27.4 - https:\/\/yoast.com\/product\/yoast-seo-wordpress\/ -->\n<title>Salon Artemisia - 20 au 22 octobre 2023 - Marseille<\/title>\n<meta name=\"description\" content=\"Retrouvez nos auteures au salon Artemisia, salon bien-\u00eatre et sant\u00e9 naturelle \u00e0 Marseille et repartez avec votre livre d\u00e9dicac\u00e9.\" \/>\n<meta name=\"robots\" content=\"index, follow, max-snippet:-1, max-image-preview:large, max-video-preview:-1\" \/>\n<link rel=\"canonical\" href=\"https:\/\/editionsdudauphin.com\/en\/conferences-et-signatures\/salon-artemisia-20-au-22-octobre-2023-marseille\" \/>\n<meta property=\"og:locale\" content=\"en_US\" \/>\n<meta property=\"og:type\" content=\"article\" \/>\n<meta property=\"og:title\" content=\"Salon Artemisia - 20 au 22 octobre 2023 - Marseille\" \/>\n<meta property=\"og:description\" content=\"Retrouvez nos auteures au salon Artemisia, salon bien-\u00eatre et sant\u00e9 naturelle \u00e0 Marseille et repartez avec votre livre d\u00e9dicac\u00e9.\" \/>\n<meta property=\"og:url\" content=\"https:\/\/editionsdudauphin.com\/en\/conferences-et-signatures\/salon-artemisia-20-au-22-octobre-2023-marseille\" \/>\n<meta property=\"og:site_name\" content=\"\u00c9ditions du Dauphin\" \/>\n<meta property=\"article:published_time\" content=\"2023-10-17T11:00:38+00:00\" \/>\n<meta property=\"article:modified_time\" content=\"2023-10-17T11:03:29+00:00\" \/>\n<meta property=\"og:image\" content=\"https:\/\/editionsdudauphin.com\/wp-content\/uploads\/2023\/10\/7.jpg\" \/>\n\t<meta property=\"og:image:width\" content=\"1920\" \/>\n\t<meta property=\"og:image:height\" content=\"1200\" \/>\n\t<meta property=\"og:image:type\" content=\"image\/jpeg\" \/>\n<meta name=\"author\" content=\"presse\" \/>\n<meta name=\"twitter:card\" content=\"summary_large_image\" \/>\n<meta name=\"twitter:label1\" content=\"Written by\" \/>\n\t<meta name=\"twitter:data1\" content=\"presse\" \/>\n\t<meta name=\"twitter:label2\" content=\"Est. reading time\" \/>\n\t<meta name=\"twitter:data2\" content=\"5 minutes\" \/>\n<script type=\"application\/ld+json\" class=\"yoast-schema-graph\">{\"@context\":\"https:\\\/\\\/schema.org\",\"@graph\":[{\"@type\":\"Article\",\"@id\":\"https:\\\/\\\/editionsdudauphin.com\\\/en\\\/conferences-et-signatures\\\/salon-artemisia-20-au-22-octobre-2023-marseille#article\",\"isPartOf\":{\"@id\":\"https:\\\/\\\/editionsdudauphin.com\\\/en\\\/conferences-et-signatures\\\/salon-artemisia-20-au-22-octobre-2023-marseille\"},\"author\":{\"name\":\"presse\",\"@id\":\"https:\\\/\\\/editionsdudauphin.com\\\/en#\\\/schema\\\/person\\\/605e9a19ba195a7dba70be10aabe23e4\"},\"headline\":\"Salon Artemisia &#8211; 20 au 22 octobre 2023 &#8211; Marseille\",\"datePublished\":\"2023-10-17T11:00:38+00:00\",\"dateModified\":\"2023-10-17T11:03:29+00:00\",\"mainEntityOfPage\":{\"@id\":\"https:\\\/\\\/editionsdudauphin.com\\\/en\\\/conferences-et-signatures\\\/salon-artemisia-20-au-22-octobre-2023-marseille\"},\"wordCount\":1256,\"image\":{\"@id\":\"https:\\\/\\\/editionsdudauphin.com\\\/en\\\/conferences-et-signatures\\\/salon-artemisia-20-au-22-octobre-2023-marseille#primaryimage\"},\"thumbnailUrl\":\"https:\\\/\\\/editionsdudauphin.com\\\/wp-content\\\/uploads\\\/2023\\\/10\\\/7.jpg\",\"articleSection\":[\"Conf\u00e9rences &amp; signatures &amp; salons\"],\"inLanguage\":\"en-US\"},{\"@type\":\"WebPage\",\"@id\":\"https:\\\/\\\/editionsdudauphin.com\\\/en\\\/conferences-et-signatures\\\/salon-artemisia-20-au-22-octobre-2023-marseille\",\"url\":\"https:\\\/\\\/editionsdudauphin.com\\\/en\\\/conferences-et-signatures\\\/salon-artemisia-20-au-22-octobre-2023-marseille\",\"name\":\"Salon Artemisia - 20 au 22 octobre 2023 - Marseille\",\"isPartOf\":{\"@id\":\"https:\\\/\\\/editionsdudauphin.com\\\/en#website\"},\"primaryImageOfPage\":{\"@id\":\"https:\\\/\\\/editionsdudauphin.com\\\/en\\\/conferences-et-signatures\\\/salon-artemisia-20-au-22-octobre-2023-marseille#primaryimage\"},\"image\":{\"@id\":\"https:\\\/\\\/editionsdudauphin.com\\\/en\\\/conferences-et-signatures\\\/salon-artemisia-20-au-22-octobre-2023-marseille#primaryimage\"},\"thumbnailUrl\":\"https:\\\/\\\/editionsdudauphin.com\\\/wp-content\\\/uploads\\\/2023\\\/10\\\/7.jpg\",\"datePublished\":\"2023-10-17T11:00:38+00:00\",\"dateModified\":\"2023-10-17T11:03:29+00:00\",\"author\":{\"@id\":\"https:\\\/\\\/editionsdudauphin.com\\\/en#\\\/schema\\\/person\\\/605e9a19ba195a7dba70be10aabe23e4\"},\"description\":\"Retrouvez nos auteures au salon Artemisia, salon bien-\u00eatre et sant\u00e9 naturelle \u00e0 Marseille et repartez avec votre livre d\u00e9dicac\u00e9.\",\"breadcrumb\":{\"@id\":\"https:\\\/\\\/editionsdudauphin.com\\\/en\\\/conferences-et-signatures\\\/salon-artemisia-20-au-22-octobre-2023-marseille#breadcrumb\"},\"inLanguage\":\"en-US\",\"potentialAction\":[{\"@type\":\"ReadAction\",\"target\":[\"https:\\\/\\\/editionsdudauphin.com\\\/en\\\/conferences-et-signatures\\\/salon-artemisia-20-au-22-octobre-2023-marseille\"]}]},{\"@type\":\"ImageObject\",\"inLanguage\":\"en-US\",\"@id\":\"https:\\\/\\\/editionsdudauphin.com\\\/en\\\/conferences-et-signatures\\\/salon-artemisia-20-au-22-octobre-2023-marseille#primaryimage\",\"url\":\"https:\\\/\\\/editionsdudauphin.com\\\/wp-content\\\/uploads\\\/2023\\\/10\\\/7.jpg\",\"contentUrl\":\"https:\\\/\\\/editionsdudauphin.com\\\/wp-content\\\/uploads\\\/2023\\\/10\\\/7.jpg\",\"width\":1920,\"height\":1200,\"caption\":\"Salon Artemisia - 20 au 22 octobre 2023 - Marseille\"},{\"@type\":\"BreadcrumbList\",\"@id\":\"https:\\\/\\\/editionsdudauphin.com\\\/en\\\/conferences-et-signatures\\\/salon-artemisia-20-au-22-octobre-2023-marseille#breadcrumb\",\"itemListElement\":[{\"@type\":\"ListItem\",\"position\":1,\"name\":\"Accueil\",\"item\":\"https:\\\/\\\/editionsdudauphin.com\\\/en\"},{\"@type\":\"ListItem\",\"position\":2,\"name\":\"Salon Artemisia &#8211; 20 au 22 octobre 2023 &#8211; Marseille\"}]},{\"@type\":\"WebSite\",\"@id\":\"https:\\\/\\\/editionsdudauphin.com\\\/en#website\",\"url\":\"https:\\\/\\\/editionsdudauphin.com\\\/en\",\"name\":\"\u00c9ditions du Dauphin\",\"description\":\"\",\"potentialAction\":[{\"@type\":\"SearchAction\",\"target\":{\"@type\":\"EntryPoint\",\"urlTemplate\":\"https:\\\/\\\/editionsdudauphin.com\\\/en?s={search_term_string}\"},\"query-input\":{\"@type\":\"PropertyValueSpecification\",\"valueRequired\":true,\"valueName\":\"search_term_string\"}}],\"inLanguage\":\"en-US\"},{\"@type\":\"Person\",\"@id\":\"https:\\\/\\\/editionsdudauphin.com\\\/en#\\\/schema\\\/person\\\/605e9a19ba195a7dba70be10aabe23e4\",\"name\":\"presse\",\"image\":{\"@type\":\"ImageObject\",\"inLanguage\":\"en-US\",\"@id\":\"https:\\\/\\\/secure.gravatar.com\\\/avatar\\\/ae91baae35470237c672b962ffa54a1c95ca50502127ca3bc999ed1afa02c958?s=96&d=mm&r=g\",\"url\":\"https:\\\/\\\/secure.gravatar.com\\\/avatar\\\/ae91baae35470237c672b962ffa54a1c95ca50502127ca3bc999ed1afa02c958?s=96&d=mm&r=g\",\"contentUrl\":\"https:\\\/\\\/secure.gravatar.com\\\/avatar\\\/ae91baae35470237c672b962ffa54a1c95ca50502127ca3bc999ed1afa02c958?s=96&d=mm&r=g\",\"caption\":\"presse\"}}]}<\/script>\n<!-- \/ Yoast SEO plugin. -->","yoast_head_json":{"title":"Salon Artemisia - 20 au 22 octobre 2023 - Marseille","description":"Retrouvez nos auteures au salon Artemisia, salon bien-\u00eatre et sant\u00e9 naturelle \u00e0 Marseille et repartez avec votre livre d\u00e9dicac\u00e9.","robots":{"index":"index","follow":"follow","max-snippet":"max-snippet:-1","max-image-preview":"max-image-preview:large","max-video-preview":"max-video-preview:-1"},"canonical":"https:\/\/editionsdudauphin.com\/en\/conferences-et-signatures\/salon-artemisia-20-au-22-octobre-2023-marseille","og_locale":"en_US","og_type":"article","og_title":"Salon Artemisia - 20 au 22 octobre 2023 - Marseille","og_description":"Retrouvez nos auteures au salon Artemisia, salon bien-\u00eatre et sant\u00e9 naturelle \u00e0 Marseille et repartez avec votre livre d\u00e9dicac\u00e9.","og_url":"https:\/\/editionsdudauphin.com\/en\/conferences-et-signatures\/salon-artemisia-20-au-22-octobre-2023-marseille","og_site_name":"\u00c9ditions du Dauphin","article_published_time":"2023-10-17T11:00:38+00:00","article_modified_time":"2023-10-17T11:03:29+00:00","og_image":[{"width":1920,"height":1200,"url":"https:\/\/editionsdudauphin.com\/wp-content\/uploads\/2023\/10\/7.jpg","type":"image\/jpeg"}],"author":"presse","twitter_card":"summary_large_image","twitter_misc":{"Written by":"presse","Est. reading time":"5 minutes"},"schema":{"@context":"https:\/\/schema.org","@graph":[{"@type":"Article","@id":"https:\/\/editionsdudauphin.com\/en\/conferences-et-signatures\/salon-artemisia-20-au-22-octobre-2023-marseille#article","isPartOf":{"@id":"https:\/\/editionsdudauphin.com\/en\/conferences-et-signatures\/salon-artemisia-20-au-22-octobre-2023-marseille"},"author":{"name":"presse","@id":"https:\/\/editionsdudauphin.com\/en#\/schema\/person\/605e9a19ba195a7dba70be10aabe23e4"},"headline":"Salon Artemisia &#8211; 20 au 22 octobre 2023 &#8211; Marseille","datePublished":"2023-10-17T11:00:38+00:00","dateModified":"2023-10-17T11:03:29+00:00","mainEntityOfPage":{"@id":"https:\/\/editionsdudauphin.com\/en\/conferences-et-signatures\/salon-artemisia-20-au-22-octobre-2023-marseille"},"wordCount":1256,"image":{"@id":"https:\/\/editionsdudauphin.com\/en\/conferences-et-signatures\/salon-artemisia-20-au-22-octobre-2023-marseille#primaryimage"},"thumbnailUrl":"https:\/\/editionsdudauphin.com\/wp-content\/uploads\/2023\/10\/7.jpg","articleSection":["Conf\u00e9rences &amp; signatures &amp; salons"],"inLanguage":"en-US"},{"@type":"WebPage","@id":"https:\/\/editionsdudauphin.com\/en\/conferences-et-signatures\/salon-artemisia-20-au-22-octobre-2023-marseille","url":"https:\/\/editionsdudauphin.com\/en\/conferences-et-signatures\/salon-artemisia-20-au-22-octobre-2023-marseille","name":"Salon Artemisia - 20 au 22 octobre 2023 - Marseille","isPartOf":{"@id":"https:\/\/editionsdudauphin.com\/en#website"},"primaryImageOfPage":{"@id":"https:\/\/editionsdudauphin.com\/en\/conferences-et-signatures\/salon-artemisia-20-au-22-octobre-2023-marseille#primaryimage"},"image":{"@id":"https:\/\/editionsdudauphin.com\/en\/conferences-et-signatures\/salon-artemisia-20-au-22-octobre-2023-marseille#primaryimage"},"thumbnailUrl":"https:\/\/editionsdudauphin.com\/wp-content\/uploads\/2023\/10\/7.jpg","datePublished":"2023-10-17T11:00:38+00:00","dateModified":"2023-10-17T11:03:29+00:00","author":{"@id":"https:\/\/editionsdudauphin.com\/en#\/schema\/person\/605e9a19ba195a7dba70be10aabe23e4"},"description":"Retrouvez nos auteures au salon Artemisia, salon bien-\u00eatre et sant\u00e9 naturelle \u00e0 Marseille et repartez avec votre livre d\u00e9dicac\u00e9.","breadcrumb":{"@id":"https:\/\/editionsdudauphin.com\/en\/conferences-et-signatures\/salon-artemisia-20-au-22-octobre-2023-marseille#breadcrumb"},"inLanguage":"en-US","potentialAction":[{"@type":"ReadAction","target":["https:\/\/editionsdudauphin.com\/en\/conferences-et-signatures\/salon-artemisia-20-au-22-octobre-2023-marseille"]}]},{"@type":"ImageObject","inLanguage":"en-US","@id":"https:\/\/editionsdudauphin.com\/en\/conferences-et-signatures\/salon-artemisia-20-au-22-octobre-2023-marseille#primaryimage","url":"https:\/\/editionsdudauphin.com\/wp-content\/uploads\/2023\/10\/7.jpg","contentUrl":"https:\/\/editionsdudauphin.com\/wp-content\/uploads\/2023\/10\/7.jpg","width":1920,"height":1200,"caption":"Salon Artemisia - 20 au 22 octobre 2023 - Marseille"},{"@type":"BreadcrumbList","@id":"https:\/\/editionsdudauphin.com\/en\/conferences-et-signatures\/salon-artemisia-20-au-22-octobre-2023-marseille#breadcrumb","itemListElement":[{"@type":"ListItem","position":1,"name":"Accueil","item":"https:\/\/editionsdudauphin.com\/en"},{"@type":"ListItem","position":2,"name":"Salon Artemisia &#8211; 20 au 22 octobre 2023 &#8211; Marseille"}]},{"@type":"WebSite","@id":"https:\/\/editionsdudauphin.com\/en#website","url":"https:\/\/editionsdudauphin.com\/en","name":"\u00c9ditions du Dauphin","description":"","potentialAction":[{"@type":"SearchAction","target":{"@type":"EntryPoint","urlTemplate":"https:\/\/editionsdudauphin.com\/en?s={search_term_string}"},"query-input":{"@type":"PropertyValueSpecification","valueRequired":true,"valueName":"search_term_string"}}],"inLanguage":"en-US"},{"@type":"Person","@id":"https:\/\/editionsdudauphin.com\/en#\/schema\/person\/605e9a19ba195a7dba70be10aabe23e4","name":"presse","image":{"@type":"ImageObject","inLanguage":"en-US","@id":"https:\/\/secure.gravatar.com\/avatar\/ae91baae35470237c672b962ffa54a1c95ca50502127ca3bc999ed1afa02c958?s=96&d=mm&r=g","url":"https:\/\/secure.gravatar.com\/avatar\/ae91baae35470237c672b962ffa54a1c95ca50502127ca3bc999ed1afa02c958?s=96&d=mm&r=g","contentUrl":"https:\/\/secure.gravatar.com\/avatar\/ae91baae35470237c672b962ffa54a1c95ca50502127ca3bc999ed1afa02c958?s=96&d=mm&r=g","caption":"presse"}}]}},"_links":{"self":[{"href":"https:\/\/editionsdudauphin.com\/en\/wp-json\/wp\/v2\/posts\/16355","targetHints":{"allow":["GET"]}}],"collection":[{"href":"https:\/\/editionsdudauphin.com\/en\/wp-json\/wp\/v2\/posts"}],"about":[{"href":"https:\/\/editionsdudauphin.com\/en\/wp-json\/wp\/v2\/types\/post"}],"author":[{"embeddable":true,"href":"https:\/\/editionsdudauphin.com\/en\/wp-json\/wp\/v2\/users\/12"}],"replies":[{"embeddable":true,"href":"https:\/\/editionsdudauphin.com\/en\/wp-json\/wp\/v2\/comments?post=16355"}],"version-history":[{"count":0,"href":"https:\/\/editionsdudauphin.com\/en\/wp-json\/wp\/v2\/posts\/16355\/revisions"}],"wp:featuredmedia":[{"embeddable":true,"href":"https:\/\/editionsdudauphin.com\/en\/wp-json\/wp\/v2\/media\/16356"}],"wp:attachment":[{"href":"https:\/\/editionsdudauphin.com\/en\/wp-json\/wp\/v2\/media?parent=16355"}],"wp:term":[{"taxonomy":"category","embeddable":true,"href":"https:\/\/editionsdudauphin.com\/en\/wp-json\/wp\/v2\/categories?post=16355"},{"taxonomy":"post_tag","embeddable":true,"href":"https:\/\/editionsdudauphin.com\/en\/wp-json\/wp\/v2\/tags?post=16355"}],"curies":[{"name":"wp","href":"https:\/\/api.w.org\/{rel}","templated":true}]}}