{"id":16360,"date":"2023-10-17T16:55:07","date_gmt":"2023-10-17T14:55:07","guid":{"rendered":"https:\/\/editionsdudauphin.com\/?p=16360"},"modified":"2023-10-17T16:55:07","modified_gmt":"2023-10-17T14:55:07","slug":"salon-bio-co-27-au-30-octobre-2023-strasbourg-automne","status":"publish","type":"post","link":"https:\/\/editionsdudauphin.com\/en\/conferences-et-signatures\/salon-bio-co-27-au-30-octobre-2023-strasbourg-automne","title":{"rendered":"Salon Bio &#038; Co &#8211; 27 au 30 octobre 2023 &#8211; Strasbourg Automne"},"content":{"rendered":"<div class=\"fusion-fullwidth fullwidth-box fusion-builder-row-1 fusion-flex-container has-pattern-background has-mask-background nonhundred-percent-fullwidth non-hundred-percent-height-scrolling\" style=\"--awb-border-radius-top-left:0px;--awb-border-radius-top-right:0px;--awb-border-radius-bottom-right:0px;--awb-border-radius-bottom-left:0px;--awb-flex-wrap:wrap;\" ><div class=\"fusion-builder-row fusion-row fusion-flex-align-items-flex-start fusion-flex-content-wrap\" style=\"max-width:1248px;margin-left: calc(-4% \/ 2 );margin-right: calc(-4% \/ 2 );\"><div class=\"fusion-layout-column fusion_builder_column fusion-builder-column-0 fusion_builder_column_1_1 1_1 fusion-flex-column\" style=\"--awb-bg-size:cover;--awb-width-large:100%;--awb-margin-top-large:0px;--awb-spacing-right-large:1.92%;--awb-margin-bottom-large:20px;--awb-spacing-left-large:1.92%;--awb-width-medium:100%;--awb-order-medium:0;--awb-spacing-right-medium:1.92%;--awb-spacing-left-medium:1.92%;--awb-width-small:100%;--awb-order-small:0;--awb-spacing-right-small:1.92%;--awb-spacing-left-small:1.92%;\"><div class=\"fusion-column-wrapper fusion-column-has-shadow fusion-flex-justify-content-flex-start fusion-content-layout-column\"><div class=\"fusion-text fusion-text-1\"><h2>Pr\u00e9sentation du salon Bio &amp; Co<\/h2>\n<p>Le salon bio Strasbourg 2023 ! le lieu de rencontre incontournable pour tous les adeptes du mode de vie biologique, de l&#8217;\u00e9cologie et du d\u00e9veloppement durable. Ce salon embl\u00e9matique incarne les valeurs de l&#8217;agriculture biologique, de la consommation responsable et du respect de l&#8217;environnement. Les visiteurs auront l&#8217;occasion de d\u00e9couvrir une vari\u00e9t\u00e9 de produits biologiques de qualit\u00e9, allant des aliments naturels et bio aux cosm\u00e9tiques \u00e9cologiques et aux solutions durables pour la maison. De plus, des conf\u00e9rences anim\u00e9es par des experts renomm\u00e9s fourniront des informations pr\u00e9cieuses sur les derni\u00e8res tendances en mati\u00e8re de sant\u00e9 naturelle, d&#8217;alimentation biologique et de pratiques respectueuses de l&#8217;environnement.<\/p>\n<h3>Le programme du samedi 28 octobre<\/h3>\n<p>Retrouvez notre auteur le Docteur <a href=\"https:\/\/editionsdudauphin.com\/author-book\/jeanphilippe-zahalka\" target=\"_blank\" rel=\"noopener\">Jean-Philippe Zahalka<\/a> <strong>\u00e0 13h00 <\/strong>pour une conf\u00e9rence suivie d\u2019une s\u00e9ance de d\u00e9dicaces. Il vous parlera de son dernier livre &#8220;<a href=\"https:\/\/editionsdudauphin.com\/livre\/themes\/bien-etre-sante\/sante\/medecines-naturelles\/dictionnaire-complet-des-huiles-essentielles\" target=\"_blank\" rel=\"noopener\">Dictionnaire complet des huiles essentielles<\/a>&#8221; \u00a0. Vous pourrez \u00e9changer avec lui et repartir avec votre livre d\u00e9dicac\u00e9.<\/p>\n<p><img loading=\"lazy\" decoding=\"async\" class=\"alignnone size-medium wp-image-4728\" src=\"https:\/\/editionsdudauphin.com\/wp-content\/uploads\/2019\/01\/Zahalka-1-276x300.jpg\" alt=\"Zahalka\" width=\"276\" height=\"300\" srcset=\"https:\/\/editionsdudauphin.com\/wp-content\/uploads\/2019\/01\/Zahalka-1-276x300.jpg 276w, https:\/\/editionsdudauphin.com\/wp-content\/uploads\/2019\/01\/Zahalka-1-375x408.jpg 375w, https:\/\/editionsdudauphin.com\/wp-content\/uploads\/2019\/01\/Zahalka-1-459x500.jpg 459w, https:\/\/editionsdudauphin.com\/wp-content\/uploads\/2019\/01\/Zahalka-1-500x544.jpg 500w, https:\/\/editionsdudauphin.com\/wp-content\/uploads\/2019\/01\/Zahalka-1.jpg 540w\" sizes=\"auto, (max-width: 276px) 100vw, 276px\" \/><\/p>\n<p>Depuis 1982, <a href=\"https:\/\/editionsdudauphin.com\/author-book\/jeanphilippe-zahalka\" target=\"_blank\" rel=\"noopener\">Jean-Philippe Zahalka<\/a> exerce en tant que pharmacien, prodiguant des conseils pr\u00e9cieux et une orientation experte vers les plantes et les huiles essentielles depuis son officine situ\u00e9e rue Mouffetard \u00e0 Paris. Avec un assortiment de pr\u00e8s de 500 vari\u00e9t\u00e9s en magasin, il a acquis une vaste connaissance des bienfaits th\u00e9rapeutiques offerts par la nature. Dot\u00e9 d&#8217;une passion in\u00e9puisable, Jean-Philippe partage son exp\u00e9rience depuis plus de 20 ans, d\u00e9vou\u00e9 au bien-\u00eatre et \u00e0 la sant\u00e9 de sa client\u00e8le, toujours guid\u00e9 par un souci constant de qualit\u00e9 et d&#8217;efficacit\u00e9. Parall\u00e8lement \u00e0 ses activit\u00e9s de pharmacien, Zahalka a \u00e9galement r\u00e9dig\u00e9 plusieurs ouvrages de r\u00e9f\u00e9rence, parmi lesquels figurent <a href=\"https:\/\/editionsdudauphin.com\/livre\/themes\/bien-etre-sante\/sante\/medecines-naturelles\/dictionnaire-des-plantes-medicinales\" target=\"_blank\" rel=\"noopener\">&#8220;Le dictionnaire complet des plantes m\u00e9dicinales&#8221;<\/a>, <a href=\"https:\/\/editionsdudauphin.com\/livre\/themes\/bien-etre-sante\/sante\/medecines-naturelles\/dictionnaire-complet-des-hydrolats-et-eaux-florales\" target=\"_blank\" rel=\"noopener\">&#8220;Le dictionnaire complet des hydrolats et eaux florales&#8221;<\/a>, ainsi que <a href=\"https:\/\/editionsdudauphin.com\/livre\/themes\/bien-etre-sante\/sante\/medecines-naturelles\/dictionnaire-complet-des-huiles-vegetales\" target=\"_blank\" rel=\"noopener\">&#8220;Le dictionnaire complet des huiles v\u00e9g\u00e9tales&#8221;.<\/a><\/p>\n<h3>Le programme du dimanche 29 octobre<\/h3>\n<p>Retrouvez notre auteure <a href=\"https:\/\/editionsdudauphin.com\/author-book\/nadine-quere\" target=\"_blank\" rel=\"noopener\">Nadine Qu\u00e9r\u00e9<\/a> <strong>\u00e0 13h00 <\/strong>pour une conf\u00e9rence suivie d\u2019une s\u00e9ance de d\u00e9dicaces. Elle vous parlera de son livre <a href=\"https:\/\/editionsdudauphin.com\/livre\/themes\/bien-etre-sante\/sante\/medecines-naturelles\/soigner-son-corps-avec-les-fascias\" target=\"_blank\" rel=\"noopener\">&#8220;Soigner son corps avec les fascias&#8221;<\/a>\u00a0. Vous pourrez \u00e9changer avec elle et repartir avec votre livre d\u00e9dicac\u00e9.<\/p>\n<p><img loading=\"lazy\" decoding=\"async\" class=\"alignnone size-medium wp-image-14949\" src=\"https:\/\/editionsdudauphin.com\/wp-content\/uploads\/2022\/11\/Nadine-quere-1-copie-225x300.jpeg\" alt=\"Nadine que\u0301re\u0301\" width=\"225\" height=\"300\" srcset=\"https:\/\/editionsdudauphin.com\/wp-content\/uploads\/2022\/11\/Nadine-quere-1-copie-200x267.jpeg 200w, https:\/\/editionsdudauphin.com\/wp-content\/uploads\/2022\/11\/Nadine-quere-1-copie-225x300.jpeg 225w, https:\/\/editionsdudauphin.com\/wp-content\/uploads\/2022\/11\/Nadine-quere-1-copie-375x500.jpeg 375w, https:\/\/editionsdudauphin.com\/wp-content\/uploads\/2022\/11\/Nadine-quere-1-copie-400x533.jpeg 400w, https:\/\/editionsdudauphin.com\/wp-content\/uploads\/2022\/11\/Nadine-quere-1-copie-500x667.jpeg 500w, https:\/\/editionsdudauphin.com\/wp-content\/uploads\/2022\/11\/Nadine-quere-1-copie-600x800.jpeg 600w, https:\/\/editionsdudauphin.com\/wp-content\/uploads\/2022\/11\/Nadine-quere-1-copie-700x933.jpeg 700w, https:\/\/editionsdudauphin.com\/wp-content\/uploads\/2022\/11\/Nadine-quere-1-copie-768x1024.jpeg 768w, https:\/\/editionsdudauphin.com\/wp-content\/uploads\/2022\/11\/Nadine-quere-1-copie-800x1067.jpeg 800w, https:\/\/editionsdudauphin.com\/wp-content\/uploads\/2022\/11\/Nadine-quere-1-copie-1152x1536.jpeg 1152w, https:\/\/editionsdudauphin.com\/wp-content\/uploads\/2022\/11\/Nadine-quere-1-copie-1200x1600.jpeg 1200w, https:\/\/editionsdudauphin.com\/wp-content\/uploads\/2022\/11\/Nadine-quere-1-copie.jpeg 1440w\" sizes=\"auto, (max-width: 225px) 100vw, 225px\" \/><\/p>\n<p>Nadine Qu\u00e9r\u00e9 poss\u00e8de une solide formation en kin\u00e9sith\u00e9rapie et en fasciath\u00e9rapie, ayant obtenu son dipl\u00f4me de l&#8217;universit\u00e9 Paris VI en &#8220;Stress, traumatisme et pathologies&#8221;. Forte de plus de 35 ann\u00e9es d&#8217;exp\u00e9rience en tant que praticienne et formatrice, elle partage son expertise au travers de s\u00e9ances individuelles, de journ\u00e9es th\u00e9matiques ainsi que de stages d\u00e9di\u00e9s aux fascias, \u00e0 la m\u00e9ditation et \u00e0 la p\u00e9dagogie du mouvement. Sa contribution significative dans le domaine de la recherche sur les fascias remonte \u00e0 sa participation au 1er congr\u00e8s international sur les fascias \u00e0 Boston en 2007. Passionn\u00e9e par la conscience corporelle, le mouvement sensoriel et les relations \u00e9nergie\/mati\u00e8re, elle met en avant les capacit\u00e9s de r\u00e9gulation et de r\u00e9g\u00e9n\u00e9ration du corps. Son engagement in\u00e9branlable envers la compr\u00e9hension et l&#8217;exploration du potentiel du corps humain fait de Nadine Qu\u00e9r\u00e9 une figure majeure, offrant une perspective unique et une expertise inestimable dans le domaine du bien-\u00eatre et de la sant\u00e9 physique.<\/p>\n<h2>Informations pratiques<\/h2>\n<p>Pour r\u00e9cup\u00e9rer votre entr\u00e9e gratuite, <a href=\"https:\/\/www.salonbioeco.com\/strasbourg-automne\/invitation\" target=\"_blank\" rel=\"noopener\">c&#8217;est ici<\/a><\/p>\n<p>Pour toutes les informations relatives au salon, <a href=\"https:\/\/www.salonbioeco.com\/strasbourg-automne\/acces-horaires\" target=\"_blank\" rel=\"noopener\">cliquez ici<\/a><\/p>\n<\/div><\/div><\/div><\/div><\/div>\n","protected":false},"excerpt":{"rendered":"","protected":false},"author":12,"featured_media":16361,"comment_status":"closed","ping_status":"closed","sticky":false,"template":"","format":"standard","meta":{"_acf_changed":false,"wpupg_custom_link":[],"wpupg_custom_link_behaviour":["default"],"wpupg_custom_link_nofollow":[],"wpupg_custom_image":[],"wpupg_custom_image_id":[],"footnotes":""},"categories":[136],"tags":[],"class_list":["post-16360","post","type-post","status-publish","format-standard","has-post-thumbnail","hentry","category-conferences-et-signatures"],"acf":[],"yoast_head":"<!-- This site is optimized with the Yoast SEO plugin v27.4 - https:\/\/yoast.com\/product\/yoast-seo-wordpress\/ -->\n<title>Salon Bio &amp; Co - 27 au 30 octobre 2023 - Strasbourg Automne<\/title>\n<meta name=\"description\" content=\"Retrouvez nos auteurs au salon Bio &amp; CO, salon bio Strasbourg 2023, et repartez avec votre ou vos livres d\u00e9dicac\u00e9s.\" \/>\n<meta name=\"robots\" content=\"index, follow, max-snippet:-1, max-image-preview:large, max-video-preview:-1\" \/>\n<link rel=\"canonical\" href=\"https:\/\/editionsdudauphin.com\/en\/conferences-et-signatures\/salon-bio-co-27-au-30-octobre-2023-strasbourg-automne\" \/>\n<meta property=\"og:locale\" content=\"en_US\" \/>\n<meta property=\"og:type\" content=\"article\" \/>\n<meta property=\"og:title\" content=\"Salon Bio &amp; Co - 27 au 30 octobre 2023 - Strasbourg Automne\" \/>\n<meta property=\"og:description\" content=\"Retrouvez nos auteurs au salon Bio &amp; CO, salon bio Strasbourg 2023, et repartez avec votre ou vos livres d\u00e9dicac\u00e9s.\" \/>\n<meta property=\"og:url\" content=\"https:\/\/editionsdudauphin.com\/en\/conferences-et-signatures\/salon-bio-co-27-au-30-octobre-2023-strasbourg-automne\" \/>\n<meta property=\"og:site_name\" content=\"\u00c9ditions du Dauphin\" \/>\n<meta property=\"article:published_time\" content=\"2023-10-17T14:55:07+00:00\" \/>\n<meta property=\"og:image\" content=\"https:\/\/editionsdudauphin.com\/wp-content\/uploads\/2023\/10\/Salon-WP.jpg\" \/>\n\t<meta property=\"og:image:width\" content=\"1920\" \/>\n\t<meta property=\"og:image:height\" content=\"1200\" \/>\n\t<meta property=\"og:image:type\" content=\"image\/jpeg\" \/>\n<meta name=\"author\" content=\"presse\" \/>\n<meta name=\"twitter:card\" content=\"summary_large_image\" \/>\n<meta name=\"twitter:label1\" content=\"Written by\" \/>\n\t<meta name=\"twitter:data1\" content=\"presse\" \/>\n\t<meta name=\"twitter:label2\" content=\"Est. reading time\" \/>\n\t<meta name=\"twitter:data2\" content=\"5 minutes\" \/>\n<script type=\"application\/ld+json\" class=\"yoast-schema-graph\">{\"@context\":\"https:\\\/\\\/schema.org\",\"@graph\":[{\"@type\":\"Article\",\"@id\":\"https:\\\/\\\/editionsdudauphin.com\\\/en\\\/conferences-et-signatures\\\/salon-bio-co-27-au-30-octobre-2023-strasbourg-automne#article\",\"isPartOf\":{\"@id\":\"https:\\\/\\\/editionsdudauphin.com\\\/en\\\/conferences-et-signatures\\\/salon-bio-co-27-au-30-octobre-2023-strasbourg-automne\"},\"author\":{\"name\":\"presse\",\"@id\":\"https:\\\/\\\/editionsdudauphin.com\\\/en#\\\/schema\\\/person\\\/605e9a19ba195a7dba70be10aabe23e4\"},\"headline\":\"Salon Bio &#038; Co &#8211; 27 au 30 octobre 2023 &#8211; Strasbourg Automne\",\"datePublished\":\"2023-10-17T14:55:07+00:00\",\"mainEntityOfPage\":{\"@id\":\"https:\\\/\\\/editionsdudauphin.com\\\/en\\\/conferences-et-signatures\\\/salon-bio-co-27-au-30-octobre-2023-strasbourg-automne\"},\"wordCount\":1329,\"image\":{\"@id\":\"https:\\\/\\\/editionsdudauphin.com\\\/en\\\/conferences-et-signatures\\\/salon-bio-co-27-au-30-octobre-2023-strasbourg-automne#primaryimage\"},\"thumbnailUrl\":\"https:\\\/\\\/editionsdudauphin.com\\\/wp-content\\\/uploads\\\/2023\\\/10\\\/Salon-WP.jpg\",\"articleSection\":[\"Conf\u00e9rences &amp; signatures &amp; salons\"],\"inLanguage\":\"en-US\"},{\"@type\":\"WebPage\",\"@id\":\"https:\\\/\\\/editionsdudauphin.com\\\/en\\\/conferences-et-signatures\\\/salon-bio-co-27-au-30-octobre-2023-strasbourg-automne\",\"url\":\"https:\\\/\\\/editionsdudauphin.com\\\/en\\\/conferences-et-signatures\\\/salon-bio-co-27-au-30-octobre-2023-strasbourg-automne\",\"name\":\"Salon Bio & Co - 27 au 30 octobre 2023 - Strasbourg Automne\",\"isPartOf\":{\"@id\":\"https:\\\/\\\/editionsdudauphin.com\\\/en#website\"},\"primaryImageOfPage\":{\"@id\":\"https:\\\/\\\/editionsdudauphin.com\\\/en\\\/conferences-et-signatures\\\/salon-bio-co-27-au-30-octobre-2023-strasbourg-automne#primaryimage\"},\"image\":{\"@id\":\"https:\\\/\\\/editionsdudauphin.com\\\/en\\\/conferences-et-signatures\\\/salon-bio-co-27-au-30-octobre-2023-strasbourg-automne#primaryimage\"},\"thumbnailUrl\":\"https:\\\/\\\/editionsdudauphin.com\\\/wp-content\\\/uploads\\\/2023\\\/10\\\/Salon-WP.jpg\",\"datePublished\":\"2023-10-17T14:55:07+00:00\",\"author\":{\"@id\":\"https:\\\/\\\/editionsdudauphin.com\\\/en#\\\/schema\\\/person\\\/605e9a19ba195a7dba70be10aabe23e4\"},\"description\":\"Retrouvez nos auteurs au salon Bio & CO, salon bio Strasbourg 2023, et repartez avec votre ou vos livres d\u00e9dicac\u00e9s.\",\"breadcrumb\":{\"@id\":\"https:\\\/\\\/editionsdudauphin.com\\\/en\\\/conferences-et-signatures\\\/salon-bio-co-27-au-30-octobre-2023-strasbourg-automne#breadcrumb\"},\"inLanguage\":\"en-US\",\"potentialAction\":[{\"@type\":\"ReadAction\",\"target\":[\"https:\\\/\\\/editionsdudauphin.com\\\/en\\\/conferences-et-signatures\\\/salon-bio-co-27-au-30-octobre-2023-strasbourg-automne\"]}]},{\"@type\":\"ImageObject\",\"inLanguage\":\"en-US\",\"@id\":\"https:\\\/\\\/editionsdudauphin.com\\\/en\\\/conferences-et-signatures\\\/salon-bio-co-27-au-30-octobre-2023-strasbourg-automne#primaryimage\",\"url\":\"https:\\\/\\\/editionsdudauphin.com\\\/wp-content\\\/uploads\\\/2023\\\/10\\\/Salon-WP.jpg\",\"contentUrl\":\"https:\\\/\\\/editionsdudauphin.com\\\/wp-content\\\/uploads\\\/2023\\\/10\\\/Salon-WP.jpg\",\"width\":1920,\"height\":1200,\"caption\":\"salon Bio & Co - 27 au 30 octobre 2023 - Strasbourg automne\"},{\"@type\":\"BreadcrumbList\",\"@id\":\"https:\\\/\\\/editionsdudauphin.com\\\/en\\\/conferences-et-signatures\\\/salon-bio-co-27-au-30-octobre-2023-strasbourg-automne#breadcrumb\",\"itemListElement\":[{\"@type\":\"ListItem\",\"position\":1,\"name\":\"Accueil\",\"item\":\"https:\\\/\\\/editionsdudauphin.com\\\/en\"},{\"@type\":\"ListItem\",\"position\":2,\"name\":\"Salon Bio &#038; Co &#8211; 27 au 30 octobre 2023 &#8211; Strasbourg Automne\"}]},{\"@type\":\"WebSite\",\"@id\":\"https:\\\/\\\/editionsdudauphin.com\\\/en#website\",\"url\":\"https:\\\/\\\/editionsdudauphin.com\\\/en\",\"name\":\"\u00c9ditions du Dauphin\",\"description\":\"\",\"potentialAction\":[{\"@type\":\"SearchAction\",\"target\":{\"@type\":\"EntryPoint\",\"urlTemplate\":\"https:\\\/\\\/editionsdudauphin.com\\\/en?s={search_term_string}\"},\"query-input\":{\"@type\":\"PropertyValueSpecification\",\"valueRequired\":true,\"valueName\":\"search_term_string\"}}],\"inLanguage\":\"en-US\"},{\"@type\":\"Person\",\"@id\":\"https:\\\/\\\/editionsdudauphin.com\\\/en#\\\/schema\\\/person\\\/605e9a19ba195a7dba70be10aabe23e4\",\"name\":\"presse\",\"image\":{\"@type\":\"ImageObject\",\"inLanguage\":\"en-US\",\"@id\":\"https:\\\/\\\/secure.gravatar.com\\\/avatar\\\/ae91baae35470237c672b962ffa54a1c95ca50502127ca3bc999ed1afa02c958?s=96&d=mm&r=g\",\"url\":\"https:\\\/\\\/secure.gravatar.com\\\/avatar\\\/ae91baae35470237c672b962ffa54a1c95ca50502127ca3bc999ed1afa02c958?s=96&d=mm&r=g\",\"contentUrl\":\"https:\\\/\\\/secure.gravatar.com\\\/avatar\\\/ae91baae35470237c672b962ffa54a1c95ca50502127ca3bc999ed1afa02c958?s=96&d=mm&r=g\",\"caption\":\"presse\"}}]}<\/script>\n<!-- \/ Yoast SEO plugin. -->","yoast_head_json":{"title":"Salon Bio & Co - 27 au 30 octobre 2023 - Strasbourg Automne","description":"Retrouvez nos auteurs au salon Bio & CO, salon bio Strasbourg 2023, et repartez avec votre ou vos livres d\u00e9dicac\u00e9s.","robots":{"index":"index","follow":"follow","max-snippet":"max-snippet:-1","max-image-preview":"max-image-preview:large","max-video-preview":"max-video-preview:-1"},"canonical":"https:\/\/editionsdudauphin.com\/en\/conferences-et-signatures\/salon-bio-co-27-au-30-octobre-2023-strasbourg-automne","og_locale":"en_US","og_type":"article","og_title":"Salon Bio & Co - 27 au 30 octobre 2023 - Strasbourg Automne","og_description":"Retrouvez nos auteurs au salon Bio & CO, salon bio Strasbourg 2023, et repartez avec votre ou vos livres d\u00e9dicac\u00e9s.","og_url":"https:\/\/editionsdudauphin.com\/en\/conferences-et-signatures\/salon-bio-co-27-au-30-octobre-2023-strasbourg-automne","og_site_name":"\u00c9ditions du Dauphin","article_published_time":"2023-10-17T14:55:07+00:00","og_image":[{"width":1920,"height":1200,"url":"https:\/\/editionsdudauphin.com\/wp-content\/uploads\/2023\/10\/Salon-WP.jpg","type":"image\/jpeg"}],"author":"presse","twitter_card":"summary_large_image","twitter_misc":{"Written by":"presse","Est. reading time":"5 minutes"},"schema":{"@context":"https:\/\/schema.org","@graph":[{"@type":"Article","@id":"https:\/\/editionsdudauphin.com\/en\/conferences-et-signatures\/salon-bio-co-27-au-30-octobre-2023-strasbourg-automne#article","isPartOf":{"@id":"https:\/\/editionsdudauphin.com\/en\/conferences-et-signatures\/salon-bio-co-27-au-30-octobre-2023-strasbourg-automne"},"author":{"name":"presse","@id":"https:\/\/editionsdudauphin.com\/en#\/schema\/person\/605e9a19ba195a7dba70be10aabe23e4"},"headline":"Salon Bio &#038; Co &#8211; 27 au 30 octobre 2023 &#8211; Strasbourg Automne","datePublished":"2023-10-17T14:55:07+00:00","mainEntityOfPage":{"@id":"https:\/\/editionsdudauphin.com\/en\/conferences-et-signatures\/salon-bio-co-27-au-30-octobre-2023-strasbourg-automne"},"wordCount":1329,"image":{"@id":"https:\/\/editionsdudauphin.com\/en\/conferences-et-signatures\/salon-bio-co-27-au-30-octobre-2023-strasbourg-automne#primaryimage"},"thumbnailUrl":"https:\/\/editionsdudauphin.com\/wp-content\/uploads\/2023\/10\/Salon-WP.jpg","articleSection":["Conf\u00e9rences &amp; signatures &amp; salons"],"inLanguage":"en-US"},{"@type":"WebPage","@id":"https:\/\/editionsdudauphin.com\/en\/conferences-et-signatures\/salon-bio-co-27-au-30-octobre-2023-strasbourg-automne","url":"https:\/\/editionsdudauphin.com\/en\/conferences-et-signatures\/salon-bio-co-27-au-30-octobre-2023-strasbourg-automne","name":"Salon Bio & Co - 27 au 30 octobre 2023 - Strasbourg Automne","isPartOf":{"@id":"https:\/\/editionsdudauphin.com\/en#website"},"primaryImageOfPage":{"@id":"https:\/\/editionsdudauphin.com\/en\/conferences-et-signatures\/salon-bio-co-27-au-30-octobre-2023-strasbourg-automne#primaryimage"},"image":{"@id":"https:\/\/editionsdudauphin.com\/en\/conferences-et-signatures\/salon-bio-co-27-au-30-octobre-2023-strasbourg-automne#primaryimage"},"thumbnailUrl":"https:\/\/editionsdudauphin.com\/wp-content\/uploads\/2023\/10\/Salon-WP.jpg","datePublished":"2023-10-17T14:55:07+00:00","author":{"@id":"https:\/\/editionsdudauphin.com\/en#\/schema\/person\/605e9a19ba195a7dba70be10aabe23e4"},"description":"Retrouvez nos auteurs au salon Bio & CO, salon bio Strasbourg 2023, et repartez avec votre ou vos livres d\u00e9dicac\u00e9s.","breadcrumb":{"@id":"https:\/\/editionsdudauphin.com\/en\/conferences-et-signatures\/salon-bio-co-27-au-30-octobre-2023-strasbourg-automne#breadcrumb"},"inLanguage":"en-US","potentialAction":[{"@type":"ReadAction","target":["https:\/\/editionsdudauphin.com\/en\/conferences-et-signatures\/salon-bio-co-27-au-30-octobre-2023-strasbourg-automne"]}]},{"@type":"ImageObject","inLanguage":"en-US","@id":"https:\/\/editionsdudauphin.com\/en\/conferences-et-signatures\/salon-bio-co-27-au-30-octobre-2023-strasbourg-automne#primaryimage","url":"https:\/\/editionsdudauphin.com\/wp-content\/uploads\/2023\/10\/Salon-WP.jpg","contentUrl":"https:\/\/editionsdudauphin.com\/wp-content\/uploads\/2023\/10\/Salon-WP.jpg","width":1920,"height":1200,"caption":"salon Bio & Co - 27 au 30 octobre 2023 - Strasbourg automne"},{"@type":"BreadcrumbList","@id":"https:\/\/editionsdudauphin.com\/en\/conferences-et-signatures\/salon-bio-co-27-au-30-octobre-2023-strasbourg-automne#breadcrumb","itemListElement":[{"@type":"ListItem","position":1,"name":"Accueil","item":"https:\/\/editionsdudauphin.com\/en"},{"@type":"ListItem","position":2,"name":"Salon Bio &#038; Co &#8211; 27 au 30 octobre 2023 &#8211; Strasbourg Automne"}]},{"@type":"WebSite","@id":"https:\/\/editionsdudauphin.com\/en#website","url":"https:\/\/editionsdudauphin.com\/en","name":"\u00c9ditions du Dauphin","description":"","potentialAction":[{"@type":"SearchAction","target":{"@type":"EntryPoint","urlTemplate":"https:\/\/editionsdudauphin.com\/en?s={search_term_string}"},"query-input":{"@type":"PropertyValueSpecification","valueRequired":true,"valueName":"search_term_string"}}],"inLanguage":"en-US"},{"@type":"Person","@id":"https:\/\/editionsdudauphin.com\/en#\/schema\/person\/605e9a19ba195a7dba70be10aabe23e4","name":"presse","image":{"@type":"ImageObject","inLanguage":"en-US","@id":"https:\/\/secure.gravatar.com\/avatar\/ae91baae35470237c672b962ffa54a1c95ca50502127ca3bc999ed1afa02c958?s=96&d=mm&r=g","url":"https:\/\/secure.gravatar.com\/avatar\/ae91baae35470237c672b962ffa54a1c95ca50502127ca3bc999ed1afa02c958?s=96&d=mm&r=g","contentUrl":"https:\/\/secure.gravatar.com\/avatar\/ae91baae35470237c672b962ffa54a1c95ca50502127ca3bc999ed1afa02c958?s=96&d=mm&r=g","caption":"presse"}}]}},"_links":{"self":[{"href":"https:\/\/editionsdudauphin.com\/en\/wp-json\/wp\/v2\/posts\/16360","targetHints":{"allow":["GET"]}}],"collection":[{"href":"https:\/\/editionsdudauphin.com\/en\/wp-json\/wp\/v2\/posts"}],"about":[{"href":"https:\/\/editionsdudauphin.com\/en\/wp-json\/wp\/v2\/types\/post"}],"author":[{"embeddable":true,"href":"https:\/\/editionsdudauphin.com\/en\/wp-json\/wp\/v2\/users\/12"}],"replies":[{"embeddable":true,"href":"https:\/\/editionsdudauphin.com\/en\/wp-json\/wp\/v2\/comments?post=16360"}],"version-history":[{"count":0,"href":"https:\/\/editionsdudauphin.com\/en\/wp-json\/wp\/v2\/posts\/16360\/revisions"}],"wp:featuredmedia":[{"embeddable":true,"href":"https:\/\/editionsdudauphin.com\/en\/wp-json\/wp\/v2\/media\/16361"}],"wp:attachment":[{"href":"https:\/\/editionsdudauphin.com\/en\/wp-json\/wp\/v2\/media?parent=16360"}],"wp:term":[{"taxonomy":"category","embeddable":true,"href":"https:\/\/editionsdudauphin.com\/en\/wp-json\/wp\/v2\/categories?post=16360"},{"taxonomy":"post_tag","embeddable":true,"href":"https:\/\/editionsdudauphin.com\/en\/wp-json\/wp\/v2\/tags?post=16360"}],"curies":[{"name":"wp","href":"https:\/\/api.w.org\/{rel}","templated":true}]}}