{"id":16406,"date":"2023-11-03T10:54:32","date_gmt":"2023-11-03T09:54:32","guid":{"rendered":"https:\/\/editionsdudauphin.com\/?p=16406"},"modified":"2023-11-03T11:00:13","modified_gmt":"2023-11-03T10:00:13","slug":"dedicace-isabelle-robineau-librairie-thuard-9-novembre-2023","status":"publish","type":"post","link":"https:\/\/editionsdudauphin.com\/en\/conferences-et-signatures\/dedicace-isabelle-robineau-librairie-thuard-9-novembre-2023","title":{"rendered":"D\u00e9dicace Isabelle Robineau &#8211; Librairie Thuard &#8211; 9 novembre 2023"},"content":{"rendered":"<div class=\"fusion-fullwidth fullwidth-box fusion-builder-row-1 fusion-flex-container has-pattern-background has-mask-background nonhundred-percent-fullwidth non-hundred-percent-height-scrolling\" style=\"--awb-border-radius-top-left:0px;--awb-border-radius-top-right:0px;--awb-border-radius-bottom-right:0px;--awb-border-radius-bottom-left:0px;--awb-flex-wrap:wrap;\" ><div class=\"fusion-builder-row fusion-row fusion-flex-align-items-flex-start fusion-flex-content-wrap\" style=\"max-width:1248px;margin-left: calc(-4% \/ 2 );margin-right: calc(-4% \/ 2 );\"><div class=\"fusion-layout-column fusion_builder_column fusion-builder-column-0 fusion_builder_column_1_1 1_1 fusion-flex-column\" style=\"--awb-bg-size:cover;--awb-width-large:100%;--awb-margin-top-large:0px;--awb-spacing-right-large:1.92%;--awb-margin-bottom-large:20px;--awb-spacing-left-large:1.92%;--awb-width-medium:100%;--awb-order-medium:0;--awb-spacing-right-medium:1.92%;--awb-spacing-left-medium:1.92%;--awb-width-small:100%;--awb-order-small:0;--awb-spacing-right-small:1.92%;--awb-spacing-left-small:1.92%;\"><div class=\"fusion-column-wrapper fusion-column-has-shadow fusion-flex-justify-content-flex-start fusion-content-layout-column\"><div class=\"fusion-text fusion-text-1\"><h2>Conf\u00e9rence &#8211; D\u00e9dicace Isabelle Robineau \u00e0 la librairie Thuard au Mans, le jeudi 9 novembre \u00e0 18h<\/h2>\n<h3>Qui sont les auteurs ?<\/h3>\n<p>Depuis pr\u00e8s de vingt ans, <a href=\"https:\/\/editionsdudauphin.com\/author-book\/robineau-isabelle\" target=\"_blank\" rel=\"noopener\">Isabelle Robineau<\/a> exerce la profession de p\u00e9dicure-podologue au Mans, o\u00f9 elle r\u00e9side \u00e9galement. Forte d&#8217;un dipl\u00f4me de praticien et de ma\u00eetre praticien en hypnose, elle int\u00e8gre cette approche dans sa pratique, offrant ainsi un atout suppl\u00e9mentaire pour le bien-\u00eatre et les soins de ses patients.<\/p>\n<p><img loading=\"lazy\" decoding=\"async\" class=\"alignnone size-full wp-image-16508\" src=\"https:\/\/editionsdudauphin.com\/wp-content\/uploads\/2023\/11\/IsabelleRobineeau.jpeg\" alt=\"Isabelle Robineau\" width=\"330\" height=\"335\" srcset=\"https:\/\/editionsdudauphin.com\/wp-content\/uploads\/2023\/11\/IsabelleRobineeau-55x55.jpeg 55w, https:\/\/editionsdudauphin.com\/wp-content\/uploads\/2023\/11\/IsabelleRobineeau-66x66.jpeg 66w, https:\/\/editionsdudauphin.com\/wp-content\/uploads\/2023\/11\/IsabelleRobineeau-200x203.jpeg 200w, https:\/\/editionsdudauphin.com\/wp-content\/uploads\/2023\/11\/IsabelleRobineeau-296x300.jpeg 296w, https:\/\/editionsdudauphin.com\/wp-content\/uploads\/2023\/11\/IsabelleRobineeau.jpeg 330w\" sizes=\"auto, (max-width: 330px) 100vw, 330px\" \/><\/p>\n<p>Quant \u00e0 <a href=\"https:\/\/editionsdudauphin.com\/author-book\/lachaume-julien\" target=\"_blank\" rel=\"noopener\">Julien Lachaume<\/a>, il exerce les m\u00e9tiers de kin\u00e9sith\u00e9rapeute et d&#8217;ost\u00e9opathe depuis environs dix ans, \u00e0 proximit\u00e9 de Poitiers, o\u00f9 il r\u00e9side \u00e9galement. R\u00e9cemment dipl\u00f4m\u00e9 en tant que praticien et ma\u00eetre praticien en hypnose, il int\u00e8gre cette m\u00e9thode comme un compl\u00e9ment b\u00e9n\u00e9fique pour le bien \u00eatre et les soins de ses patients.<\/p>\n<p>L&#8217;autohypnose, pratique permettant d&#8217;explorer nos ressources int\u00e9rieures, se r\u00e9v\u00e8le \u00eatre un outil puissant pour instaurer des changements b\u00e9n\u00e9fiques dans notre quotidien. Dans son ouvrage, <a href=\"https:\/\/editionsdudauphin.com\/livre\/themes\/bien-etre-sante\/sante\/prevention\/autohypnose-adaptee-a-mes-besoins-l\" target=\"_blank\" rel=\"noopener\"><strong><em>&#8220;L&#8217;autohypnose adapt\u00e9e \u00e0 mes besoins&#8221;<\/em><\/strong><\/a>, Isabelle Robineau et Julien Lachaume exposent les fondements de l&#8217;hypnose et de l&#8217;autohypnose, accompagn\u00e9s de s\u00e9ances d\u00e9taill\u00e9es agr\u00e9ment\u00e9es d&#8217;exercices pratiques et de ressources audio.<\/p>\n<h3>Qu&#8217;est ce que l&#8217;autohypnose ?<\/h3>\n<p>L&#8217;autohypnose est une pratique qui implique l&#8217;utilisation de techniques d&#8217;induction hypnotique sur soi-m\u00eame. Elle permet \u00e0 une personne d&#8217;atteindre un \u00e9tat de conscience modifi\u00e9, similaire \u00e0 celui atteint sous hypnose par un praticien. Elle repose sur donc sur des techniques de relaxation, de visualisation et de suggestion, qui permettent \u00e0 l&#8217;individu de se plonger dans un \u00e9tat de conscience plus profond, lui permettant ainsi d&#8217;acc\u00e9der \u00e0 son subconscient et d&#8217;explorer ses propres ressources internes. L&#8217;autohypnose peut \u00eatre utilis\u00e9e pour am\u00e9liorer divers aspects de la vie, tels que la gestion du stress, le renforcement de la confiance en soi, la gestion de la douleur, l&#8217;arr\u00eat du tabac, la modification de comportements ind\u00e9sirables, l&#8217;am\u00e9lioration des performances&#8230;etc<\/p>\n<h3>Conf\u00e9rence-d\u00e9dicace<\/h3>\n<p>Isabelle Robineau, l&#8217;un des auteurs du livre, donnera une conf\u00e9rence suivie d&#8217;une s\u00e9ance de d\u00e9dicace le jeudi 9 novembre de 18h \u00e0 19h \u00e0 la Librairie Thuard au Mans. Vous aurez l&#8221;occasion d&#8217;\u00e9changer, de poser vos questions et d&#8217;en apprendre plus sur ce sujet qu&#8217;est l&#8217;autohypnose. Vous repartiez aussi avec votre livre d\u00e9dicac\u00e9. N&#8217;attendez plus et r\u00e9servez votre place sur le <a href=\"https:\/\/www.librairiethuard.fr\/agenda-144992\/rencontre-avec-isabelle-robineau\/\" target=\"_blank\" rel=\"noopener\">site<\/a> de la librairie.<\/p>\n<\/div><\/div><\/div><\/div><\/div>\n","protected":false},"excerpt":{"rendered":"","protected":false},"author":12,"featured_media":16408,"comment_status":"closed","ping_status":"closed","sticky":false,"template":"","format":"standard","meta":{"_acf_changed":false,"wpupg_custom_link":[],"wpupg_custom_link_behaviour":["default"],"wpupg_custom_link_nofollow":[],"wpupg_custom_image":[],"wpupg_custom_image_id":[],"footnotes":""},"categories":[136],"tags":[],"class_list":["post-16406","post","type-post","status-publish","format-standard","has-post-thumbnail","hentry","category-conferences-et-signatures"],"acf":[],"yoast_head":"<!-- This site is optimized with the Yoast SEO plugin v27.4 - https:\/\/yoast.com\/product\/yoast-seo-wordpress\/ -->\n<title>D\u00e9dicace Isabelle Robineau - Librairie Thuard - 9 novembre 2023<\/title>\n<meta name=\"description\" content=\"D\u00e9dicace avec Isabelle Robineau, auteure du livre &quot;L&#039;autohypnose adapt\u00e9e \u00e0 mes besoins&quot; \u00e0 la librairie Thuard au Mans, le 9 novembre \u00e0 18h.\" \/>\n<meta name=\"robots\" content=\"index, follow, max-snippet:-1, max-image-preview:large, max-video-preview:-1\" \/>\n<link rel=\"canonical\" href=\"https:\/\/editionsdudauphin.com\/en\/conferences-et-signatures\/dedicace-isabelle-robineau-librairie-thuard-9-novembre-2023\" \/>\n<meta property=\"og:locale\" content=\"en_US\" \/>\n<meta property=\"og:type\" content=\"article\" \/>\n<meta property=\"og:title\" content=\"D\u00e9dicace Isabelle Robineau - Librairie Thuard - 9 novembre 2023\" \/>\n<meta property=\"og:description\" content=\"D\u00e9dicace avec Isabelle Robineau, auteure du livre &quot;L&#039;autohypnose adapt\u00e9e \u00e0 mes besoins&quot; \u00e0 la librairie Thuard au Mans, le 9 novembre \u00e0 18h.\" \/>\n<meta property=\"og:url\" content=\"https:\/\/editionsdudauphin.com\/en\/conferences-et-signatures\/dedicace-isabelle-robineau-librairie-thuard-9-novembre-2023\" \/>\n<meta property=\"og:site_name\" content=\"\u00c9ditions du Dauphin\" \/>\n<meta property=\"article:published_time\" content=\"2023-11-03T09:54:32+00:00\" \/>\n<meta property=\"article:modified_time\" content=\"2023-11-03T10:00:13+00:00\" \/>\n<meta property=\"og:image\" content=\"https:\/\/editionsdudauphin.com\/wp-content\/uploads\/2023\/10\/Salon-WP.png\" \/>\n\t<meta property=\"og:image:width\" content=\"1920\" \/>\n\t<meta property=\"og:image:height\" content=\"1200\" \/>\n\t<meta property=\"og:image:type\" content=\"image\/png\" \/>\n<meta name=\"author\" content=\"presse\" \/>\n<meta name=\"twitter:card\" content=\"summary_large_image\" \/>\n<meta name=\"twitter:label1\" content=\"Written by\" \/>\n\t<meta name=\"twitter:data1\" content=\"presse\" \/>\n\t<meta name=\"twitter:label2\" content=\"Est. reading time\" \/>\n\t<meta name=\"twitter:data2\" content=\"4 minutes\" \/>\n<script type=\"application\/ld+json\" class=\"yoast-schema-graph\">{\"@context\":\"https:\\\/\\\/schema.org\",\"@graph\":[{\"@type\":\"Article\",\"@id\":\"https:\\\/\\\/editionsdudauphin.com\\\/en\\\/conferences-et-signatures\\\/dedicace-isabelle-robineau-librairie-thuard-9-novembre-2023#article\",\"isPartOf\":{\"@id\":\"https:\\\/\\\/editionsdudauphin.com\\\/en\\\/conferences-et-signatures\\\/dedicace-isabelle-robineau-librairie-thuard-9-novembre-2023\"},\"author\":{\"name\":\"presse\",\"@id\":\"https:\\\/\\\/editionsdudauphin.com\\\/en#\\\/schema\\\/person\\\/605e9a19ba195a7dba70be10aabe23e4\"},\"headline\":\"D\u00e9dicace Isabelle Robineau &#8211; Librairie Thuard &#8211; 9 novembre 2023\",\"datePublished\":\"2023-11-03T09:54:32+00:00\",\"dateModified\":\"2023-11-03T10:00:13+00:00\",\"mainEntityOfPage\":{\"@id\":\"https:\\\/\\\/editionsdudauphin.com\\\/en\\\/conferences-et-signatures\\\/dedicace-isabelle-robineau-librairie-thuard-9-novembre-2023\"},\"wordCount\":1189,\"image\":{\"@id\":\"https:\\\/\\\/editionsdudauphin.com\\\/en\\\/conferences-et-signatures\\\/dedicace-isabelle-robineau-librairie-thuard-9-novembre-2023#primaryimage\"},\"thumbnailUrl\":\"https:\\\/\\\/editionsdudauphin.com\\\/wp-content\\\/uploads\\\/2023\\\/10\\\/Salon-WP.png\",\"articleSection\":[\"Conf\u00e9rences &amp; signatures &amp; salons\"],\"inLanguage\":\"en-US\"},{\"@type\":\"WebPage\",\"@id\":\"https:\\\/\\\/editionsdudauphin.com\\\/en\\\/conferences-et-signatures\\\/dedicace-isabelle-robineau-librairie-thuard-9-novembre-2023\",\"url\":\"https:\\\/\\\/editionsdudauphin.com\\\/en\\\/conferences-et-signatures\\\/dedicace-isabelle-robineau-librairie-thuard-9-novembre-2023\",\"name\":\"D\u00e9dicace Isabelle Robineau - Librairie Thuard - 9 novembre 2023\",\"isPartOf\":{\"@id\":\"https:\\\/\\\/editionsdudauphin.com\\\/en#website\"},\"primaryImageOfPage\":{\"@id\":\"https:\\\/\\\/editionsdudauphin.com\\\/en\\\/conferences-et-signatures\\\/dedicace-isabelle-robineau-librairie-thuard-9-novembre-2023#primaryimage\"},\"image\":{\"@id\":\"https:\\\/\\\/editionsdudauphin.com\\\/en\\\/conferences-et-signatures\\\/dedicace-isabelle-robineau-librairie-thuard-9-novembre-2023#primaryimage\"},\"thumbnailUrl\":\"https:\\\/\\\/editionsdudauphin.com\\\/wp-content\\\/uploads\\\/2023\\\/10\\\/Salon-WP.png\",\"datePublished\":\"2023-11-03T09:54:32+00:00\",\"dateModified\":\"2023-11-03T10:00:13+00:00\",\"author\":{\"@id\":\"https:\\\/\\\/editionsdudauphin.com\\\/en#\\\/schema\\\/person\\\/605e9a19ba195a7dba70be10aabe23e4\"},\"description\":\"D\u00e9dicace avec Isabelle Robineau, auteure du livre \\\"L'autohypnose adapt\u00e9e \u00e0 mes besoins\\\" \u00e0 la librairie Thuard au Mans, le 9 novembre \u00e0 18h.\",\"breadcrumb\":{\"@id\":\"https:\\\/\\\/editionsdudauphin.com\\\/en\\\/conferences-et-signatures\\\/dedicace-isabelle-robineau-librairie-thuard-9-novembre-2023#breadcrumb\"},\"inLanguage\":\"en-US\",\"potentialAction\":[{\"@type\":\"ReadAction\",\"target\":[\"https:\\\/\\\/editionsdudauphin.com\\\/en\\\/conferences-et-signatures\\\/dedicace-isabelle-robineau-librairie-thuard-9-novembre-2023\"]}]},{\"@type\":\"ImageObject\",\"inLanguage\":\"en-US\",\"@id\":\"https:\\\/\\\/editionsdudauphin.com\\\/en\\\/conferences-et-signatures\\\/dedicace-isabelle-robineau-librairie-thuard-9-novembre-2023#primaryimage\",\"url\":\"https:\\\/\\\/editionsdudauphin.com\\\/wp-content\\\/uploads\\\/2023\\\/10\\\/Salon-WP.png\",\"contentUrl\":\"https:\\\/\\\/editionsdudauphin.com\\\/wp-content\\\/uploads\\\/2023\\\/10\\\/Salon-WP.png\",\"width\":1920,\"height\":1200,\"caption\":\"D\u00e9dicace Isabelle Robineau - Librairie Thuard - Le Mans - 9 novembre 2023\"},{\"@type\":\"BreadcrumbList\",\"@id\":\"https:\\\/\\\/editionsdudauphin.com\\\/en\\\/conferences-et-signatures\\\/dedicace-isabelle-robineau-librairie-thuard-9-novembre-2023#breadcrumb\",\"itemListElement\":[{\"@type\":\"ListItem\",\"position\":1,\"name\":\"Accueil\",\"item\":\"https:\\\/\\\/editionsdudauphin.com\\\/en\"},{\"@type\":\"ListItem\",\"position\":2,\"name\":\"D\u00e9dicace Isabelle Robineau &#8211; Librairie Thuard &#8211; 9 novembre 2023\"}]},{\"@type\":\"WebSite\",\"@id\":\"https:\\\/\\\/editionsdudauphin.com\\\/en#website\",\"url\":\"https:\\\/\\\/editionsdudauphin.com\\\/en\",\"name\":\"\u00c9ditions du Dauphin\",\"description\":\"\",\"potentialAction\":[{\"@type\":\"SearchAction\",\"target\":{\"@type\":\"EntryPoint\",\"urlTemplate\":\"https:\\\/\\\/editionsdudauphin.com\\\/en?s={search_term_string}\"},\"query-input\":{\"@type\":\"PropertyValueSpecification\",\"valueRequired\":true,\"valueName\":\"search_term_string\"}}],\"inLanguage\":\"en-US\"},{\"@type\":\"Person\",\"@id\":\"https:\\\/\\\/editionsdudauphin.com\\\/en#\\\/schema\\\/person\\\/605e9a19ba195a7dba70be10aabe23e4\",\"name\":\"presse\",\"image\":{\"@type\":\"ImageObject\",\"inLanguage\":\"en-US\",\"@id\":\"https:\\\/\\\/secure.gravatar.com\\\/avatar\\\/ae91baae35470237c672b962ffa54a1c95ca50502127ca3bc999ed1afa02c958?s=96&d=mm&r=g\",\"url\":\"https:\\\/\\\/secure.gravatar.com\\\/avatar\\\/ae91baae35470237c672b962ffa54a1c95ca50502127ca3bc999ed1afa02c958?s=96&d=mm&r=g\",\"contentUrl\":\"https:\\\/\\\/secure.gravatar.com\\\/avatar\\\/ae91baae35470237c672b962ffa54a1c95ca50502127ca3bc999ed1afa02c958?s=96&d=mm&r=g\",\"caption\":\"presse\"}}]}<\/script>\n<!-- \/ Yoast SEO plugin. -->","yoast_head_json":{"title":"D\u00e9dicace Isabelle Robineau - Librairie Thuard - 9 novembre 2023","description":"D\u00e9dicace avec Isabelle Robineau, auteure du livre \"L'autohypnose adapt\u00e9e \u00e0 mes besoins\" \u00e0 la librairie Thuard au Mans, le 9 novembre \u00e0 18h.","robots":{"index":"index","follow":"follow","max-snippet":"max-snippet:-1","max-image-preview":"max-image-preview:large","max-video-preview":"max-video-preview:-1"},"canonical":"https:\/\/editionsdudauphin.com\/en\/conferences-et-signatures\/dedicace-isabelle-robineau-librairie-thuard-9-novembre-2023","og_locale":"en_US","og_type":"article","og_title":"D\u00e9dicace Isabelle Robineau - Librairie Thuard - 9 novembre 2023","og_description":"D\u00e9dicace avec Isabelle Robineau, auteure du livre \"L'autohypnose adapt\u00e9e \u00e0 mes besoins\" \u00e0 la librairie Thuard au Mans, le 9 novembre \u00e0 18h.","og_url":"https:\/\/editionsdudauphin.com\/en\/conferences-et-signatures\/dedicace-isabelle-robineau-librairie-thuard-9-novembre-2023","og_site_name":"\u00c9ditions du Dauphin","article_published_time":"2023-11-03T09:54:32+00:00","article_modified_time":"2023-11-03T10:00:13+00:00","og_image":[{"width":1920,"height":1200,"url":"https:\/\/editionsdudauphin.com\/wp-content\/uploads\/2023\/10\/Salon-WP.png","type":"image\/png"}],"author":"presse","twitter_card":"summary_large_image","twitter_misc":{"Written by":"presse","Est. reading time":"4 minutes"},"schema":{"@context":"https:\/\/schema.org","@graph":[{"@type":"Article","@id":"https:\/\/editionsdudauphin.com\/en\/conferences-et-signatures\/dedicace-isabelle-robineau-librairie-thuard-9-novembre-2023#article","isPartOf":{"@id":"https:\/\/editionsdudauphin.com\/en\/conferences-et-signatures\/dedicace-isabelle-robineau-librairie-thuard-9-novembre-2023"},"author":{"name":"presse","@id":"https:\/\/editionsdudauphin.com\/en#\/schema\/person\/605e9a19ba195a7dba70be10aabe23e4"},"headline":"D\u00e9dicace Isabelle Robineau &#8211; Librairie Thuard &#8211; 9 novembre 2023","datePublished":"2023-11-03T09:54:32+00:00","dateModified":"2023-11-03T10:00:13+00:00","mainEntityOfPage":{"@id":"https:\/\/editionsdudauphin.com\/en\/conferences-et-signatures\/dedicace-isabelle-robineau-librairie-thuard-9-novembre-2023"},"wordCount":1189,"image":{"@id":"https:\/\/editionsdudauphin.com\/en\/conferences-et-signatures\/dedicace-isabelle-robineau-librairie-thuard-9-novembre-2023#primaryimage"},"thumbnailUrl":"https:\/\/editionsdudauphin.com\/wp-content\/uploads\/2023\/10\/Salon-WP.png","articleSection":["Conf\u00e9rences &amp; signatures &amp; salons"],"inLanguage":"en-US"},{"@type":"WebPage","@id":"https:\/\/editionsdudauphin.com\/en\/conferences-et-signatures\/dedicace-isabelle-robineau-librairie-thuard-9-novembre-2023","url":"https:\/\/editionsdudauphin.com\/en\/conferences-et-signatures\/dedicace-isabelle-robineau-librairie-thuard-9-novembre-2023","name":"D\u00e9dicace Isabelle Robineau - Librairie Thuard - 9 novembre 2023","isPartOf":{"@id":"https:\/\/editionsdudauphin.com\/en#website"},"primaryImageOfPage":{"@id":"https:\/\/editionsdudauphin.com\/en\/conferences-et-signatures\/dedicace-isabelle-robineau-librairie-thuard-9-novembre-2023#primaryimage"},"image":{"@id":"https:\/\/editionsdudauphin.com\/en\/conferences-et-signatures\/dedicace-isabelle-robineau-librairie-thuard-9-novembre-2023#primaryimage"},"thumbnailUrl":"https:\/\/editionsdudauphin.com\/wp-content\/uploads\/2023\/10\/Salon-WP.png","datePublished":"2023-11-03T09:54:32+00:00","dateModified":"2023-11-03T10:00:13+00:00","author":{"@id":"https:\/\/editionsdudauphin.com\/en#\/schema\/person\/605e9a19ba195a7dba70be10aabe23e4"},"description":"D\u00e9dicace avec Isabelle Robineau, auteure du livre \"L'autohypnose adapt\u00e9e \u00e0 mes besoins\" \u00e0 la librairie Thuard au Mans, le 9 novembre \u00e0 18h.","breadcrumb":{"@id":"https:\/\/editionsdudauphin.com\/en\/conferences-et-signatures\/dedicace-isabelle-robineau-librairie-thuard-9-novembre-2023#breadcrumb"},"inLanguage":"en-US","potentialAction":[{"@type":"ReadAction","target":["https:\/\/editionsdudauphin.com\/en\/conferences-et-signatures\/dedicace-isabelle-robineau-librairie-thuard-9-novembre-2023"]}]},{"@type":"ImageObject","inLanguage":"en-US","@id":"https:\/\/editionsdudauphin.com\/en\/conferences-et-signatures\/dedicace-isabelle-robineau-librairie-thuard-9-novembre-2023#primaryimage","url":"https:\/\/editionsdudauphin.com\/wp-content\/uploads\/2023\/10\/Salon-WP.png","contentUrl":"https:\/\/editionsdudauphin.com\/wp-content\/uploads\/2023\/10\/Salon-WP.png","width":1920,"height":1200,"caption":"D\u00e9dicace Isabelle Robineau - Librairie Thuard - Le Mans - 9 novembre 2023"},{"@type":"BreadcrumbList","@id":"https:\/\/editionsdudauphin.com\/en\/conferences-et-signatures\/dedicace-isabelle-robineau-librairie-thuard-9-novembre-2023#breadcrumb","itemListElement":[{"@type":"ListItem","position":1,"name":"Accueil","item":"https:\/\/editionsdudauphin.com\/en"},{"@type":"ListItem","position":2,"name":"D\u00e9dicace Isabelle Robineau &#8211; Librairie Thuard &#8211; 9 novembre 2023"}]},{"@type":"WebSite","@id":"https:\/\/editionsdudauphin.com\/en#website","url":"https:\/\/editionsdudauphin.com\/en","name":"\u00c9ditions du Dauphin","description":"","potentialAction":[{"@type":"SearchAction","target":{"@type":"EntryPoint","urlTemplate":"https:\/\/editionsdudauphin.com\/en?s={search_term_string}"},"query-input":{"@type":"PropertyValueSpecification","valueRequired":true,"valueName":"search_term_string"}}],"inLanguage":"en-US"},{"@type":"Person","@id":"https:\/\/editionsdudauphin.com\/en#\/schema\/person\/605e9a19ba195a7dba70be10aabe23e4","name":"presse","image":{"@type":"ImageObject","inLanguage":"en-US","@id":"https:\/\/secure.gravatar.com\/avatar\/ae91baae35470237c672b962ffa54a1c95ca50502127ca3bc999ed1afa02c958?s=96&d=mm&r=g","url":"https:\/\/secure.gravatar.com\/avatar\/ae91baae35470237c672b962ffa54a1c95ca50502127ca3bc999ed1afa02c958?s=96&d=mm&r=g","contentUrl":"https:\/\/secure.gravatar.com\/avatar\/ae91baae35470237c672b962ffa54a1c95ca50502127ca3bc999ed1afa02c958?s=96&d=mm&r=g","caption":"presse"}}]}},"_links":{"self":[{"href":"https:\/\/editionsdudauphin.com\/en\/wp-json\/wp\/v2\/posts\/16406","targetHints":{"allow":["GET"]}}],"collection":[{"href":"https:\/\/editionsdudauphin.com\/en\/wp-json\/wp\/v2\/posts"}],"about":[{"href":"https:\/\/editionsdudauphin.com\/en\/wp-json\/wp\/v2\/types\/post"}],"author":[{"embeddable":true,"href":"https:\/\/editionsdudauphin.com\/en\/wp-json\/wp\/v2\/users\/12"}],"replies":[{"embeddable":true,"href":"https:\/\/editionsdudauphin.com\/en\/wp-json\/wp\/v2\/comments?post=16406"}],"version-history":[{"count":0,"href":"https:\/\/editionsdudauphin.com\/en\/wp-json\/wp\/v2\/posts\/16406\/revisions"}],"wp:featuredmedia":[{"embeddable":true,"href":"https:\/\/editionsdudauphin.com\/en\/wp-json\/wp\/v2\/media\/16408"}],"wp:attachment":[{"href":"https:\/\/editionsdudauphin.com\/en\/wp-json\/wp\/v2\/media?parent=16406"}],"wp:term":[{"taxonomy":"category","embeddable":true,"href":"https:\/\/editionsdudauphin.com\/en\/wp-json\/wp\/v2\/categories?post=16406"},{"taxonomy":"post_tag","embeddable":true,"href":"https:\/\/editionsdudauphin.com\/en\/wp-json\/wp\/v2\/tags?post=16406"}],"curies":[{"name":"wp","href":"https:\/\/api.w.org\/{rel}","templated":true}]}}