{"id":16843,"date":"2024-01-09T15:10:44","date_gmt":"2024-01-09T14:10:44","guid":{"rendered":"https:\/\/editionsdudauphin.com\/?p=16843"},"modified":"2024-01-09T15:10:44","modified_gmt":"2024-01-09T14:10:44","slug":"salon-respire-la-vie-19-au-21-janvier-2024-vannes","status":"publish","type":"post","link":"https:\/\/editionsdudauphin.com\/en\/conferences-et-signatures\/salon-respire-la-vie-19-au-21-janvier-2024-vannes","title":{"rendered":"Salon Respire La Vie &#8211; 19 au 21 janvier 2024 &#8211; Vannes"},"content":{"rendered":"<div class=\"fusion-fullwidth fullwidth-box fusion-builder-row-1 fusion-flex-container has-pattern-background has-mask-background nonhundred-percent-fullwidth non-hundred-percent-height-scrolling\" style=\"--awb-border-radius-top-left:0px;--awb-border-radius-top-right:0px;--awb-border-radius-bottom-right:0px;--awb-border-radius-bottom-left:0px;--awb-flex-wrap:wrap;\" ><div class=\"fusion-builder-row fusion-row fusion-flex-align-items-flex-start fusion-flex-content-wrap\" style=\"max-width:1248px;margin-left: calc(-4% \/ 2 );margin-right: calc(-4% \/ 2 );\"><div class=\"fusion-layout-column fusion_builder_column fusion-builder-column-0 fusion_builder_column_1_1 1_1 fusion-flex-column\" style=\"--awb-bg-size:cover;--awb-width-large:100%;--awb-margin-top-large:0px;--awb-spacing-right-large:1.92%;--awb-margin-bottom-large:20px;--awb-spacing-left-large:1.92%;--awb-width-medium:100%;--awb-order-medium:0;--awb-spacing-right-medium:1.92%;--awb-spacing-left-medium:1.92%;--awb-width-small:100%;--awb-order-small:0;--awb-spacing-right-small:1.92%;--awb-spacing-left-small:1.92%;\"><div class=\"fusion-column-wrapper fusion-column-has-shadow fusion-flex-justify-content-flex-start fusion-content-layout-column\"><div class=\"fusion-text fusion-text-1\"><h2>Le salon Respire La Vie<\/h2>\n<p>Le Salon du livre Respire la Vie est l\u2019\u00e9v\u00e9nement incontournable pour tous les passionn\u00e9s de bien-\u00eatre, de sant\u00e9 naturelle et de d\u00e9veloppement personnel ! Chaque ann\u00e9e, des auteurs, des experts et des professionnels de renom se rassemblent pour offrir aux visiteurs une exp\u00e9rience unique, avec des conf\u00e9rences, des ateliers pratiques et des rencontres inspirantes. C\u2019est un \u00e9v\u00e9nement incontournable pour tous ceux qui cherchent \u00e0 vivre une vie plus saine, \u00e9quilibr\u00e9e et consciente.<\/p>\n<p>Vous d\u00e9couvrirez une s\u00e9lection incroyable de livres et d\u2019ouvrages qui vous aideront \u00e0 prendre soin de votre sant\u00e9, de votre alimentation, de votre bien-\u00eatre \u00e9motionnel et de votre d\u00e9veloppement personnel. Et ce n\u2019est pas tout ! Le salon est \u00e9galement l\u2019endroit id\u00e9al pour rencontrer des professionnels exp\u00e9riment\u00e9s qui vous guideront sur les th\u00e9rapies naturelles, les compl\u00e9ments alimentaires, les techniques de relaxation et bien plus encore. Mais ce n\u2019est pas seulement un salon du livre ! C\u2019est aussi un lieu de partage, d\u2019\u00e9change et de d\u00e9couverte o\u00f9 vous pourrez rencontrer des passionn\u00e9s et des experts qui sauront r\u00e9pondre \u00e0 toutes vos questions et vous donner des conseils personnalis\u00e9s pour am\u00e9liorer votre sant\u00e9 et votre bien-\u00eatre.<\/p>\n<h3>Le programme du vendredi 19 janvier<\/h3>\n<p>Retrouvez <a href=\"https:\/\/editionsdudauphin.com\/author-book\/robineau-isabelle\" target=\"_blank\" rel=\"noopener\">Isabelle Robineau<\/a> et <a href=\"https:\/\/editionsdudauphin.com\/author-book\/lachaume-julien\" target=\"_blank\" rel=\"noopener\">Julien Lachaume<\/a>, auteurs du livre <a href=\"https:\/\/editionsdudauphin.com\/livre\/themes\/bien-etre-sante\/sante\/prevention\/autohypnose-adaptee-a-mes-besoins-l\" target=\"_blank\" rel=\"noopener\">&#8220;L&#8217;autohypnose adapt\u00e9e \u00e0 mes besoins&#8221;<\/a> \u00e0 <strong>15h<\/strong> pour une conf\u00e9rence suivie d&#8217;une d\u00e9dicace. Vous pourrez \u00e9changer avec eux et repartir avec votre livre d\u00e9dicac\u00e9.<\/p>\n<p><img loading=\"lazy\" decoding=\"async\" class=\"size-full wp-image-16508 alignleft\" src=\"https:\/\/editionsdudauphin.com\/wp-content\/uploads\/2023\/11\/IsabelleRobineeau.jpeg\" alt=\"Isabelle Robineau\" width=\"330\" height=\"335\" srcset=\"https:\/\/editionsdudauphin.com\/wp-content\/uploads\/2023\/11\/IsabelleRobineeau-55x55.jpeg 55w, https:\/\/editionsdudauphin.com\/wp-content\/uploads\/2023\/11\/IsabelleRobineeau-66x66.jpeg 66w, https:\/\/editionsdudauphin.com\/wp-content\/uploads\/2023\/11\/IsabelleRobineeau-200x203.jpeg 200w, https:\/\/editionsdudauphin.com\/wp-content\/uploads\/2023\/11\/IsabelleRobineeau-296x300.jpeg 296w, https:\/\/editionsdudauphin.com\/wp-content\/uploads\/2023\/11\/IsabelleRobineeau.jpeg 330w\" sizes=\"auto, (max-width: 330px) 100vw, 330px\" \/>Isabelle Robineau, p\u00e9dicure-podologue de profession, et Julien Lachaume kin\u00e9sith\u00e9rapeute et ost\u00e9opathe se sont d\u00e9marqu\u00e9s en tant qu&#8217;auteurs. L&#8217;une dot\u00e9e d&#8217;une exp\u00e9rience de plus de vingt ans dans le domaine de la podologie, et l&#8217;un d&#8217;une exp\u00e9rience de plus de dix ans dans son domaine, ils ont \u00e9galement acquis un dipl\u00f4me de praticien et ma\u00eetre praticien en hypnose.<\/p>\n<p>Leur livre explore l&#8217;univers fascinant de l&#8217;autohypnose, une technique permettant \u00e0 chacun de plonger consciemment dans un \u00e9tat modifi\u00e9 de conscience. Dans ce guide, les auteurs vous conduisent pas \u00e0 pas \u00e0 travers cette d\u00e9couverte, offrant des r\u00e9sultats dans des domaines tels que l&#8217;arr\u00eat du tabac, la gestion de la douleur, le contr\u00f4le du poids et de l&#8217;alimentation, le d\u00e9passement des peurs profondes&#8230;etc.<\/p>\n<h3><\/h3>\n<h3><\/h3>\n<h3><\/h3>\n<p><img loading=\"lazy\" decoding=\"async\" class=\"wp-image-16852 size-medium\" src=\"https:\/\/editionsdudauphin.com\/wp-content\/uploads\/2024\/01\/20231130_144036-242x300.jpg\" alt=\"Julien Lachaume\" width=\"242\" height=\"300\" srcset=\"https:\/\/editionsdudauphin.com\/wp-content\/uploads\/2024\/01\/20231130_144036-200x247.jpg 200w, https:\/\/editionsdudauphin.com\/wp-content\/uploads\/2024\/01\/20231130_144036-242x300.jpg 242w, https:\/\/editionsdudauphin.com\/wp-content\/uploads\/2024\/01\/20231130_144036-400x495.jpg 400w, https:\/\/editionsdudauphin.com\/wp-content\/uploads\/2024\/01\/20231130_144036-404x500.jpg 404w, https:\/\/editionsdudauphin.com\/wp-content\/uploads\/2024\/01\/20231130_144036-500x619.jpg 500w, https:\/\/editionsdudauphin.com\/wp-content\/uploads\/2024\/01\/20231130_144036-600x742.jpg 600w, https:\/\/editionsdudauphin.com\/wp-content\/uploads\/2024\/01\/20231130_144036-700x866.jpg 700w, https:\/\/editionsdudauphin.com\/wp-content\/uploads\/2024\/01\/20231130_144036-768x950.jpg 768w, https:\/\/editionsdudauphin.com\/wp-content\/uploads\/2024\/01\/20231130_144036-800x990.jpg 800w, https:\/\/editionsdudauphin.com\/wp-content\/uploads\/2024\/01\/20231130_144036-828x1024.jpg 828w, https:\/\/editionsdudauphin.com\/wp-content\/uploads\/2024\/01\/20231130_144036-1200x1485.jpg 1200w, https:\/\/editionsdudauphin.com\/wp-content\/uploads\/2024\/01\/20231130_144036-1242x1536.jpg 1242w, https:\/\/editionsdudauphin.com\/wp-content\/uploads\/2024\/01\/20231130_144036-1655x2048.jpg 1655w\" sizes=\"auto, (max-width: 242px) 100vw, 242px\" \/><\/p>\n<h3>Le programme du samedi 20 janvier<\/h3>\n<p>Retrouvez notre auteure\u00a0<a href=\"https:\/\/editionsdudauphin.com\/author-book\/sylvia-cordonnier\" target=\"_blank\" rel=\"noopener\">Sylvia Cordonnier<\/a>\u00a0<strong>\u00e0 11h30<\/strong>\u00a0pour une conf\u00e9rence suivie d\u2019une s\u00e9ance de d\u00e9dicaces. Elle vous parlera de son livre \u00ab\u00a0<a href=\"https:\/\/editionsdudauphin.com\/livre\/themes\/spirualite-esoterisme\/esoterisme\/arts-divinatoires\/qi-men-dun-jia-initiation\" target=\"_blank\" rel=\"noopener\">Prendre les bonnes d\u00e9cisions au bon moment, initiation au Qi Men Dun Jia<\/a>\u00ab\u00a0. Vous pourrez \u00e9changer avec elle et repartir avec votre livre d\u00e9dicac\u00e9.<\/p>\n<picture><source srcset=\"https:\/\/editionsdudauphin.com\/wp-content\/uploads\/2023\/09\/SylviaCordonnier-9-1-200x267.jpg.webp 200w, https:\/\/editionsdudauphin.com\/wp-content\/uploads\/2023\/09\/SylviaCordonnier-9-1-225x300.jpg.webp 225w, https:\/\/editionsdudauphin.com\/wp-content\/uploads\/2023\/09\/SylviaCordonnier-9-1-375x500.jpg.webp 375w, https:\/\/editionsdudauphin.com\/wp-content\/uploads\/2023\/09\/SylviaCordonnier-9-1-400x533.jpg.webp 400w, https:\/\/editionsdudauphin.com\/wp-content\/uploads\/2023\/09\/SylviaCordonnier-9-1-500x667.jpg.webp 500w, https:\/\/editionsdudauphin.com\/wp-content\/uploads\/2023\/09\/SylviaCordonnier-9-1-600x800.jpg.webp 600w, https:\/\/editionsdudauphin.com\/wp-content\/uploads\/2023\/09\/SylviaCordonnier-9-1-700x933.jpg.webp 700w, https:\/\/editionsdudauphin.com\/wp-content\/uploads\/2023\/09\/SylviaCordonnier-9-1-768x1024.jpg.webp 768w, https:\/\/editionsdudauphin.com\/wp-content\/uploads\/2023\/09\/SylviaCordonnier-9-1-800x1067.jpg.webp 800w, https:\/\/editionsdudauphin.com\/wp-content\/uploads\/2023\/09\/SylviaCordonnier-9-1-1152x1536.jpg.webp 1152w, https:\/\/editionsdudauphin.com\/wp-content\/uploads\/2023\/09\/SylviaCordonnier-9-1-1200x1600.jpg.webp 1200w, https:\/\/editionsdudauphin.com\/wp-content\/uploads\/2023\/09\/SylviaCordonnier-9-1.jpg.webp 1440w\" type=\"image\/webp\" sizes=\"(max-width: 225px) 100vw, 225px\" \/><img loading=\"lazy\" decoding=\"async\" class=\"size-medium wp-image-16167 alignnone\" src=\"https:\/\/editionsdudauphin.com\/wp-content\/uploads\/2023\/09\/SylviaCordonnier-9-1-225x300.jpg\" sizes=\"auto, (max-width: 225px) 100vw, 225px\" srcset=\"https:\/\/editionsdudauphin.com\/wp-content\/uploads\/2023\/09\/SylviaCordonnier-9-1-200x267.jpg 200w, https:\/\/editionsdudauphin.com\/wp-content\/uploads\/2023\/09\/SylviaCordonnier-9-1-225x300.jpg 225w, https:\/\/editionsdudauphin.com\/wp-content\/uploads\/2023\/09\/SylviaCordonnier-9-1-375x500.jpg 375w, https:\/\/editionsdudauphin.com\/wp-content\/uploads\/2023\/09\/SylviaCordonnier-9-1-400x533.jpg 400w, https:\/\/editionsdudauphin.com\/wp-content\/uploads\/2023\/09\/SylviaCordonnier-9-1-500x667.jpg 500w, https:\/\/editionsdudauphin.com\/wp-content\/uploads\/2023\/09\/SylviaCordonnier-9-1-600x800.jpg 600w, https:\/\/editionsdudauphin.com\/wp-content\/uploads\/2023\/09\/SylviaCordonnier-9-1-700x933.jpg 700w, https:\/\/editionsdudauphin.com\/wp-content\/uploads\/2023\/09\/SylviaCordonnier-9-1-768x1024.jpg 768w, https:\/\/editionsdudauphin.com\/wp-content\/uploads\/2023\/09\/SylviaCordonnier-9-1-800x1067.jpg 800w, https:\/\/editionsdudauphin.com\/wp-content\/uploads\/2023\/09\/SylviaCordonnier-9-1-1152x1536.jpg 1152w, https:\/\/editionsdudauphin.com\/wp-content\/uploads\/2023\/09\/SylviaCordonnier-9-1-1200x1600.jpg 1200w, https:\/\/editionsdudauphin.com\/wp-content\/uploads\/2023\/09\/SylviaCordonnier-9-1.jpg 1440w\" alt=\"sylvia cordonnier\" width=\"225\" height=\"300\" data-eio=\"p\" \/><\/picture>\n<p>Auteure passionn\u00e9e, elle partage \u00e0 travers son livre ses conseils pour vous aider \u00e0 suivre une vie plus \u00e9panouie en apprenant \u00e0 savoir quand prendre les bonnes d\u00e9cisions au bon moment.<\/p>\n<p>Que vous soyez d\u00e9butants ou professionnels, hommes\/femmes d\u2019affaires ou dirigeants ou simplement en qu\u00eate de r\u00e9ponses comme nous tous, ce livre est fait pour vous.<\/p>\n<p>Vous souhaitez vous marier, est-ce le bon moment pour en discuter ?<\/p>\n<p>Vous souhaitez vendre votre maison, est-ce le bon moment ?<\/p>\n<p>N\u2019attendez plus la r\u00e9ponse, vous la trouverez au salon avec Sylvia Cordonnier.<\/p>\n<h2>Informations pratiques<\/h2>\n<p>Pour r\u00e9cup\u00e9rer votre entr\u00e9e gratuite,\u00a0<a href=\"https:\/\/www.respirelavie.fr\/vannes\/visiteur_invitation\/\" target=\"_blank\" rel=\"noopener\">c\u2019est ici<\/a><\/p>\n<p>Pour toutes les informations relatives au salon,\u00a0<a href=\"https:\/\/www.respirelavie.fr\/vannes\/infos-pratiques\/\" target=\"_blank\" rel=\"noopener\">cliquez ici<\/a><\/p>\n<p>Pour acc\u00e9der au salon,\u00a0<a href=\"https:\/\/www.respirelavie.fr\/vannes\/infos-pratiques\/comment-venir\/\" target=\"_blank\" rel=\"noopener\">rendez-vous ici<\/a><\/p>\n<\/div><\/div><\/div><\/div><\/div>\n","protected":false},"excerpt":{"rendered":"","protected":false},"author":12,"featured_media":16849,"comment_status":"closed","ping_status":"closed","sticky":false,"template":"","format":"standard","meta":{"_acf_changed":false,"wpupg_custom_link":[],"wpupg_custom_link_behaviour":["default"],"wpupg_custom_link_nofollow":[],"wpupg_custom_image":[],"wpupg_custom_image_id":[],"footnotes":""},"categories":[136],"tags":[],"class_list":["post-16843","post","type-post","status-publish","format-standard","has-post-thumbnail","hentry","category-conferences-et-signatures"],"acf":[],"yoast_head":"<!-- This site is optimized with the Yoast SEO plugin v27.4 - https:\/\/yoast.com\/product\/yoast-seo-wordpress\/ -->\n<title>Salon Respire La Vie - 19 au 21 janvier 2024 - Vannes<\/title>\n<meta name=\"description\" content=\"Retrouvez nos auteurs au salon Respire La Vie les 19 et 20 janvier 2024 \u00e0 Vannes et repartez avec vos livres d\u00e9dicac\u00e9s.\" \/>\n<meta name=\"robots\" content=\"index, follow, max-snippet:-1, max-image-preview:large, max-video-preview:-1\" \/>\n<link rel=\"canonical\" href=\"https:\/\/editionsdudauphin.com\/en\/conferences-et-signatures\/salon-respire-la-vie-19-au-21-janvier-2024-vannes\" \/>\n<meta property=\"og:locale\" content=\"en_US\" \/>\n<meta property=\"og:type\" content=\"article\" \/>\n<meta property=\"og:title\" content=\"Salon Respire La Vie - 19 au 21 janvier 2024 - Vannes\" \/>\n<meta property=\"og:description\" content=\"Retrouvez nos auteurs au salon Respire La Vie les 19 et 20 janvier 2024 \u00e0 Vannes et repartez avec vos livres d\u00e9dicac\u00e9s.\" \/>\n<meta property=\"og:url\" content=\"https:\/\/editionsdudauphin.com\/en\/conferences-et-signatures\/salon-respire-la-vie-19-au-21-janvier-2024-vannes\" \/>\n<meta property=\"og:site_name\" content=\"\u00c9ditions du Dauphin\" \/>\n<meta property=\"article:published_time\" content=\"2024-01-09T14:10:44+00:00\" \/>\n<meta property=\"og:image\" content=\"https:\/\/editionsdudauphin.com\/wp-content\/uploads\/2024\/01\/Sans-titre.jpeg\" \/>\n\t<meta property=\"og:image:width\" content=\"896\" \/>\n\t<meta property=\"og:image:height\" content=\"560\" \/>\n\t<meta property=\"og:image:type\" content=\"image\/jpeg\" \/>\n<meta name=\"author\" content=\"presse\" \/>\n<meta name=\"twitter:card\" content=\"summary_large_image\" \/>\n<meta name=\"twitter:label1\" content=\"Written by\" \/>\n\t<meta name=\"twitter:data1\" content=\"presse\" \/>\n\t<meta name=\"twitter:label2\" content=\"Est. reading time\" \/>\n\t<meta name=\"twitter:data2\" content=\"4 minutes\" \/>\n<script type=\"application\/ld+json\" class=\"yoast-schema-graph\">{\"@context\":\"https:\\\/\\\/schema.org\",\"@graph\":[{\"@type\":\"Article\",\"@id\":\"https:\\\/\\\/editionsdudauphin.com\\\/en\\\/conferences-et-signatures\\\/salon-respire-la-vie-19-au-21-janvier-2024-vannes#article\",\"isPartOf\":{\"@id\":\"https:\\\/\\\/editionsdudauphin.com\\\/en\\\/conferences-et-signatures\\\/salon-respire-la-vie-19-au-21-janvier-2024-vannes\"},\"author\":{\"name\":\"presse\",\"@id\":\"https:\\\/\\\/editionsdudauphin.com\\\/en#\\\/schema\\\/person\\\/605e9a19ba195a7dba70be10aabe23e4\"},\"headline\":\"Salon Respire La Vie &#8211; 19 au 21 janvier 2024 &#8211; Vannes\",\"datePublished\":\"2024-01-09T14:10:44+00:00\",\"mainEntityOfPage\":{\"@id\":\"https:\\\/\\\/editionsdudauphin.com\\\/en\\\/conferences-et-signatures\\\/salon-respire-la-vie-19-au-21-janvier-2024-vannes\"},\"wordCount\":1546,\"image\":{\"@id\":\"https:\\\/\\\/editionsdudauphin.com\\\/en\\\/conferences-et-signatures\\\/salon-respire-la-vie-19-au-21-janvier-2024-vannes#primaryimage\"},\"thumbnailUrl\":\"https:\\\/\\\/editionsdudauphin.com\\\/wp-content\\\/uploads\\\/2024\\\/01\\\/Sans-titre.jpeg\",\"articleSection\":[\"Conf\u00e9rences &amp; signatures &amp; salons\"],\"inLanguage\":\"en-US\"},{\"@type\":\"WebPage\",\"@id\":\"https:\\\/\\\/editionsdudauphin.com\\\/en\\\/conferences-et-signatures\\\/salon-respire-la-vie-19-au-21-janvier-2024-vannes\",\"url\":\"https:\\\/\\\/editionsdudauphin.com\\\/en\\\/conferences-et-signatures\\\/salon-respire-la-vie-19-au-21-janvier-2024-vannes\",\"name\":\"Salon Respire La Vie - 19 au 21 janvier 2024 - Vannes\",\"isPartOf\":{\"@id\":\"https:\\\/\\\/editionsdudauphin.com\\\/en#website\"},\"primaryImageOfPage\":{\"@id\":\"https:\\\/\\\/editionsdudauphin.com\\\/en\\\/conferences-et-signatures\\\/salon-respire-la-vie-19-au-21-janvier-2024-vannes#primaryimage\"},\"image\":{\"@id\":\"https:\\\/\\\/editionsdudauphin.com\\\/en\\\/conferences-et-signatures\\\/salon-respire-la-vie-19-au-21-janvier-2024-vannes#primaryimage\"},\"thumbnailUrl\":\"https:\\\/\\\/editionsdudauphin.com\\\/wp-content\\\/uploads\\\/2024\\\/01\\\/Sans-titre.jpeg\",\"datePublished\":\"2024-01-09T14:10:44+00:00\",\"author\":{\"@id\":\"https:\\\/\\\/editionsdudauphin.com\\\/en#\\\/schema\\\/person\\\/605e9a19ba195a7dba70be10aabe23e4\"},\"description\":\"Retrouvez nos auteurs au salon Respire La Vie les 19 et 20 janvier 2024 \u00e0 Vannes et repartez avec vos livres d\u00e9dicac\u00e9s.\",\"breadcrumb\":{\"@id\":\"https:\\\/\\\/editionsdudauphin.com\\\/en\\\/conferences-et-signatures\\\/salon-respire-la-vie-19-au-21-janvier-2024-vannes#breadcrumb\"},\"inLanguage\":\"en-US\",\"potentialAction\":[{\"@type\":\"ReadAction\",\"target\":[\"https:\\\/\\\/editionsdudauphin.com\\\/en\\\/conferences-et-signatures\\\/salon-respire-la-vie-19-au-21-janvier-2024-vannes\"]}]},{\"@type\":\"ImageObject\",\"inLanguage\":\"en-US\",\"@id\":\"https:\\\/\\\/editionsdudauphin.com\\\/en\\\/conferences-et-signatures\\\/salon-respire-la-vie-19-au-21-janvier-2024-vannes#primaryimage\",\"url\":\"https:\\\/\\\/editionsdudauphin.com\\\/wp-content\\\/uploads\\\/2024\\\/01\\\/Sans-titre.jpeg\",\"contentUrl\":\"https:\\\/\\\/editionsdudauphin.com\\\/wp-content\\\/uploads\\\/2024\\\/01\\\/Sans-titre.jpeg\",\"width\":896,\"height\":560,\"caption\":\"Salon respire La Vie - Vannes - 2024\"},{\"@type\":\"BreadcrumbList\",\"@id\":\"https:\\\/\\\/editionsdudauphin.com\\\/en\\\/conferences-et-signatures\\\/salon-respire-la-vie-19-au-21-janvier-2024-vannes#breadcrumb\",\"itemListElement\":[{\"@type\":\"ListItem\",\"position\":1,\"name\":\"Accueil\",\"item\":\"https:\\\/\\\/editionsdudauphin.com\\\/en\"},{\"@type\":\"ListItem\",\"position\":2,\"name\":\"Salon Respire La Vie &#8211; 19 au 21 janvier 2024 &#8211; Vannes\"}]},{\"@type\":\"WebSite\",\"@id\":\"https:\\\/\\\/editionsdudauphin.com\\\/en#website\",\"url\":\"https:\\\/\\\/editionsdudauphin.com\\\/en\",\"name\":\"\u00c9ditions du Dauphin\",\"description\":\"\",\"potentialAction\":[{\"@type\":\"SearchAction\",\"target\":{\"@type\":\"EntryPoint\",\"urlTemplate\":\"https:\\\/\\\/editionsdudauphin.com\\\/en?s={search_term_string}\"},\"query-input\":{\"@type\":\"PropertyValueSpecification\",\"valueRequired\":true,\"valueName\":\"search_term_string\"}}],\"inLanguage\":\"en-US\"},{\"@type\":\"Person\",\"@id\":\"https:\\\/\\\/editionsdudauphin.com\\\/en#\\\/schema\\\/person\\\/605e9a19ba195a7dba70be10aabe23e4\",\"name\":\"presse\",\"image\":{\"@type\":\"ImageObject\",\"inLanguage\":\"en-US\",\"@id\":\"https:\\\/\\\/secure.gravatar.com\\\/avatar\\\/ae91baae35470237c672b962ffa54a1c95ca50502127ca3bc999ed1afa02c958?s=96&d=mm&r=g\",\"url\":\"https:\\\/\\\/secure.gravatar.com\\\/avatar\\\/ae91baae35470237c672b962ffa54a1c95ca50502127ca3bc999ed1afa02c958?s=96&d=mm&r=g\",\"contentUrl\":\"https:\\\/\\\/secure.gravatar.com\\\/avatar\\\/ae91baae35470237c672b962ffa54a1c95ca50502127ca3bc999ed1afa02c958?s=96&d=mm&r=g\",\"caption\":\"presse\"}}]}<\/script>\n<!-- \/ Yoast SEO plugin. -->","yoast_head_json":{"title":"Salon Respire La Vie - 19 au 21 janvier 2024 - Vannes","description":"Retrouvez nos auteurs au salon Respire La Vie les 19 et 20 janvier 2024 \u00e0 Vannes et repartez avec vos livres d\u00e9dicac\u00e9s.","robots":{"index":"index","follow":"follow","max-snippet":"max-snippet:-1","max-image-preview":"max-image-preview:large","max-video-preview":"max-video-preview:-1"},"canonical":"https:\/\/editionsdudauphin.com\/en\/conferences-et-signatures\/salon-respire-la-vie-19-au-21-janvier-2024-vannes","og_locale":"en_US","og_type":"article","og_title":"Salon Respire La Vie - 19 au 21 janvier 2024 - Vannes","og_description":"Retrouvez nos auteurs au salon Respire La Vie les 19 et 20 janvier 2024 \u00e0 Vannes et repartez avec vos livres d\u00e9dicac\u00e9s.","og_url":"https:\/\/editionsdudauphin.com\/en\/conferences-et-signatures\/salon-respire-la-vie-19-au-21-janvier-2024-vannes","og_site_name":"\u00c9ditions du Dauphin","article_published_time":"2024-01-09T14:10:44+00:00","og_image":[{"width":896,"height":560,"url":"https:\/\/editionsdudauphin.com\/wp-content\/uploads\/2024\/01\/Sans-titre.jpeg","type":"image\/jpeg"}],"author":"presse","twitter_card":"summary_large_image","twitter_misc":{"Written by":"presse","Est. reading time":"4 minutes"},"schema":{"@context":"https:\/\/schema.org","@graph":[{"@type":"Article","@id":"https:\/\/editionsdudauphin.com\/en\/conferences-et-signatures\/salon-respire-la-vie-19-au-21-janvier-2024-vannes#article","isPartOf":{"@id":"https:\/\/editionsdudauphin.com\/en\/conferences-et-signatures\/salon-respire-la-vie-19-au-21-janvier-2024-vannes"},"author":{"name":"presse","@id":"https:\/\/editionsdudauphin.com\/en#\/schema\/person\/605e9a19ba195a7dba70be10aabe23e4"},"headline":"Salon Respire La Vie &#8211; 19 au 21 janvier 2024 &#8211; Vannes","datePublished":"2024-01-09T14:10:44+00:00","mainEntityOfPage":{"@id":"https:\/\/editionsdudauphin.com\/en\/conferences-et-signatures\/salon-respire-la-vie-19-au-21-janvier-2024-vannes"},"wordCount":1546,"image":{"@id":"https:\/\/editionsdudauphin.com\/en\/conferences-et-signatures\/salon-respire-la-vie-19-au-21-janvier-2024-vannes#primaryimage"},"thumbnailUrl":"https:\/\/editionsdudauphin.com\/wp-content\/uploads\/2024\/01\/Sans-titre.jpeg","articleSection":["Conf\u00e9rences &amp; signatures &amp; salons"],"inLanguage":"en-US"},{"@type":"WebPage","@id":"https:\/\/editionsdudauphin.com\/en\/conferences-et-signatures\/salon-respire-la-vie-19-au-21-janvier-2024-vannes","url":"https:\/\/editionsdudauphin.com\/en\/conferences-et-signatures\/salon-respire-la-vie-19-au-21-janvier-2024-vannes","name":"Salon Respire La Vie - 19 au 21 janvier 2024 - Vannes","isPartOf":{"@id":"https:\/\/editionsdudauphin.com\/en#website"},"primaryImageOfPage":{"@id":"https:\/\/editionsdudauphin.com\/en\/conferences-et-signatures\/salon-respire-la-vie-19-au-21-janvier-2024-vannes#primaryimage"},"image":{"@id":"https:\/\/editionsdudauphin.com\/en\/conferences-et-signatures\/salon-respire-la-vie-19-au-21-janvier-2024-vannes#primaryimage"},"thumbnailUrl":"https:\/\/editionsdudauphin.com\/wp-content\/uploads\/2024\/01\/Sans-titre.jpeg","datePublished":"2024-01-09T14:10:44+00:00","author":{"@id":"https:\/\/editionsdudauphin.com\/en#\/schema\/person\/605e9a19ba195a7dba70be10aabe23e4"},"description":"Retrouvez nos auteurs au salon Respire La Vie les 19 et 20 janvier 2024 \u00e0 Vannes et repartez avec vos livres d\u00e9dicac\u00e9s.","breadcrumb":{"@id":"https:\/\/editionsdudauphin.com\/en\/conferences-et-signatures\/salon-respire-la-vie-19-au-21-janvier-2024-vannes#breadcrumb"},"inLanguage":"en-US","potentialAction":[{"@type":"ReadAction","target":["https:\/\/editionsdudauphin.com\/en\/conferences-et-signatures\/salon-respire-la-vie-19-au-21-janvier-2024-vannes"]}]},{"@type":"ImageObject","inLanguage":"en-US","@id":"https:\/\/editionsdudauphin.com\/en\/conferences-et-signatures\/salon-respire-la-vie-19-au-21-janvier-2024-vannes#primaryimage","url":"https:\/\/editionsdudauphin.com\/wp-content\/uploads\/2024\/01\/Sans-titre.jpeg","contentUrl":"https:\/\/editionsdudauphin.com\/wp-content\/uploads\/2024\/01\/Sans-titre.jpeg","width":896,"height":560,"caption":"Salon respire La Vie - Vannes - 2024"},{"@type":"BreadcrumbList","@id":"https:\/\/editionsdudauphin.com\/en\/conferences-et-signatures\/salon-respire-la-vie-19-au-21-janvier-2024-vannes#breadcrumb","itemListElement":[{"@type":"ListItem","position":1,"name":"Accueil","item":"https:\/\/editionsdudauphin.com\/en"},{"@type":"ListItem","position":2,"name":"Salon Respire La Vie &#8211; 19 au 21 janvier 2024 &#8211; Vannes"}]},{"@type":"WebSite","@id":"https:\/\/editionsdudauphin.com\/en#website","url":"https:\/\/editionsdudauphin.com\/en","name":"\u00c9ditions du Dauphin","description":"","potentialAction":[{"@type":"SearchAction","target":{"@type":"EntryPoint","urlTemplate":"https:\/\/editionsdudauphin.com\/en?s={search_term_string}"},"query-input":{"@type":"PropertyValueSpecification","valueRequired":true,"valueName":"search_term_string"}}],"inLanguage":"en-US"},{"@type":"Person","@id":"https:\/\/editionsdudauphin.com\/en#\/schema\/person\/605e9a19ba195a7dba70be10aabe23e4","name":"presse","image":{"@type":"ImageObject","inLanguage":"en-US","@id":"https:\/\/secure.gravatar.com\/avatar\/ae91baae35470237c672b962ffa54a1c95ca50502127ca3bc999ed1afa02c958?s=96&d=mm&r=g","url":"https:\/\/secure.gravatar.com\/avatar\/ae91baae35470237c672b962ffa54a1c95ca50502127ca3bc999ed1afa02c958?s=96&d=mm&r=g","contentUrl":"https:\/\/secure.gravatar.com\/avatar\/ae91baae35470237c672b962ffa54a1c95ca50502127ca3bc999ed1afa02c958?s=96&d=mm&r=g","caption":"presse"}}]}},"_links":{"self":[{"href":"https:\/\/editionsdudauphin.com\/en\/wp-json\/wp\/v2\/posts\/16843","targetHints":{"allow":["GET"]}}],"collection":[{"href":"https:\/\/editionsdudauphin.com\/en\/wp-json\/wp\/v2\/posts"}],"about":[{"href":"https:\/\/editionsdudauphin.com\/en\/wp-json\/wp\/v2\/types\/post"}],"author":[{"embeddable":true,"href":"https:\/\/editionsdudauphin.com\/en\/wp-json\/wp\/v2\/users\/12"}],"replies":[{"embeddable":true,"href":"https:\/\/editionsdudauphin.com\/en\/wp-json\/wp\/v2\/comments?post=16843"}],"version-history":[{"count":0,"href":"https:\/\/editionsdudauphin.com\/en\/wp-json\/wp\/v2\/posts\/16843\/revisions"}],"wp:featuredmedia":[{"embeddable":true,"href":"https:\/\/editionsdudauphin.com\/en\/wp-json\/wp\/v2\/media\/16849"}],"wp:attachment":[{"href":"https:\/\/editionsdudauphin.com\/en\/wp-json\/wp\/v2\/media?parent=16843"}],"wp:term":[{"taxonomy":"category","embeddable":true,"href":"https:\/\/editionsdudauphin.com\/en\/wp-json\/wp\/v2\/categories?post=16843"},{"taxonomy":"post_tag","embeddable":true,"href":"https:\/\/editionsdudauphin.com\/en\/wp-json\/wp\/v2\/tags?post=16843"}],"curies":[{"name":"wp","href":"https:\/\/api.w.org\/{rel}","templated":true}]}}