{"id":16855,"date":"2024-01-09T16:44:39","date_gmt":"2024-01-09T15:44:39","guid":{"rendered":"https:\/\/editionsdudauphin.com\/?p=16855"},"modified":"2024-01-09T16:44:39","modified_gmt":"2024-01-09T15:44:39","slug":"salon-respire-la-vie-16-au-18-fevrier-2024-rennes","status":"publish","type":"post","link":"https:\/\/editionsdudauphin.com\/en\/conferences-signatures\/salon-respire-la-vie-16-au-18-fevrier-2024-rennes","title":{"rendered":"Salon Respire La Vie &#8211; 16 au 18 f\u00e9vrier 2024 &#8211; Rennes"},"content":{"rendered":"<div class=\"fusion-fullwidth fullwidth-box fusion-builder-row-1 fusion-flex-container has-pattern-background has-mask-background nonhundred-percent-fullwidth non-hundred-percent-height-scrolling\" style=\"--awb-border-radius-top-left:0px;--awb-border-radius-top-right:0px;--awb-border-radius-bottom-right:0px;--awb-border-radius-bottom-left:0px;--awb-flex-wrap:wrap;\" ><div class=\"fusion-builder-row fusion-row fusion-flex-align-items-flex-start fusion-flex-content-wrap\" style=\"max-width:1248px;margin-left: calc(-4% \/ 2 );margin-right: calc(-4% \/ 2 );\"><div class=\"fusion-layout-column fusion_builder_column fusion-builder-column-0 fusion_builder_column_1_1 1_1 fusion-flex-column\" style=\"--awb-bg-size:cover;--awb-width-large:100%;--awb-margin-top-large:0px;--awb-spacing-right-large:1.92%;--awb-margin-bottom-large:20px;--awb-spacing-left-large:1.92%;--awb-width-medium:100%;--awb-order-medium:0;--awb-spacing-right-medium:1.92%;--awb-spacing-left-medium:1.92%;--awb-width-small:100%;--awb-order-small:0;--awb-spacing-right-small:1.92%;--awb-spacing-left-small:1.92%;\"><div class=\"fusion-column-wrapper fusion-column-has-shadow fusion-flex-justify-content-flex-start fusion-content-layout-column\"><div class=\"fusion-text fusion-text-1\"><h2>Le salon Respire La Vie<\/h2>\n<p>Le Salon du livre Respire la Vie est l\u2019\u00e9v\u00e9nement incontournable pour tous les passionn\u00e9s de bien-\u00eatre, de sant\u00e9 naturelle et de d\u00e9veloppement personnel ! Chaque ann\u00e9e, des auteurs, des experts et des professionnels de renom se rassemblent pour offrir aux visiteurs une exp\u00e9rience unique, avec des conf\u00e9rences, des ateliers pratiques et des rencontres inspirantes. C\u2019est un \u00e9v\u00e9nement incontournable pour tous ceux qui cherchent \u00e0 vivre une vie plus saine, \u00e9quilibr\u00e9e et consciente.<\/p>\n<p>Vous d\u00e9couvrirez une s\u00e9lection incroyable de livres et d\u2019ouvrages qui vous aideront \u00e0 prendre soin de votre sant\u00e9, de votre alimentation, de votre bien-\u00eatre \u00e9motionnel et de votre d\u00e9veloppement personnel. Et ce n\u2019est pas tout ! Le salon est \u00e9galement l\u2019endroit id\u00e9al pour rencontrer des professionnels exp\u00e9riment\u00e9s qui vous guideront sur les th\u00e9rapies naturelles, les compl\u00e9ments alimentaires, les techniques de relaxation et bien plus encore. Mais ce n\u2019est pas seulement un salon du livre ! C\u2019est aussi un lieu de partage, d\u2019\u00e9change et de d\u00e9couverte o\u00f9 vous pourrez rencontrer des passionn\u00e9s et des experts qui sauront r\u00e9pondre \u00e0 toutes vos questions et vous donner des conseils personnalis\u00e9s pour am\u00e9liorer votre sant\u00e9 et votre bien-\u00eatre.<\/p>\n<h3>Le programme du vendredi 16 f\u00e9vrier<\/h3>\n<p>Retrouvez <a href=\"https:\/\/editionsdudauphin.com\/author-book\/caroline-mangiaracina\" target=\"_blank\" rel=\"noopener\">Caroline Mangiaracina<\/a>, auteure du livre <a href=\"https:\/\/editionsdudauphin.com\/livre\/themes\/bien-etre-sante\/bien-etre\/forme\/votre-boite-a-outils-mieux-etre\" target=\"_blank\" rel=\"noopener\">&#8220;Votre bo\u00eete \u00e0 outils mieux-\u00eatre&#8221;<\/a> <strong>\u00e0 11h30<\/strong> pour une conf\u00e9rence suivie d&#8217;une d\u00e9dicace. Vous pourrez \u00e9changer avec elle et repartir avec votre livre d\u00e9dicac\u00e9.<\/p>\n<p>Caroline Mangiaracina, sophrologue certifi\u00e9e RNCP, incarne une passionnante voyageuse de l&#8217;exploration int\u00e9rieure depuis plus d&#8217;une d\u00e9cennie. Sa d\u00e9couverte initiale de la sophrologie remonte \u00e0 11 ans, un moment charni\u00e8re qui a marqu\u00e9 le d\u00e9but d&#8217;une qu\u00eate personnelle et professionnelle d\u00e9di\u00e9e au bien-\u00eatre et \u00e0 la croissance personnelle. Titulaire d&#8217;une c<img loading=\"lazy\" decoding=\"async\" class=\"alignleft wp-image-16102 size-medium\" src=\"https:\/\/editionsdudauphin.com\/wp-content\/uploads\/2023\/09\/MangiaracinaCaroline-1-219x300.jpg\" alt=\"Caroline Mangiaracina\" width=\"219\" height=\"300\" srcset=\"https:\/\/editionsdudauphin.com\/wp-content\/uploads\/2023\/09\/MangiaracinaCaroline-1-200x274.jpg 200w, https:\/\/editionsdudauphin.com\/wp-content\/uploads\/2023\/09\/MangiaracinaCaroline-1-219x300.jpg 219w, https:\/\/editionsdudauphin.com\/wp-content\/uploads\/2023\/09\/MangiaracinaCaroline-1-365x500.jpg 365w, https:\/\/editionsdudauphin.com\/wp-content\/uploads\/2023\/09\/MangiaracinaCaroline-1-400x548.jpg 400w, https:\/\/editionsdudauphin.com\/wp-content\/uploads\/2023\/09\/MangiaracinaCaroline-1-500x685.jpg 500w, https:\/\/editionsdudauphin.com\/wp-content\/uploads\/2023\/09\/MangiaracinaCaroline-1-600x822.jpg 600w, https:\/\/editionsdudauphin.com\/wp-content\/uploads\/2023\/09\/MangiaracinaCaroline-1-700x959.jpg 700w, https:\/\/editionsdudauphin.com\/wp-content\/uploads\/2023\/09\/MangiaracinaCaroline-1-747x1024.jpg 747w, https:\/\/editionsdudauphin.com\/wp-content\/uploads\/2023\/09\/MangiaracinaCaroline-1-768x1053.jpg 768w, https:\/\/editionsdudauphin.com\/wp-content\/uploads\/2023\/09\/MangiaracinaCaroline-1-800x1096.jpg 800w, https:\/\/editionsdudauphin.com\/wp-content\/uploads\/2023\/09\/MangiaracinaCaroline-1-1121x1536.jpg 1121w, https:\/\/editionsdudauphin.com\/wp-content\/uploads\/2023\/09\/MangiaracinaCaroline-1-1200x1645.jpg 1200w, https:\/\/editionsdudauphin.com\/wp-content\/uploads\/2023\/09\/MangiaracinaCaroline-1.jpg 1401w\" sizes=\"auto, (max-width: 219px) 100vw, 219px\" \/>ertification RNCP, Caroline a consolid\u00e9 ses comp\u00e9tences en se sp\u00e9cialisant dans la \u00ab P\u00e9dagogie Sophro Ludique \u00bb, une approche dynamique qui int\u00e8gre la ludicit\u00e9 pour rendre la sophrologie accessible et engageante. Soucieuse d&#8217;\u00e9largir ses horizons th\u00e9rapeutiques, elle s&#8217;est \u00e9galement form\u00e9e \u00e0 l&#8217;EFT (Emotional Freedom Techniques) et \u00e0 la m\u00e9ditation de pleine conscience, enrichissant ainsi son r\u00e9pertoire d&#8217;outils pour accompagner ses clients vers une meilleure harmonie mentale et \u00e9motionnelle. Depuis l&#8217;obtention de sa certification, Caroline partage sa passion et son expertise en offrant des cours de sophrologie tant aux particuliers qu&#8217;aux salari\u00e9s, travaillant avec des comit\u00e9s d&#8217;entreprise pour favoriser le bien-\u00eatre au sein des milieux professionnels. Sa p\u00e9dagogie, empreinte de sensibilit\u00e9 et d&#8217;\u00e9coute, vise \u00e0 guider chacun vers une meilleure connaissance de soi et \u00e0 cultiver un \u00e9quilibre int\u00e9rieur durable. Install\u00e9e en r\u00e9gion parisienne, Caroline Mangiaracina apporte son savoir-faire et sa bienveillance \u00e0 ceux qui cherchent \u00e0 explorer les voies de la d\u00e9tente, de la conscience et de l&#8217;\u00e9panouissement personnel. Son engagement envers le bien-\u00eatre global se refl\u00e8te dans son approche holistique, faisant d&#8217;elle une praticienne d\u00e9vou\u00e9e \u00e0 accompagner les autres sur le chemin de la s\u00e9r\u00e9nit\u00e9 et de la d\u00e9couverte de leur plein potentiel.<\/p>\n<h3><\/h3>\n<h3>Le programme du samedi 17 f\u00e9vrier<\/h3>\n<p>Retrouvez <a href=\"https:\/\/editionsdudauphin.com\/author-book\/laurence-le-henry\" target=\"_blank\" rel=\"noopener\">Laurence Le Henry<\/a>, auteure du livre <a href=\"https:\/\/editionsdudauphin.com\/livre\/themes\/bien-etre-sante\/sante\/medecines-naturelles\/linstant-sophrologie\" target=\"_blank\" rel=\"noopener\">&#8220;L&#8217;instant sophrologie&#8221;<\/a> \u00e0 11h30 pour une conf\u00e9rence suivie d&#8217;une d\u00e9dicace. Vous pourrez \u00e9changer avec elle et faire d\u00e9dicacer votre exemplaire.<\/p>\n<p><img loading=\"lazy\" decoding=\"async\" class=\"alignleft wp-image-16203 size-medium\" src=\"https:\/\/editionsdudauphin.com\/wp-content\/uploads\/2023\/09\/Laurence-le-Henry-225x300.jpg\" alt=\"Laurence Le Henry\" width=\"225\" height=\"300\" srcset=\"https:\/\/editionsdudauphin.com\/wp-content\/uploads\/2023\/09\/Laurence-le-Henry-200x267.jpg 200w, https:\/\/editionsdudauphin.com\/wp-content\/uploads\/2023\/09\/Laurence-le-Henry-225x300.jpg 225w, https:\/\/editionsdudauphin.com\/wp-content\/uploads\/2023\/09\/Laurence-le-Henry-375x500.jpg 375w, https:\/\/editionsdudauphin.com\/wp-content\/uploads\/2023\/09\/Laurence-le-Henry-400x533.jpg 400w, https:\/\/editionsdudauphin.com\/wp-content\/uploads\/2023\/09\/Laurence-le-Henry-500x666.jpg 500w, https:\/\/editionsdudauphin.com\/wp-content\/uploads\/2023\/09\/Laurence-le-Henry-600x800.jpg 600w, https:\/\/editionsdudauphin.com\/wp-content\/uploads\/2023\/09\/Laurence-le-Henry-700x933.jpg 700w, https:\/\/editionsdudauphin.com\/wp-content\/uploads\/2023\/09\/Laurence-le-Henry-768x1023.jpg 768w, https:\/\/editionsdudauphin.com\/wp-content\/uploads\/2023\/09\/Laurence-le-Henry.jpg 800w\" sizes=\"auto, (max-width: 225px) 100vw, 225px\" \/>Laurence Le Henry incarne une sophrologue chevronn\u00e9e, apportant son expertise bienveillante et son savoir-faire \u00e0 la sph\u00e8re du bien-\u00eatre depuis plus de 10 ans. Install\u00e9e \u00e0 Paris, elle exerce en cabinet tout en \u00e9tendant son influence salvatrice dans des environnements vari\u00e9s tels que le milieu scolaire et professionnel. Sa sp\u00e9cialisation dans l&#8217;accompagnement d&#8217;enfants et d&#8217;adolescents fait de Laurence Le Henry une praticienne d\u00e9vou\u00e9e, travaillant en \u00e9troite collaboration avec des p\u00e9diatres et p\u00e9dopsychologues. Son champ d&#8217;action s&#8217;\u00e9tend \u00e0 des probl\u00e9matiques cruciales li\u00e9es au sommeil, aux troubles de l&#8217;attention et de concentration, ainsi qu&#8217;\u00e0 la gestion de l&#8217;anxi\u00e9t\u00e9 et du stress. Par sa pr\u00e9sence attentive et ses techniques, elle contribue significativement \u00e0 l&#8217;am\u00e9lioration du bien-\u00eatre \u00e9motionnel et mental des jeunes qu&#8217;elle accompagne. Engag\u00e9e dans le partage de son savoir, Laurence Le Henry exerce \u00e9galement en tant que formatrice au sein du r\u00e9seau de sophrologues Bienrelax, initi\u00e9 par Cl\u00e9mence Peix Lavall\u00e9e. De plus, elle transmet son savoir-faire au CEAS de Paris, une \u00e9cole de sophrologie renomm\u00e9e. Son r\u00f4le de formatrice t\u00e9moigne de son engagement envers le d\u00e9veloppement et la diffusion des comp\u00e9tences sophrologiques au sein de la communaut\u00e9 des praticiens. Laurence Le Henry incarne ainsi une sophrologue polyvalente et d\u00e9vou\u00e9e, offrant ses comp\u00e9tences avec passion pour am\u00e9liorer la qualit\u00e9 de vie des personnes de tous \u00e2ges, de la petite enfance \u00e0 l&#8217;\u00e2ge adulte.<\/p>\n<h3>Le programme du dimanche 18 f\u00e9vrier<\/h3>\n<p>Retrouvez\u00a0<a href=\"https:\/\/editionsdudauphin.com\/author-book\/robineau-isabelle\" target=\"_blank\" rel=\"noopener\">Isabelle Robineau<\/a>\u00a0et\u00a0<a href=\"https:\/\/editionsdudauphin.com\/author-book\/lachaume-julien\" target=\"_blank\" rel=\"noopener\">Julien Lachaume<\/a>, auteurs du livre\u00a0<a href=\"https:\/\/editionsdudauphin.com\/livre\/themes\/bien-etre-sante\/sante\/prevention\/autohypnose-adaptee-a-mes-besoins-l\" target=\"_blank\" rel=\"noopener\">\u00ab\u00a0L\u2019autohypnose adapt\u00e9e \u00e0 mes besoins\u00a0\u00bb<\/a> \u00e0 <strong>11h30<\/strong> pour une conf\u00e9rence suivie d\u2019une d\u00e9dicace. Vous pourrez \u00e9changer avec eux et repartir avec votre livre d\u00e9dicac\u00e9.<\/p>\n<picture><source srcset=\"https:\/\/editionsdudauphin.com\/wp-content\/uploads\/2023\/11\/IsabelleRobineeau-55x55.jpeg.webp 55w, https:\/\/editionsdudauphin.com\/wp-content\/uploads\/2023\/11\/IsabelleRobineeau-66x66.jpeg.webp 66w, https:\/\/editionsdudauphin.com\/wp-content\/uploads\/2023\/11\/IsabelleRobineeau-200x203.jpeg.webp 200w, https:\/\/editionsdudauphin.com\/wp-content\/uploads\/2023\/11\/IsabelleRobineeau-296x300.jpeg.webp 296w, https:\/\/editionsdudauphin.com\/wp-content\/uploads\/2023\/11\/IsabelleRobineeau.jpeg.webp 330w\" type=\"image\/webp\" sizes=\"(max-width: 330px) 100vw, 330px\" \/><img loading=\"lazy\" decoding=\"async\" class=\"alignleft wp-image-16508 size-full\" src=\"https:\/\/editionsdudauphin.com\/wp-content\/uploads\/2023\/11\/IsabelleRobineeau.jpeg\" sizes=\"auto, (max-width: 330px) 100vw, 330px\" srcset=\"https:\/\/editionsdudauphin.com\/wp-content\/uploads\/2023\/11\/IsabelleRobineeau-55x55.jpeg 55w, https:\/\/editionsdudauphin.com\/wp-content\/uploads\/2023\/11\/IsabelleRobineeau-66x66.jpeg 66w, https:\/\/editionsdudauphin.com\/wp-content\/uploads\/2023\/11\/IsabelleRobineeau-200x203.jpeg 200w, https:\/\/editionsdudauphin.com\/wp-content\/uploads\/2023\/11\/IsabelleRobineeau-296x300.jpeg 296w, https:\/\/editionsdudauphin.com\/wp-content\/uploads\/2023\/11\/IsabelleRobineeau.jpeg 330w\" alt=\"Isabelle Robineau\" width=\"330\" height=\"335\" data-eio=\"p\" \/><\/picture>Isabelle Robineau, p\u00e9dicure-podologue de profession, et Julien Lachaume kin\u00e9sith\u00e9rapeute et ost\u00e9opathe se sont d\u00e9marqu\u00e9s en tant qu\u2019auteurs. L\u2019une dot\u00e9e d\u2019une exp\u00e9rience de plus de vingt ans dans le domaine de la podologie, et l\u2019un d\u2019une exp\u00e9rience de plus de dix ans dans son domaine, ils ont \u00e9galement acquis un dipl\u00f4me de praticien et ma\u00eetre praticien en hypnose.<\/p>\n<p>Leur livre explore l\u2019univers fascinant de l\u2019autohypnose, une technique permettant \u00e0 chacun de plonger consciemment dans un \u00e9tat modifi\u00e9 de conscience. Dans ce guide, les auteurs vous conduisent pas \u00e0 pas \u00e0 travers cette d\u00e9couverte, offrant des r\u00e9sultats dans des domaines tels que l\u2019arr\u00eat du tabac, la gestion de la douleur, le contr\u00f4le du poids et de l\u2019alimentation, le d\u00e9passement des peurs profondes\u2026etc.<\/p>\n<h3><\/h3>\n<h3><\/h3>\n<h3><\/h3>\n<picture><source srcset=\"https:\/\/editionsdudauphin.com\/wp-content\/uploads\/2024\/01\/20231130_144036-200x247.jpg.webp 200w, https:\/\/editionsdudauphin.com\/wp-content\/uploads\/2024\/01\/20231130_144036-242x300.jpg.webp 242w, https:\/\/editionsdudauphin.com\/wp-content\/uploads\/2024\/01\/20231130_144036-400x495.jpg.webp 400w, https:\/\/editionsdudauphin.com\/wp-content\/uploads\/2024\/01\/20231130_144036-404x500.jpg.webp 404w, https:\/\/editionsdudauphin.com\/wp-content\/uploads\/2024\/01\/20231130_144036-500x619.jpg.webp 500w, https:\/\/editionsdudauphin.com\/wp-content\/uploads\/2024\/01\/20231130_144036-600x742.jpg.webp 600w, https:\/\/editionsdudauphin.com\/wp-content\/uploads\/2024\/01\/20231130_144036-700x866.jpg.webp 700w, https:\/\/editionsdudauphin.com\/wp-content\/uploads\/2024\/01\/20231130_144036-768x950.jpg.webp 768w, https:\/\/editionsdudauphin.com\/wp-content\/uploads\/2024\/01\/20231130_144036-800x990.jpg.webp 800w, https:\/\/editionsdudauphin.com\/wp-content\/uploads\/2024\/01\/20231130_144036-828x1024.jpg.webp 828w, https:\/\/editionsdudauphin.com\/wp-content\/uploads\/2024\/01\/20231130_144036-1200x1485.jpg.webp 1200w, https:\/\/editionsdudauphin.com\/wp-content\/uploads\/2024\/01\/20231130_144036-1242x1536.jpg.webp 1242w, https:\/\/editionsdudauphin.com\/wp-content\/uploads\/2024\/01\/20231130_144036-1655x2048.jpg.webp 1655w\" type=\"image\/webp\" sizes=\"(max-width: 242px) 100vw, 242px\" \/><img loading=\"lazy\" decoding=\"async\" class=\"wp-image-16852 size-medium\" src=\"https:\/\/editionsdudauphin.com\/wp-content\/uploads\/2024\/01\/20231130_144036-242x300.jpg\" sizes=\"auto, (max-width: 242px) 100vw, 242px\" srcset=\"https:\/\/editionsdudauphin.com\/wp-content\/uploads\/2024\/01\/20231130_144036-200x247.jpg 200w, https:\/\/editionsdudauphin.com\/wp-content\/uploads\/2024\/01\/20231130_144036-242x300.jpg 242w, https:\/\/editionsdudauphin.com\/wp-content\/uploads\/2024\/01\/20231130_144036-400x495.jpg 400w, https:\/\/editionsdudauphin.com\/wp-content\/uploads\/2024\/01\/20231130_144036-404x500.jpg 404w, https:\/\/editionsdudauphin.com\/wp-content\/uploads\/2024\/01\/20231130_144036-500x619.jpg 500w, https:\/\/editionsdudauphin.com\/wp-content\/uploads\/2024\/01\/20231130_144036-600x742.jpg 600w, https:\/\/editionsdudauphin.com\/wp-content\/uploads\/2024\/01\/20231130_144036-700x866.jpg 700w, https:\/\/editionsdudauphin.com\/wp-content\/uploads\/2024\/01\/20231130_144036-768x950.jpg 768w, https:\/\/editionsdudauphin.com\/wp-content\/uploads\/2024\/01\/20231130_144036-800x990.jpg 800w, https:\/\/editionsdudauphin.com\/wp-content\/uploads\/2024\/01\/20231130_144036-828x1024.jpg 828w, https:\/\/editionsdudauphin.com\/wp-content\/uploads\/2024\/01\/20231130_144036-1200x1485.jpg 1200w, https:\/\/editionsdudauphin.com\/wp-content\/uploads\/2024\/01\/20231130_144036-1242x1536.jpg 1242w, https:\/\/editionsdudauphin.com\/wp-content\/uploads\/2024\/01\/20231130_144036-1655x2048.jpg 1655w\" alt=\"Julien Lachaume\" width=\"242\" height=\"300\" data-eio=\"p\" \/><\/picture>\n<h2>Informations pratiques salon Respire La Vie<\/h2>\n<p>Pour r\u00e9cup\u00e9rer votre entr\u00e9e gratuite,\u00a0<a href=\"https:\/\/www.respirelavie.fr\/rennes\/visiteur_invitation\/\" target=\"_blank\" rel=\"noopener\">c\u2019est ici<\/a><\/p>\n<p>Pour toutes les informations relatives au salon Respire La Vie, <a href=\"https:\/\/www.respirelavie.fr\/rennes\/infos-pratiques\/\" target=\"_blank\" rel=\"noopener\">cliquez ici<\/a><\/p>\n<p>Pour acc\u00e9der au salon,\u00a0<a href=\"https:\/\/www.respirelavie.fr\/rennes\/infos-pratiques\/comment-venir\/\" target=\"_blank\" rel=\"noopener\">rendez-vous ici<\/a><\/p>\n<\/div><\/div><\/div><\/div><\/div>\n","protected":false},"excerpt":{"rendered":"","protected":false},"author":12,"featured_media":16856,"comment_status":"closed","ping_status":"closed","sticky":false,"template":"","format":"standard","meta":{"_acf_changed":false,"wpupg_custom_link":[],"wpupg_custom_link_behaviour":["default"],"wpupg_custom_link_nofollow":[],"wpupg_custom_image":[],"wpupg_custom_image_id":[],"footnotes":""},"categories":[194],"tags":[],"class_list":["post-16855","post","type-post","status-publish","format-standard","has-post-thumbnail","hentry","category-conferences-signatures"],"acf":[],"yoast_head":"<!-- This site is optimized with the Yoast SEO plugin v27.4 - https:\/\/yoast.com\/product\/yoast-seo-wordpress\/ -->\n<title>Salon Respire La Vie - 16 au 18 f\u00e9vrier 2024 - Rennes<\/title>\n<meta name=\"description\" content=\"Retrouvez nos auteurs au salon Respire La Vie \u00e0 Rennes du 16 au 18 f\u00e9vrier 2024 et repartez avec votre livre d\u00e9dicac\u00e9.\" \/>\n<meta name=\"robots\" content=\"index, follow, max-snippet:-1, max-image-preview:large, max-video-preview:-1\" \/>\n<link rel=\"canonical\" href=\"https:\/\/editionsdudauphin.com\/en\/conferences-signatures\/salon-respire-la-vie-16-au-18-fevrier-2024-rennes\" \/>\n<meta property=\"og:locale\" content=\"en_US\" \/>\n<meta property=\"og:type\" content=\"article\" \/>\n<meta property=\"og:title\" content=\"Salon Respire La Vie - 16 au 18 f\u00e9vrier 2024 - Rennes\" \/>\n<meta property=\"og:description\" content=\"Retrouvez nos auteurs au salon Respire La Vie \u00e0 Rennes du 16 au 18 f\u00e9vrier 2024 et repartez avec votre livre d\u00e9dicac\u00e9.\" \/>\n<meta property=\"og:url\" content=\"https:\/\/editionsdudauphin.com\/en\/conferences-signatures\/salon-respire-la-vie-16-au-18-fevrier-2024-rennes\" \/>\n<meta property=\"og:site_name\" content=\"\u00c9ditions du Dauphin\" \/>\n<meta property=\"article:published_time\" content=\"2024-01-09T15:44:39+00:00\" \/>\n<meta property=\"og:image\" content=\"https:\/\/editionsdudauphin.com\/wp-content\/uploads\/2024\/01\/Sans-titre-1.jpeg\" \/>\n\t<meta property=\"og:image:width\" content=\"973\" \/>\n\t<meta property=\"og:image:height\" content=\"608\" \/>\n\t<meta property=\"og:image:type\" content=\"image\/jpeg\" \/>\n<meta name=\"author\" content=\"presse\" \/>\n<meta name=\"twitter:card\" content=\"summary_large_image\" \/>\n<meta name=\"twitter:label1\" content=\"Written by\" \/>\n\t<meta name=\"twitter:data1\" content=\"presse\" \/>\n\t<meta name=\"twitter:label2\" content=\"Est. reading time\" \/>\n\t<meta name=\"twitter:data2\" content=\"6 minutes\" \/>\n<script type=\"application\/ld+json\" class=\"yoast-schema-graph\">{\"@context\":\"https:\\\/\\\/schema.org\",\"@graph\":[{\"@type\":\"Article\",\"@id\":\"https:\\\/\\\/editionsdudauphin.com\\\/en\\\/conferences-signatures\\\/salon-respire-la-vie-16-au-18-fevrier-2024-rennes#article\",\"isPartOf\":{\"@id\":\"https:\\\/\\\/editionsdudauphin.com\\\/en\\\/conferences-signatures\\\/salon-respire-la-vie-16-au-18-fevrier-2024-rennes\"},\"author\":{\"name\":\"presse\",\"@id\":\"https:\\\/\\\/editionsdudauphin.com\\\/en#\\\/schema\\\/person\\\/605e9a19ba195a7dba70be10aabe23e4\"},\"headline\":\"Salon Respire La Vie &#8211; 16 au 18 f\u00e9vrier 2024 &#8211; Rennes\",\"datePublished\":\"2024-01-09T15:44:39+00:00\",\"mainEntityOfPage\":{\"@id\":\"https:\\\/\\\/editionsdudauphin.com\\\/en\\\/conferences-signatures\\\/salon-respire-la-vie-16-au-18-fevrier-2024-rennes\"},\"wordCount\":2014,\"image\":{\"@id\":\"https:\\\/\\\/editionsdudauphin.com\\\/en\\\/conferences-signatures\\\/salon-respire-la-vie-16-au-18-fevrier-2024-rennes#primaryimage\"},\"thumbnailUrl\":\"https:\\\/\\\/editionsdudauphin.com\\\/wp-content\\\/uploads\\\/2024\\\/01\\\/Sans-titre-1.jpeg\",\"articleSection\":[\"Conferences &amp; signatures &amp; meetings\"],\"inLanguage\":\"en-US\"},{\"@type\":\"WebPage\",\"@id\":\"https:\\\/\\\/editionsdudauphin.com\\\/en\\\/conferences-signatures\\\/salon-respire-la-vie-16-au-18-fevrier-2024-rennes\",\"url\":\"https:\\\/\\\/editionsdudauphin.com\\\/en\\\/conferences-signatures\\\/salon-respire-la-vie-16-au-18-fevrier-2024-rennes\",\"name\":\"Salon Respire La Vie - 16 au 18 f\u00e9vrier 2024 - Rennes\",\"isPartOf\":{\"@id\":\"https:\\\/\\\/editionsdudauphin.com\\\/en#website\"},\"primaryImageOfPage\":{\"@id\":\"https:\\\/\\\/editionsdudauphin.com\\\/en\\\/conferences-signatures\\\/salon-respire-la-vie-16-au-18-fevrier-2024-rennes#primaryimage\"},\"image\":{\"@id\":\"https:\\\/\\\/editionsdudauphin.com\\\/en\\\/conferences-signatures\\\/salon-respire-la-vie-16-au-18-fevrier-2024-rennes#primaryimage\"},\"thumbnailUrl\":\"https:\\\/\\\/editionsdudauphin.com\\\/wp-content\\\/uploads\\\/2024\\\/01\\\/Sans-titre-1.jpeg\",\"datePublished\":\"2024-01-09T15:44:39+00:00\",\"author\":{\"@id\":\"https:\\\/\\\/editionsdudauphin.com\\\/en#\\\/schema\\\/person\\\/605e9a19ba195a7dba70be10aabe23e4\"},\"description\":\"Retrouvez nos auteurs au salon Respire La Vie \u00e0 Rennes du 16 au 18 f\u00e9vrier 2024 et repartez avec votre livre d\u00e9dicac\u00e9.\",\"breadcrumb\":{\"@id\":\"https:\\\/\\\/editionsdudauphin.com\\\/en\\\/conferences-signatures\\\/salon-respire-la-vie-16-au-18-fevrier-2024-rennes#breadcrumb\"},\"inLanguage\":\"en-US\",\"potentialAction\":[{\"@type\":\"ReadAction\",\"target\":[\"https:\\\/\\\/editionsdudauphin.com\\\/en\\\/conferences-signatures\\\/salon-respire-la-vie-16-au-18-fevrier-2024-rennes\"]}]},{\"@type\":\"ImageObject\",\"inLanguage\":\"en-US\",\"@id\":\"https:\\\/\\\/editionsdudauphin.com\\\/en\\\/conferences-signatures\\\/salon-respire-la-vie-16-au-18-fevrier-2024-rennes#primaryimage\",\"url\":\"https:\\\/\\\/editionsdudauphin.com\\\/wp-content\\\/uploads\\\/2024\\\/01\\\/Sans-titre-1.jpeg\",\"contentUrl\":\"https:\\\/\\\/editionsdudauphin.com\\\/wp-content\\\/uploads\\\/2024\\\/01\\\/Sans-titre-1.jpeg\",\"width\":973,\"height\":608,\"caption\":\"salon Respire La Vie - 16 au 18 f\u00e9vrier 2024 - Rennes\"},{\"@type\":\"BreadcrumbList\",\"@id\":\"https:\\\/\\\/editionsdudauphin.com\\\/en\\\/conferences-signatures\\\/salon-respire-la-vie-16-au-18-fevrier-2024-rennes#breadcrumb\",\"itemListElement\":[{\"@type\":\"ListItem\",\"position\":1,\"name\":\"Accueil\",\"item\":\"https:\\\/\\\/editionsdudauphin.com\\\/en\"},{\"@type\":\"ListItem\",\"position\":2,\"name\":\"Salon Respire La Vie &#8211; 16 au 18 f\u00e9vrier 2024 &#8211; Rennes\"}]},{\"@type\":\"WebSite\",\"@id\":\"https:\\\/\\\/editionsdudauphin.com\\\/en#website\",\"url\":\"https:\\\/\\\/editionsdudauphin.com\\\/en\",\"name\":\"\u00c9ditions du Dauphin\",\"description\":\"\",\"potentialAction\":[{\"@type\":\"SearchAction\",\"target\":{\"@type\":\"EntryPoint\",\"urlTemplate\":\"https:\\\/\\\/editionsdudauphin.com\\\/en?s={search_term_string}\"},\"query-input\":{\"@type\":\"PropertyValueSpecification\",\"valueRequired\":true,\"valueName\":\"search_term_string\"}}],\"inLanguage\":\"en-US\"},{\"@type\":\"Person\",\"@id\":\"https:\\\/\\\/editionsdudauphin.com\\\/en#\\\/schema\\\/person\\\/605e9a19ba195a7dba70be10aabe23e4\",\"name\":\"presse\",\"image\":{\"@type\":\"ImageObject\",\"inLanguage\":\"en-US\",\"@id\":\"https:\\\/\\\/secure.gravatar.com\\\/avatar\\\/ae91baae35470237c672b962ffa54a1c95ca50502127ca3bc999ed1afa02c958?s=96&d=mm&r=g\",\"url\":\"https:\\\/\\\/secure.gravatar.com\\\/avatar\\\/ae91baae35470237c672b962ffa54a1c95ca50502127ca3bc999ed1afa02c958?s=96&d=mm&r=g\",\"contentUrl\":\"https:\\\/\\\/secure.gravatar.com\\\/avatar\\\/ae91baae35470237c672b962ffa54a1c95ca50502127ca3bc999ed1afa02c958?s=96&d=mm&r=g\",\"caption\":\"presse\"}}]}<\/script>\n<!-- \/ Yoast SEO plugin. -->","yoast_head_json":{"title":"Salon Respire La Vie - 16 au 18 f\u00e9vrier 2024 - Rennes","description":"Retrouvez nos auteurs au salon Respire La Vie \u00e0 Rennes du 16 au 18 f\u00e9vrier 2024 et repartez avec votre livre d\u00e9dicac\u00e9.","robots":{"index":"index","follow":"follow","max-snippet":"max-snippet:-1","max-image-preview":"max-image-preview:large","max-video-preview":"max-video-preview:-1"},"canonical":"https:\/\/editionsdudauphin.com\/en\/conferences-signatures\/salon-respire-la-vie-16-au-18-fevrier-2024-rennes","og_locale":"en_US","og_type":"article","og_title":"Salon Respire La Vie - 16 au 18 f\u00e9vrier 2024 - Rennes","og_description":"Retrouvez nos auteurs au salon Respire La Vie \u00e0 Rennes du 16 au 18 f\u00e9vrier 2024 et repartez avec votre livre d\u00e9dicac\u00e9.","og_url":"https:\/\/editionsdudauphin.com\/en\/conferences-signatures\/salon-respire-la-vie-16-au-18-fevrier-2024-rennes","og_site_name":"\u00c9ditions du Dauphin","article_published_time":"2024-01-09T15:44:39+00:00","og_image":[{"width":973,"height":608,"url":"https:\/\/editionsdudauphin.com\/wp-content\/uploads\/2024\/01\/Sans-titre-1.jpeg","type":"image\/jpeg"}],"author":"presse","twitter_card":"summary_large_image","twitter_misc":{"Written by":"presse","Est. reading time":"6 minutes"},"schema":{"@context":"https:\/\/schema.org","@graph":[{"@type":"Article","@id":"https:\/\/editionsdudauphin.com\/en\/conferences-signatures\/salon-respire-la-vie-16-au-18-fevrier-2024-rennes#article","isPartOf":{"@id":"https:\/\/editionsdudauphin.com\/en\/conferences-signatures\/salon-respire-la-vie-16-au-18-fevrier-2024-rennes"},"author":{"name":"presse","@id":"https:\/\/editionsdudauphin.com\/en#\/schema\/person\/605e9a19ba195a7dba70be10aabe23e4"},"headline":"Salon Respire La Vie &#8211; 16 au 18 f\u00e9vrier 2024 &#8211; Rennes","datePublished":"2024-01-09T15:44:39+00:00","mainEntityOfPage":{"@id":"https:\/\/editionsdudauphin.com\/en\/conferences-signatures\/salon-respire-la-vie-16-au-18-fevrier-2024-rennes"},"wordCount":2014,"image":{"@id":"https:\/\/editionsdudauphin.com\/en\/conferences-signatures\/salon-respire-la-vie-16-au-18-fevrier-2024-rennes#primaryimage"},"thumbnailUrl":"https:\/\/editionsdudauphin.com\/wp-content\/uploads\/2024\/01\/Sans-titre-1.jpeg","articleSection":["Conferences &amp; signatures &amp; meetings"],"inLanguage":"en-US"},{"@type":"WebPage","@id":"https:\/\/editionsdudauphin.com\/en\/conferences-signatures\/salon-respire-la-vie-16-au-18-fevrier-2024-rennes","url":"https:\/\/editionsdudauphin.com\/en\/conferences-signatures\/salon-respire-la-vie-16-au-18-fevrier-2024-rennes","name":"Salon Respire La Vie - 16 au 18 f\u00e9vrier 2024 - Rennes","isPartOf":{"@id":"https:\/\/editionsdudauphin.com\/en#website"},"primaryImageOfPage":{"@id":"https:\/\/editionsdudauphin.com\/en\/conferences-signatures\/salon-respire-la-vie-16-au-18-fevrier-2024-rennes#primaryimage"},"image":{"@id":"https:\/\/editionsdudauphin.com\/en\/conferences-signatures\/salon-respire-la-vie-16-au-18-fevrier-2024-rennes#primaryimage"},"thumbnailUrl":"https:\/\/editionsdudauphin.com\/wp-content\/uploads\/2024\/01\/Sans-titre-1.jpeg","datePublished":"2024-01-09T15:44:39+00:00","author":{"@id":"https:\/\/editionsdudauphin.com\/en#\/schema\/person\/605e9a19ba195a7dba70be10aabe23e4"},"description":"Retrouvez nos auteurs au salon Respire La Vie \u00e0 Rennes du 16 au 18 f\u00e9vrier 2024 et repartez avec votre livre d\u00e9dicac\u00e9.","breadcrumb":{"@id":"https:\/\/editionsdudauphin.com\/en\/conferences-signatures\/salon-respire-la-vie-16-au-18-fevrier-2024-rennes#breadcrumb"},"inLanguage":"en-US","potentialAction":[{"@type":"ReadAction","target":["https:\/\/editionsdudauphin.com\/en\/conferences-signatures\/salon-respire-la-vie-16-au-18-fevrier-2024-rennes"]}]},{"@type":"ImageObject","inLanguage":"en-US","@id":"https:\/\/editionsdudauphin.com\/en\/conferences-signatures\/salon-respire-la-vie-16-au-18-fevrier-2024-rennes#primaryimage","url":"https:\/\/editionsdudauphin.com\/wp-content\/uploads\/2024\/01\/Sans-titre-1.jpeg","contentUrl":"https:\/\/editionsdudauphin.com\/wp-content\/uploads\/2024\/01\/Sans-titre-1.jpeg","width":973,"height":608,"caption":"salon Respire La Vie - 16 au 18 f\u00e9vrier 2024 - Rennes"},{"@type":"BreadcrumbList","@id":"https:\/\/editionsdudauphin.com\/en\/conferences-signatures\/salon-respire-la-vie-16-au-18-fevrier-2024-rennes#breadcrumb","itemListElement":[{"@type":"ListItem","position":1,"name":"Accueil","item":"https:\/\/editionsdudauphin.com\/en"},{"@type":"ListItem","position":2,"name":"Salon Respire La Vie &#8211; 16 au 18 f\u00e9vrier 2024 &#8211; Rennes"}]},{"@type":"WebSite","@id":"https:\/\/editionsdudauphin.com\/en#website","url":"https:\/\/editionsdudauphin.com\/en","name":"\u00c9ditions du Dauphin","description":"","potentialAction":[{"@type":"SearchAction","target":{"@type":"EntryPoint","urlTemplate":"https:\/\/editionsdudauphin.com\/en?s={search_term_string}"},"query-input":{"@type":"PropertyValueSpecification","valueRequired":true,"valueName":"search_term_string"}}],"inLanguage":"en-US"},{"@type":"Person","@id":"https:\/\/editionsdudauphin.com\/en#\/schema\/person\/605e9a19ba195a7dba70be10aabe23e4","name":"presse","image":{"@type":"ImageObject","inLanguage":"en-US","@id":"https:\/\/secure.gravatar.com\/avatar\/ae91baae35470237c672b962ffa54a1c95ca50502127ca3bc999ed1afa02c958?s=96&d=mm&r=g","url":"https:\/\/secure.gravatar.com\/avatar\/ae91baae35470237c672b962ffa54a1c95ca50502127ca3bc999ed1afa02c958?s=96&d=mm&r=g","contentUrl":"https:\/\/secure.gravatar.com\/avatar\/ae91baae35470237c672b962ffa54a1c95ca50502127ca3bc999ed1afa02c958?s=96&d=mm&r=g","caption":"presse"}}]}},"_links":{"self":[{"href":"https:\/\/editionsdudauphin.com\/en\/wp-json\/wp\/v2\/posts\/16855","targetHints":{"allow":["GET"]}}],"collection":[{"href":"https:\/\/editionsdudauphin.com\/en\/wp-json\/wp\/v2\/posts"}],"about":[{"href":"https:\/\/editionsdudauphin.com\/en\/wp-json\/wp\/v2\/types\/post"}],"author":[{"embeddable":true,"href":"https:\/\/editionsdudauphin.com\/en\/wp-json\/wp\/v2\/users\/12"}],"replies":[{"embeddable":true,"href":"https:\/\/editionsdudauphin.com\/en\/wp-json\/wp\/v2\/comments?post=16855"}],"version-history":[{"count":0,"href":"https:\/\/editionsdudauphin.com\/en\/wp-json\/wp\/v2\/posts\/16855\/revisions"}],"wp:featuredmedia":[{"embeddable":true,"href":"https:\/\/editionsdudauphin.com\/en\/wp-json\/wp\/v2\/media\/16856"}],"wp:attachment":[{"href":"https:\/\/editionsdudauphin.com\/en\/wp-json\/wp\/v2\/media?parent=16855"}],"wp:term":[{"taxonomy":"category","embeddable":true,"href":"https:\/\/editionsdudauphin.com\/en\/wp-json\/wp\/v2\/categories?post=16855"},{"taxonomy":"post_tag","embeddable":true,"href":"https:\/\/editionsdudauphin.com\/en\/wp-json\/wp\/v2\/tags?post=16855"}],"curies":[{"name":"wp","href":"https:\/\/api.w.org\/{rel}","templated":true}]}}