{"id":16903,"date":"2024-01-24T11:18:07","date_gmt":"2024-01-24T10:18:07","guid":{"rendered":"https:\/\/editionsdudauphin.com\/?p=16903"},"modified":"2024-01-24T11:19:21","modified_gmt":"2024-01-24T10:19:21","slug":"dedicace-nina-voit-samedi-27-janvier-espace-culturel-varennes-sur-seine","status":"publish","type":"post","link":"https:\/\/editionsdudauphin.com\/en\/conferences-et-signatures\/dedicace-nina-voit-samedi-27-janvier-espace-culturel-varennes-sur-seine","title":{"rendered":"D\u00e9dicace Nina Voit &#8211; samedi 27 janvier &#8211; espace culturel Varennes sur seine"},"content":{"rendered":"<div class=\"fusion-fullwidth fullwidth-box fusion-builder-row-1 fusion-flex-container has-pattern-background has-mask-background nonhundred-percent-fullwidth non-hundred-percent-height-scrolling\" style=\"--awb-border-radius-top-left:0px;--awb-border-radius-top-right:0px;--awb-border-radius-bottom-right:0px;--awb-border-radius-bottom-left:0px;--awb-flex-wrap:wrap;\" ><div class=\"fusion-builder-row fusion-row fusion-flex-align-items-flex-start fusion-flex-content-wrap\" style=\"max-width:1248px;margin-left: calc(-4% \/ 2 );margin-right: calc(-4% \/ 2 );\"><div class=\"fusion-layout-column fusion_builder_column fusion-builder-column-0 fusion_builder_column_1_1 1_1 fusion-flex-column\" style=\"--awb-bg-size:cover;--awb-width-large:100%;--awb-margin-top-large:0px;--awb-spacing-right-large:1.92%;--awb-margin-bottom-large:20px;--awb-spacing-left-large:1.92%;--awb-width-medium:100%;--awb-order-medium:0;--awb-spacing-right-medium:1.92%;--awb-spacing-left-medium:1.92%;--awb-width-small:100%;--awb-order-small:0;--awb-spacing-right-small:1.92%;--awb-spacing-left-small:1.92%;\"><div class=\"fusion-column-wrapper fusion-column-has-shadow fusion-flex-justify-content-flex-start fusion-content-layout-column\"><div class=\"fusion-text fusion-text-1\"><h2 style=\"text-align: center;\">D\u00e9dicace Nina Voit, auteure du livre &#8220;Le livre sant\u00e9 de la cuisine v\u00e9g\u00e9tale&#8221;,<\/h2>\n<h2 style=\"text-align: center;\">de 14h \u00e0 18h le samedi 27 janvier \u00e0 l&#8217;espace culturel de Varennes sur seine.<\/h2>\n<p>Plongez dans l&#8217;univers envo\u00fbtant de <a href=\"https:\/\/editionsdudauphin.com\/author-book\/voit-nina\" target=\"_blank\" rel=\"noopener\">Nina Voit<\/a>, une th\u00e9rapeute holistique et Coach en Alimentation, dont la passion et l&#8217;expertise fusionnent la sagesse ancienne de la di\u00e9t\u00e9tique chinoise avec les principes modernes de la nutrition. Son parcours remarquable, d\u00e9butant par un diagnostic de scl\u00e9rose en plaques \u00e0 l&#8217;\u00e2ge de 28 ans, t\u00e9moigne de sa qu\u00eate passionnante et r\u00e9ussie pour retrouver sa sant\u00e9, son \u00e9nergie vitale, et cr\u00e9er une approche unique baptis\u00e9e <a href=\"https:\/\/www.dubonsensdansmonassiette.com\/\" target=\"_blank\" rel=\"noopener\">&#8220;La cuisine du Bon Sens.&#8221;<\/a><\/p>\n<p>Nina, fondatrice de &#8220;Du Bon Sens dans mon Assiette,&#8221; partage avec g\u00e9n\u00e9rosit\u00e9 et exp\u00e9rience ses connaissances mill\u00e9naires pour guider chacun vers une transformation alimentaire durable. Son livre, le <a href=\"https:\/\/editionsdudauphin.com\/livre\/themes\/bien-etre-sante\/sante\/alimentation-saine\/le-livre-sante-de-la-cuisine-vegetale\" target=\"_blank\" rel=\"noopener\">&#8220;Livre Sant\u00e9 de la Cuisine V\u00e9g\u00e9tale,&#8221;<\/a> est bien plus qu&#8217;un recueil de recettes. Il incarne une invitation \u00e0 r\u00e9int\u00e9grer le bon sens dans notre alimentation quotidienne.<\/p>\n<p><img loading=\"lazy\" decoding=\"async\" class=\"size-medium wp-image-16908\" src=\"https:\/\/editionsdudauphin.com\/wp-content\/uploads\/2024\/01\/132-300x300.jpg\" alt=\"d\u00e9dicace Nina Voit\" width=\"300\" height=\"300\" srcset=\"https:\/\/editionsdudauphin.com\/wp-content\/uploads\/2024\/01\/132-55x55.jpg 55w, https:\/\/editionsdudauphin.com\/wp-content\/uploads\/2024\/01\/132-66x66.jpg 66w, https:\/\/editionsdudauphin.com\/wp-content\/uploads\/2024\/01\/132-150x150.jpg 150w, https:\/\/editionsdudauphin.com\/wp-content\/uploads\/2024\/01\/132-200x200.jpg 200w, https:\/\/editionsdudauphin.com\/wp-content\/uploads\/2024\/01\/132-300x300.jpg 300w, https:\/\/editionsdudauphin.com\/wp-content\/uploads\/2024\/01\/132-400x400.jpg 400w, https:\/\/editionsdudauphin.com\/wp-content\/uploads\/2024\/01\/132-500x500.jpg 500w, https:\/\/editionsdudauphin.com\/wp-content\/uploads\/2024\/01\/132-600x600.jpg 600w, https:\/\/editionsdudauphin.com\/wp-content\/uploads\/2024\/01\/132-700x700.jpg 700w, https:\/\/editionsdudauphin.com\/wp-content\/uploads\/2024\/01\/132-768x768.jpg 768w, https:\/\/editionsdudauphin.com\/wp-content\/uploads\/2024\/01\/132-800x800.jpg 800w, https:\/\/editionsdudauphin.com\/wp-content\/uploads\/2024\/01\/132-1024x1024.jpg 1024w, https:\/\/editionsdudauphin.com\/wp-content\/uploads\/2024\/01\/132.jpg 1080w\" sizes=\"auto, (max-width: 300px) 100vw, 300px\" \/><\/p>\n<p>D\u00e9couvrez dans ses pages 160 recettes exquises, soigneusement \u00e9quilibr\u00e9es du petit-d\u00e9jeuner au d\u00eener, et m\u00eame les mises en bouche et les sauces. Explorez des plats originaux, simples \u00e0 pr\u00e9parer, qui revitalisent le corps \u00e0 travers toutes les saisons. Des bouillons r\u00e9confortants pour l&#8217;hiver aux salades pleines de vitalit\u00e9 pour l&#8217;\u00e9t\u00e9, en passant par des desserts all\u00e9chants, Nina propose une palette culinaire qui s&#8217;adapte \u00e0 tous les types de r\u00e9gimes et \u00e0 toutes les cultures.<\/p>\n<p>Que vous soyez un expert en cuisine cherchant de nouvelles inspirations ou un d\u00e9butant absolu, ces recettes du Bon Sens sont con\u00e7ues pour \u00e9duquer et r\u00e9galer. Nina transcende les fronti\u00e8res culturelles pour vous offrir une approche alimentaire saine et d\u00e9licieuse, prouvant que bien manger peut \u00eatre accessible \u00e0 tous, quel que soit votre niveau de comp\u00e9tence culinaire.<\/p>\n<p>Rejoignez Nina Voit dans une aventure sensorielle et nutritionnelle, o\u00f9 chaque plat devient une exp\u00e9rience th\u00e9rapeutique. Avec son expertise unique, elle vous guide pour transformer votre alimentation, retrouver votre vitalit\u00e9, perdre du poids durablement et reconnecter avec l&#8217;amour de soi. Ne manquez pas l&#8217;occasion de rencontrer Nina, une pionni\u00e8re qui d\u00e9montre que nous sommes les cr\u00e9ateurs de notre sant\u00e9 \u00e0 chaque instant de notre vie.<\/p>\n<p>Venez d\u00e9couvrir les cl\u00e9s simples d&#8217;une alimentation saine, go\u00fbteuse et adaptable \u00e0 toutes les cultures, \u00e0 travers le prisme inspirant de &#8220;Du Bon Sens dans mon Assiette&#8221; le <strong>samedi 27 janvier de 14h \u00e0 18h<\/strong> \u00e0 l&#8217;espace culturel de Varennes sur seine, <strong>Rue du Br\u00e9au, 77130 Varennes-sur-Seine<\/strong><\/p>\n<\/div><\/div><\/div><\/div><\/div>\n","protected":false},"excerpt":{"rendered":"","protected":false},"author":12,"featured_media":16904,"comment_status":"closed","ping_status":"closed","sticky":false,"template":"","format":"standard","meta":{"_acf_changed":false,"wpupg_custom_link":[],"wpupg_custom_link_behaviour":["default"],"wpupg_custom_link_nofollow":[],"wpupg_custom_image":[],"wpupg_custom_image_id":[],"footnotes":""},"categories":[136],"tags":[],"class_list":["post-16903","post","type-post","status-publish","format-standard","has-post-thumbnail","hentry","category-conferences-et-signatures"],"acf":[],"yoast_head":"<!-- This site is optimized with the Yoast SEO plugin v27.4 - https:\/\/yoast.com\/product\/yoast-seo-wordpress\/ -->\n<title>D\u00e9dicace Nina Voit - samedi 27 janvier - espace culturel Varennes sur seine<\/title>\n<meta name=\"description\" content=\"Retrouvez Nina Voit, l&#039;auteur du livre sant\u00e9 de la cuisine v\u00e9g\u00e9tale pour une s\u00e9ance de d\u00e9dicace \u00e0 l&#039;espace culturel de Varennes sur seine.\" \/>\n<meta name=\"robots\" content=\"index, follow, max-snippet:-1, max-image-preview:large, max-video-preview:-1\" \/>\n<link rel=\"canonical\" href=\"https:\/\/editionsdudauphin.com\/en\/conferences-et-signatures\/dedicace-nina-voit-samedi-27-janvier-espace-culturel-varennes-sur-seine\" \/>\n<meta property=\"og:locale\" content=\"en_US\" \/>\n<meta property=\"og:type\" content=\"article\" \/>\n<meta property=\"og:title\" content=\"D\u00e9dicace Nina Voit - samedi 27 janvier - espace culturel Varennes sur seine\" \/>\n<meta property=\"og:description\" content=\"Retrouvez Nina Voit, l&#039;auteur du livre sant\u00e9 de la cuisine v\u00e9g\u00e9tale pour une s\u00e9ance de d\u00e9dicace \u00e0 l&#039;espace culturel de Varennes sur seine.\" \/>\n<meta property=\"og:url\" content=\"https:\/\/editionsdudauphin.com\/en\/conferences-et-signatures\/dedicace-nina-voit-samedi-27-janvier-espace-culturel-varennes-sur-seine\" \/>\n<meta property=\"og:site_name\" content=\"\u00c9ditions du Dauphin\" \/>\n<meta property=\"article:published_time\" content=\"2024-01-24T10:18:07+00:00\" \/>\n<meta property=\"article:modified_time\" content=\"2024-01-24T10:19:21+00:00\" \/>\n<meta property=\"og:image\" content=\"https:\/\/editionsdudauphin.com\/wp-content\/uploads\/2024\/01\/nina-voit-dedicace.jpeg\" \/>\n\t<meta property=\"og:image:width\" content=\"894\" \/>\n\t<meta property=\"og:image:height\" content=\"557\" \/>\n\t<meta property=\"og:image:type\" content=\"image\/jpeg\" \/>\n<meta name=\"author\" content=\"presse\" \/>\n<meta name=\"twitter:card\" content=\"summary_large_image\" \/>\n<meta name=\"twitter:label1\" content=\"Written by\" \/>\n\t<meta name=\"twitter:data1\" content=\"presse\" \/>\n\t<meta name=\"twitter:label2\" content=\"Est. reading time\" \/>\n\t<meta name=\"twitter:data2\" content=\"3 minutes\" \/>\n<script type=\"application\/ld+json\" class=\"yoast-schema-graph\">{\"@context\":\"https:\\\/\\\/schema.org\",\"@graph\":[{\"@type\":\"Article\",\"@id\":\"https:\\\/\\\/editionsdudauphin.com\\\/en\\\/conferences-et-signatures\\\/dedicace-nina-voit-samedi-27-janvier-espace-culturel-varennes-sur-seine#article\",\"isPartOf\":{\"@id\":\"https:\\\/\\\/editionsdudauphin.com\\\/en\\\/conferences-et-signatures\\\/dedicace-nina-voit-samedi-27-janvier-espace-culturel-varennes-sur-seine\"},\"author\":{\"name\":\"presse\",\"@id\":\"https:\\\/\\\/editionsdudauphin.com\\\/en#\\\/schema\\\/person\\\/605e9a19ba195a7dba70be10aabe23e4\"},\"headline\":\"D\u00e9dicace Nina Voit &#8211; samedi 27 janvier &#8211; espace culturel Varennes sur seine\",\"datePublished\":\"2024-01-24T10:18:07+00:00\",\"dateModified\":\"2024-01-24T10:19:21+00:00\",\"mainEntityOfPage\":{\"@id\":\"https:\\\/\\\/editionsdudauphin.com\\\/en\\\/conferences-et-signatures\\\/dedicace-nina-voit-samedi-27-janvier-espace-culturel-varennes-sur-seine\"},\"wordCount\":1409,\"image\":{\"@id\":\"https:\\\/\\\/editionsdudauphin.com\\\/en\\\/conferences-et-signatures\\\/dedicace-nina-voit-samedi-27-janvier-espace-culturel-varennes-sur-seine#primaryimage\"},\"thumbnailUrl\":\"https:\\\/\\\/editionsdudauphin.com\\\/wp-content\\\/uploads\\\/2024\\\/01\\\/nina-voit-dedicace.jpeg\",\"articleSection\":[\"Conf\u00e9rences &amp; signatures &amp; salons\"],\"inLanguage\":\"en-US\"},{\"@type\":\"WebPage\",\"@id\":\"https:\\\/\\\/editionsdudauphin.com\\\/en\\\/conferences-et-signatures\\\/dedicace-nina-voit-samedi-27-janvier-espace-culturel-varennes-sur-seine\",\"url\":\"https:\\\/\\\/editionsdudauphin.com\\\/en\\\/conferences-et-signatures\\\/dedicace-nina-voit-samedi-27-janvier-espace-culturel-varennes-sur-seine\",\"name\":\"D\u00e9dicace Nina Voit - samedi 27 janvier - espace culturel Varennes sur seine\",\"isPartOf\":{\"@id\":\"https:\\\/\\\/editionsdudauphin.com\\\/en#website\"},\"primaryImageOfPage\":{\"@id\":\"https:\\\/\\\/editionsdudauphin.com\\\/en\\\/conferences-et-signatures\\\/dedicace-nina-voit-samedi-27-janvier-espace-culturel-varennes-sur-seine#primaryimage\"},\"image\":{\"@id\":\"https:\\\/\\\/editionsdudauphin.com\\\/en\\\/conferences-et-signatures\\\/dedicace-nina-voit-samedi-27-janvier-espace-culturel-varennes-sur-seine#primaryimage\"},\"thumbnailUrl\":\"https:\\\/\\\/editionsdudauphin.com\\\/wp-content\\\/uploads\\\/2024\\\/01\\\/nina-voit-dedicace.jpeg\",\"datePublished\":\"2024-01-24T10:18:07+00:00\",\"dateModified\":\"2024-01-24T10:19:21+00:00\",\"author\":{\"@id\":\"https:\\\/\\\/editionsdudauphin.com\\\/en#\\\/schema\\\/person\\\/605e9a19ba195a7dba70be10aabe23e4\"},\"description\":\"Retrouvez Nina Voit, l'auteur du livre sant\u00e9 de la cuisine v\u00e9g\u00e9tale pour une s\u00e9ance de d\u00e9dicace \u00e0 l'espace culturel de Varennes sur seine.\",\"breadcrumb\":{\"@id\":\"https:\\\/\\\/editionsdudauphin.com\\\/en\\\/conferences-et-signatures\\\/dedicace-nina-voit-samedi-27-janvier-espace-culturel-varennes-sur-seine#breadcrumb\"},\"inLanguage\":\"en-US\",\"potentialAction\":[{\"@type\":\"ReadAction\",\"target\":[\"https:\\\/\\\/editionsdudauphin.com\\\/en\\\/conferences-et-signatures\\\/dedicace-nina-voit-samedi-27-janvier-espace-culturel-varennes-sur-seine\"]}]},{\"@type\":\"ImageObject\",\"inLanguage\":\"en-US\",\"@id\":\"https:\\\/\\\/editionsdudauphin.com\\\/en\\\/conferences-et-signatures\\\/dedicace-nina-voit-samedi-27-janvier-espace-culturel-varennes-sur-seine#primaryimage\",\"url\":\"https:\\\/\\\/editionsdudauphin.com\\\/wp-content\\\/uploads\\\/2024\\\/01\\\/nina-voit-dedicace.jpeg\",\"contentUrl\":\"https:\\\/\\\/editionsdudauphin.com\\\/wp-content\\\/uploads\\\/2024\\\/01\\\/nina-voit-dedicace.jpeg\",\"width\":894,\"height\":557,\"caption\":\"d\u00e9dicace nina voit\"},{\"@type\":\"BreadcrumbList\",\"@id\":\"https:\\\/\\\/editionsdudauphin.com\\\/en\\\/conferences-et-signatures\\\/dedicace-nina-voit-samedi-27-janvier-espace-culturel-varennes-sur-seine#breadcrumb\",\"itemListElement\":[{\"@type\":\"ListItem\",\"position\":1,\"name\":\"Accueil\",\"item\":\"https:\\\/\\\/editionsdudauphin.com\\\/en\"},{\"@type\":\"ListItem\",\"position\":2,\"name\":\"D\u00e9dicace Nina Voit &#8211; samedi 27 janvier &#8211; espace culturel Varennes sur seine\"}]},{\"@type\":\"WebSite\",\"@id\":\"https:\\\/\\\/editionsdudauphin.com\\\/en#website\",\"url\":\"https:\\\/\\\/editionsdudauphin.com\\\/en\",\"name\":\"\u00c9ditions du Dauphin\",\"description\":\"\",\"potentialAction\":[{\"@type\":\"SearchAction\",\"target\":{\"@type\":\"EntryPoint\",\"urlTemplate\":\"https:\\\/\\\/editionsdudauphin.com\\\/en?s={search_term_string}\"},\"query-input\":{\"@type\":\"PropertyValueSpecification\",\"valueRequired\":true,\"valueName\":\"search_term_string\"}}],\"inLanguage\":\"en-US\"},{\"@type\":\"Person\",\"@id\":\"https:\\\/\\\/editionsdudauphin.com\\\/en#\\\/schema\\\/person\\\/605e9a19ba195a7dba70be10aabe23e4\",\"name\":\"presse\",\"image\":{\"@type\":\"ImageObject\",\"inLanguage\":\"en-US\",\"@id\":\"https:\\\/\\\/secure.gravatar.com\\\/avatar\\\/ae91baae35470237c672b962ffa54a1c95ca50502127ca3bc999ed1afa02c958?s=96&d=mm&r=g\",\"url\":\"https:\\\/\\\/secure.gravatar.com\\\/avatar\\\/ae91baae35470237c672b962ffa54a1c95ca50502127ca3bc999ed1afa02c958?s=96&d=mm&r=g\",\"contentUrl\":\"https:\\\/\\\/secure.gravatar.com\\\/avatar\\\/ae91baae35470237c672b962ffa54a1c95ca50502127ca3bc999ed1afa02c958?s=96&d=mm&r=g\",\"caption\":\"presse\"}}]}<\/script>\n<!-- \/ Yoast SEO plugin. -->","yoast_head_json":{"title":"D\u00e9dicace Nina Voit - samedi 27 janvier - espace culturel Varennes sur seine","description":"Retrouvez Nina Voit, l'auteur du livre sant\u00e9 de la cuisine v\u00e9g\u00e9tale pour une s\u00e9ance de d\u00e9dicace \u00e0 l'espace culturel de Varennes sur seine.","robots":{"index":"index","follow":"follow","max-snippet":"max-snippet:-1","max-image-preview":"max-image-preview:large","max-video-preview":"max-video-preview:-1"},"canonical":"https:\/\/editionsdudauphin.com\/en\/conferences-et-signatures\/dedicace-nina-voit-samedi-27-janvier-espace-culturel-varennes-sur-seine","og_locale":"en_US","og_type":"article","og_title":"D\u00e9dicace Nina Voit - samedi 27 janvier - espace culturel Varennes sur seine","og_description":"Retrouvez Nina Voit, l'auteur du livre sant\u00e9 de la cuisine v\u00e9g\u00e9tale pour une s\u00e9ance de d\u00e9dicace \u00e0 l'espace culturel de Varennes sur seine.","og_url":"https:\/\/editionsdudauphin.com\/en\/conferences-et-signatures\/dedicace-nina-voit-samedi-27-janvier-espace-culturel-varennes-sur-seine","og_site_name":"\u00c9ditions du Dauphin","article_published_time":"2024-01-24T10:18:07+00:00","article_modified_time":"2024-01-24T10:19:21+00:00","og_image":[{"width":894,"height":557,"url":"https:\/\/editionsdudauphin.com\/wp-content\/uploads\/2024\/01\/nina-voit-dedicace.jpeg","type":"image\/jpeg"}],"author":"presse","twitter_card":"summary_large_image","twitter_misc":{"Written by":"presse","Est. reading time":"3 minutes"},"schema":{"@context":"https:\/\/schema.org","@graph":[{"@type":"Article","@id":"https:\/\/editionsdudauphin.com\/en\/conferences-et-signatures\/dedicace-nina-voit-samedi-27-janvier-espace-culturel-varennes-sur-seine#article","isPartOf":{"@id":"https:\/\/editionsdudauphin.com\/en\/conferences-et-signatures\/dedicace-nina-voit-samedi-27-janvier-espace-culturel-varennes-sur-seine"},"author":{"name":"presse","@id":"https:\/\/editionsdudauphin.com\/en#\/schema\/person\/605e9a19ba195a7dba70be10aabe23e4"},"headline":"D\u00e9dicace Nina Voit &#8211; samedi 27 janvier &#8211; espace culturel Varennes sur seine","datePublished":"2024-01-24T10:18:07+00:00","dateModified":"2024-01-24T10:19:21+00:00","mainEntityOfPage":{"@id":"https:\/\/editionsdudauphin.com\/en\/conferences-et-signatures\/dedicace-nina-voit-samedi-27-janvier-espace-culturel-varennes-sur-seine"},"wordCount":1409,"image":{"@id":"https:\/\/editionsdudauphin.com\/en\/conferences-et-signatures\/dedicace-nina-voit-samedi-27-janvier-espace-culturel-varennes-sur-seine#primaryimage"},"thumbnailUrl":"https:\/\/editionsdudauphin.com\/wp-content\/uploads\/2024\/01\/nina-voit-dedicace.jpeg","articleSection":["Conf\u00e9rences &amp; signatures &amp; salons"],"inLanguage":"en-US"},{"@type":"WebPage","@id":"https:\/\/editionsdudauphin.com\/en\/conferences-et-signatures\/dedicace-nina-voit-samedi-27-janvier-espace-culturel-varennes-sur-seine","url":"https:\/\/editionsdudauphin.com\/en\/conferences-et-signatures\/dedicace-nina-voit-samedi-27-janvier-espace-culturel-varennes-sur-seine","name":"D\u00e9dicace Nina Voit - samedi 27 janvier - espace culturel Varennes sur seine","isPartOf":{"@id":"https:\/\/editionsdudauphin.com\/en#website"},"primaryImageOfPage":{"@id":"https:\/\/editionsdudauphin.com\/en\/conferences-et-signatures\/dedicace-nina-voit-samedi-27-janvier-espace-culturel-varennes-sur-seine#primaryimage"},"image":{"@id":"https:\/\/editionsdudauphin.com\/en\/conferences-et-signatures\/dedicace-nina-voit-samedi-27-janvier-espace-culturel-varennes-sur-seine#primaryimage"},"thumbnailUrl":"https:\/\/editionsdudauphin.com\/wp-content\/uploads\/2024\/01\/nina-voit-dedicace.jpeg","datePublished":"2024-01-24T10:18:07+00:00","dateModified":"2024-01-24T10:19:21+00:00","author":{"@id":"https:\/\/editionsdudauphin.com\/en#\/schema\/person\/605e9a19ba195a7dba70be10aabe23e4"},"description":"Retrouvez Nina Voit, l'auteur du livre sant\u00e9 de la cuisine v\u00e9g\u00e9tale pour une s\u00e9ance de d\u00e9dicace \u00e0 l'espace culturel de Varennes sur seine.","breadcrumb":{"@id":"https:\/\/editionsdudauphin.com\/en\/conferences-et-signatures\/dedicace-nina-voit-samedi-27-janvier-espace-culturel-varennes-sur-seine#breadcrumb"},"inLanguage":"en-US","potentialAction":[{"@type":"ReadAction","target":["https:\/\/editionsdudauphin.com\/en\/conferences-et-signatures\/dedicace-nina-voit-samedi-27-janvier-espace-culturel-varennes-sur-seine"]}]},{"@type":"ImageObject","inLanguage":"en-US","@id":"https:\/\/editionsdudauphin.com\/en\/conferences-et-signatures\/dedicace-nina-voit-samedi-27-janvier-espace-culturel-varennes-sur-seine#primaryimage","url":"https:\/\/editionsdudauphin.com\/wp-content\/uploads\/2024\/01\/nina-voit-dedicace.jpeg","contentUrl":"https:\/\/editionsdudauphin.com\/wp-content\/uploads\/2024\/01\/nina-voit-dedicace.jpeg","width":894,"height":557,"caption":"d\u00e9dicace nina voit"},{"@type":"BreadcrumbList","@id":"https:\/\/editionsdudauphin.com\/en\/conferences-et-signatures\/dedicace-nina-voit-samedi-27-janvier-espace-culturel-varennes-sur-seine#breadcrumb","itemListElement":[{"@type":"ListItem","position":1,"name":"Accueil","item":"https:\/\/editionsdudauphin.com\/en"},{"@type":"ListItem","position":2,"name":"D\u00e9dicace Nina Voit &#8211; samedi 27 janvier &#8211; espace culturel Varennes sur seine"}]},{"@type":"WebSite","@id":"https:\/\/editionsdudauphin.com\/en#website","url":"https:\/\/editionsdudauphin.com\/en","name":"\u00c9ditions du Dauphin","description":"","potentialAction":[{"@type":"SearchAction","target":{"@type":"EntryPoint","urlTemplate":"https:\/\/editionsdudauphin.com\/en?s={search_term_string}"},"query-input":{"@type":"PropertyValueSpecification","valueRequired":true,"valueName":"search_term_string"}}],"inLanguage":"en-US"},{"@type":"Person","@id":"https:\/\/editionsdudauphin.com\/en#\/schema\/person\/605e9a19ba195a7dba70be10aabe23e4","name":"presse","image":{"@type":"ImageObject","inLanguage":"en-US","@id":"https:\/\/secure.gravatar.com\/avatar\/ae91baae35470237c672b962ffa54a1c95ca50502127ca3bc999ed1afa02c958?s=96&d=mm&r=g","url":"https:\/\/secure.gravatar.com\/avatar\/ae91baae35470237c672b962ffa54a1c95ca50502127ca3bc999ed1afa02c958?s=96&d=mm&r=g","contentUrl":"https:\/\/secure.gravatar.com\/avatar\/ae91baae35470237c672b962ffa54a1c95ca50502127ca3bc999ed1afa02c958?s=96&d=mm&r=g","caption":"presse"}}]}},"_links":{"self":[{"href":"https:\/\/editionsdudauphin.com\/en\/wp-json\/wp\/v2\/posts\/16903","targetHints":{"allow":["GET"]}}],"collection":[{"href":"https:\/\/editionsdudauphin.com\/en\/wp-json\/wp\/v2\/posts"}],"about":[{"href":"https:\/\/editionsdudauphin.com\/en\/wp-json\/wp\/v2\/types\/post"}],"author":[{"embeddable":true,"href":"https:\/\/editionsdudauphin.com\/en\/wp-json\/wp\/v2\/users\/12"}],"replies":[{"embeddable":true,"href":"https:\/\/editionsdudauphin.com\/en\/wp-json\/wp\/v2\/comments?post=16903"}],"version-history":[{"count":0,"href":"https:\/\/editionsdudauphin.com\/en\/wp-json\/wp\/v2\/posts\/16903\/revisions"}],"wp:featuredmedia":[{"embeddable":true,"href":"https:\/\/editionsdudauphin.com\/en\/wp-json\/wp\/v2\/media\/16904"}],"wp:attachment":[{"href":"https:\/\/editionsdudauphin.com\/en\/wp-json\/wp\/v2\/media?parent=16903"}],"wp:term":[{"taxonomy":"category","embeddable":true,"href":"https:\/\/editionsdudauphin.com\/en\/wp-json\/wp\/v2\/categories?post=16903"},{"taxonomy":"post_tag","embeddable":true,"href":"https:\/\/editionsdudauphin.com\/en\/wp-json\/wp\/v2\/tags?post=16903"}],"curies":[{"name":"wp","href":"https:\/\/api.w.org\/{rel}","templated":true}]}}