{"id":17111,"date":"2024-03-07T19:01:10","date_gmt":"2024-03-07T18:01:10","guid":{"rendered":"https:\/\/editionsdudauphin.com\/?p=17111"},"modified":"2024-03-07T19:01:44","modified_gmt":"2024-03-07T18:01:44","slug":"salon-zen-bio-8-au-10-mars-2024-angers","status":"publish","type":"post","link":"https:\/\/editionsdudauphin.com\/en\/conferences-et-signatures\/salon-zen-bio-8-au-10-mars-2024-angers","title":{"rendered":"Salon Zen &#038; Bio \u2013 8 au 10 mars 2024 \u2013 Angers"},"content":{"rendered":"<div class=\"fusion-fullwidth fullwidth-box fusion-builder-row-1 fusion-flex-container has-pattern-background has-mask-background nonhundred-percent-fullwidth non-hundred-percent-height-scrolling\" style=\"--awb-border-radius-top-left:0px;--awb-border-radius-top-right:0px;--awb-border-radius-bottom-right:0px;--awb-border-radius-bottom-left:0px;--awb-flex-wrap:wrap;\" ><div class=\"fusion-builder-row fusion-row fusion-flex-align-items-flex-start fusion-flex-content-wrap\" style=\"max-width:1248px;margin-left: calc(-4% \/ 2 );margin-right: calc(-4% \/ 2 );\"><div class=\"fusion-layout-column fusion_builder_column fusion-builder-column-0 fusion_builder_column_1_1 1_1 fusion-flex-column\" style=\"--awb-bg-size:cover;--awb-width-large:100%;--awb-margin-top-large:0px;--awb-spacing-right-large:1.92%;--awb-margin-bottom-large:20px;--awb-spacing-left-large:1.92%;--awb-width-medium:100%;--awb-order-medium:0;--awb-spacing-right-medium:1.92%;--awb-spacing-left-medium:1.92%;--awb-width-small:100%;--awb-order-small:0;--awb-spacing-right-small:1.92%;--awb-spacing-left-small:1.92%;\"><div class=\"fusion-column-wrapper fusion-column-has-shadow fusion-flex-justify-content-flex-start fusion-content-layout-column\"><div class=\"fusion-text fusion-text-1\"><h2>Le salon Zen &amp; Bio, salon bien-\u00eatre, sant\u00e9 naturelle et \u00e9cologie<\/h2>\n<p>Le salon bien-\u00eatre, sant\u00e9 naturelle et \u00e9cologie ! Un \u00e9v\u00e9nement incontournable pour tous les passionn\u00e9s de bien-\u00eatre, d\u2019alimentation saine et de mode de vie \u00e9cologique. Les visiteurs auront l\u2019opportunit\u00e9 de d\u00e9couvrir une vaste s\u00e9lection de produits biologiques de qualit\u00e9 et d\u2019en apprendre davantage sur les derni\u00e8res innovations dans le domaine du bien-\u00eatre et de la durabilit\u00e9. Les stands des exposants offrent une vari\u00e9t\u00e9 de produits allant des cosm\u00e9tiques biologiques aux compl\u00e9ments alimentaires naturels, en passant par les produits d\u2019hygi\u00e8ne \u00e9cologiques et les solutions durables pour la maison. Les conf\u00e9rences anim\u00e9es par des experts renomm\u00e9s permettront aux visiteurs de se familiariser avec les derni\u00e8res tendances en mati\u00e8re de sant\u00e9 naturelle, de bien-\u00eatre et d\u2019\u00e9cologie.<\/p>\n<h3>Le programme du samedi 9 mars<\/h3>\n<p>Retrouvez notre auteure\u00a0<a href=\"https:\/\/editionsdudauphin.com\/author-book\/sylvia-cordonnier\" target=\"_blank\" rel=\"noopener\">Sylvia Cordonnier<\/a>\u00a0<strong>\u00e0 11h30 <\/strong>pour une conf\u00e9rence suivie d\u2019une s\u00e9ance de d\u00e9dicaces. Elle vous parlera de son livre \u00ab\u00a0<a href=\"https:\/\/editionsdudauphin.com\/livre\/themes\/spirualite-esoterisme\/esoterisme\/arts-divinatoires\/qi-men-dun-jia-initiation\" target=\"_blank\" rel=\"noopener\">Prendre les bonnes d\u00e9cisions au bon moment, initiation au Qi Men Dun Jia<\/a>\u00ab\u00a0. Vous pourrez \u00e9changer avec elle et repartir avec votre livre d\u00e9dicac\u00e9.<\/p>\n<picture><source srcset=\"https:\/\/editionsdudauphin.com\/wp-content\/uploads\/2023\/09\/SylviaCordonnier-9-1-225x300.jpg.webp\" type=\"image\/webp\" \/><img loading=\"lazy\" decoding=\"async\" src=\"https:\/\/editionsdudauphin.com\/wp-content\/uploads\/2023\/09\/SylviaCordonnier-9-1-225x300.jpg\" alt=\"sylvia cordonnier\" width=\"225\" height=\"300\" data-eio=\"p\" \/><\/picture>\n<p>Auteure passionn\u00e9e, elle partage \u00e0 travers son livre ses conseils pour vous aider \u00e0 suivre une vie plus \u00e9panouie en apprenant \u00e0 savoir quand prendre les bonnes d\u00e9cisions au bon moment.<\/p>\n<p>Que vous soyez d\u00e9butants ou professionnels, hommes\/femmes d\u2019affaires ou dirigeants ou simplement en qu\u00eate de r\u00e9ponses comme nous tous, ce livre est fait pour vous.<\/p>\n<p>Vous souhaitez vous marier, est-ce le bon moment pour en discuter ?<\/p>\n<p>Vous souhaitez vendre votre maison, est-ce le bon moment ?<\/p>\n<p>N\u2019attendez plus la r\u00e9ponse, vous la trouverez au salon avec Sylvia Cordonnier.<\/p>\n<h3>Le programme du dimanche 10 mars<\/h3>\n<p>Retrouvez\u00a0<a href=\"https:\/\/editionsdudauphin.com\/author-book\/caroline-mangiaracina\" target=\"_blank\" rel=\"noopener\">Caroline Mangiaracina<\/a>, auteure du livre\u00a0<a href=\"https:\/\/editionsdudauphin.com\/livre\/themes\/bien-etre-sante\/bien-etre\/forme\/votre-boite-a-outils-mieux-etre\" target=\"_blank\" rel=\"noopener\">\u00ab\u00a0Votre bo\u00eete \u00e0 outils mieux-\u00eatre\u00a0\u00bb<\/a>\u00a0<strong>\u00e0 11h30<\/strong>\u00a0pour une conf\u00e9rence suivie d\u2019une d\u00e9dicace. Vous pourrez \u00e9changer avec elle et repartir avec votre livre d\u00e9dicac\u00e9.<\/p>\n<p>Caroline Mangiaracina, sophrologue certifi\u00e9e RNCP, incarne une passionnante voyageuse de l\u2019exploration int\u00e9rieure depuis plus d\u2019une d\u00e9cennie. Sa d\u00e9couverte initiale de la sophrologie remonte \u00e0 11 ans, un moment charni\u00e8re qui a marqu\u00e9 le d\u00e9but d\u2019une qu\u00eate personnelle et professionnelle d\u00e9di\u00e9e au bien-\u00eatre et \u00e0 la croissance personnelle. Titulaire d\u2019une c<picture><source srcset=\"https:\/\/editionsdudauphin.com\/wp-content\/uploads\/2023\/09\/MangiaracinaCaroline-1-200x274.jpg.webp 200w, https:\/\/editionsdudauphin.com\/wp-content\/uploads\/2023\/09\/MangiaracinaCaroline-1-219x300.jpg.webp 219w, https:\/\/editionsdudauphin.com\/wp-content\/uploads\/2023\/09\/MangiaracinaCaroline-1-365x500.jpg.webp 365w, https:\/\/editionsdudauphin.com\/wp-content\/uploads\/2023\/09\/MangiaracinaCaroline-1-400x548.jpg.webp 400w, https:\/\/editionsdudauphin.com\/wp-content\/uploads\/2023\/09\/MangiaracinaCaroline-1-500x685.jpg.webp 500w, https:\/\/editionsdudauphin.com\/wp-content\/uploads\/2023\/09\/MangiaracinaCaroline-1-600x822.jpg.webp 600w, https:\/\/editionsdudauphin.com\/wp-content\/uploads\/2023\/09\/MangiaracinaCaroline-1-700x959.jpg.webp 700w, https:\/\/editionsdudauphin.com\/wp-content\/uploads\/2023\/09\/MangiaracinaCaroline-1-747x1024.jpg.webp 747w, https:\/\/editionsdudauphin.com\/wp-content\/uploads\/2023\/09\/MangiaracinaCaroline-1-768x1053.jpg.webp 768w, https:\/\/editionsdudauphin.com\/wp-content\/uploads\/2023\/09\/MangiaracinaCaroline-1-800x1096.jpg.webp 800w, https:\/\/editionsdudauphin.com\/wp-content\/uploads\/2023\/09\/MangiaracinaCaroline-1-1121x1536.jpg.webp 1121w, https:\/\/editionsdudauphin.com\/wp-content\/uploads\/2023\/09\/MangiaracinaCaroline-1-1200x1645.jpg.webp 1200w, https:\/\/editionsdudauphin.com\/wp-content\/uploads\/2023\/09\/MangiaracinaCaroline-1.jpg.webp 1401w\" type=\"image\/webp\" sizes=\"(max-width: 219px) 100vw, 219px\" \/><img loading=\"lazy\" decoding=\"async\" class=\"alignleft wp-image-16102 size-medium\" src=\"https:\/\/editionsdudauphin.com\/wp-content\/uploads\/2023\/09\/MangiaracinaCaroline-1-219x300.jpg\" sizes=\"auto, (max-width: 219px) 100vw, 219px\" srcset=\"https:\/\/editionsdudauphin.com\/wp-content\/uploads\/2023\/09\/MangiaracinaCaroline-1-200x274.jpg 200w, https:\/\/editionsdudauphin.com\/wp-content\/uploads\/2023\/09\/MangiaracinaCaroline-1-219x300.jpg 219w, https:\/\/editionsdudauphin.com\/wp-content\/uploads\/2023\/09\/MangiaracinaCaroline-1-365x500.jpg 365w, https:\/\/editionsdudauphin.com\/wp-content\/uploads\/2023\/09\/MangiaracinaCaroline-1-400x548.jpg 400w, https:\/\/editionsdudauphin.com\/wp-content\/uploads\/2023\/09\/MangiaracinaCaroline-1-500x685.jpg 500w, https:\/\/editionsdudauphin.com\/wp-content\/uploads\/2023\/09\/MangiaracinaCaroline-1-600x822.jpg 600w, https:\/\/editionsdudauphin.com\/wp-content\/uploads\/2023\/09\/MangiaracinaCaroline-1-700x959.jpg 700w, https:\/\/editionsdudauphin.com\/wp-content\/uploads\/2023\/09\/MangiaracinaCaroline-1-747x1024.jpg 747w, https:\/\/editionsdudauphin.com\/wp-content\/uploads\/2023\/09\/MangiaracinaCaroline-1-768x1053.jpg 768w, https:\/\/editionsdudauphin.com\/wp-content\/uploads\/2023\/09\/MangiaracinaCaroline-1-800x1096.jpg 800w, https:\/\/editionsdudauphin.com\/wp-content\/uploads\/2023\/09\/MangiaracinaCaroline-1-1121x1536.jpg 1121w, https:\/\/editionsdudauphin.com\/wp-content\/uploads\/2023\/09\/MangiaracinaCaroline-1-1200x1645.jpg 1200w, https:\/\/editionsdudauphin.com\/wp-content\/uploads\/2023\/09\/MangiaracinaCaroline-1.jpg 1401w\" alt=\"Caroline Mangiaracina\" width=\"219\" height=\"300\" data-eio=\"p\" \/><\/picture>ertification RNCP, Caroline a consolid\u00e9 ses comp\u00e9tences en se sp\u00e9cialisant dans la \u00ab P\u00e9dagogie Sophro Ludique \u00bb, une approche dynamique qui int\u00e8gre la ludicit\u00e9 pour rendre la sophrologie accessible et engageante. Soucieuse d\u2019\u00e9largir ses horizons th\u00e9rapeutiques, elle s\u2019est \u00e9galement form\u00e9e \u00e0 l\u2019EFT (Emotional Freedom Techniques) et \u00e0 la m\u00e9ditation de pleine conscience, enrichissant ainsi son r\u00e9pertoire d\u2019outils pour accompagner ses clients vers une meilleure harmonie mentale et \u00e9motionnelle. Depuis l\u2019obtention de sa certification, Caroline partage sa passion et son expertise en offrant des cours de sophrologie tant aux particuliers qu\u2019aux salari\u00e9s, travaillant avec des comit\u00e9s d\u2019entreprise pour favoriser le bien-\u00eatre au sein des milieux professionnels. Sa p\u00e9dagogie, empreinte de sensibilit\u00e9 et d\u2019\u00e9coute, vise \u00e0 guider chacun vers une meilleure connaissance de soi et \u00e0 cultiver un \u00e9quilibre int\u00e9rieur durable. Install\u00e9e en r\u00e9gion parisienne, Caroline Mangiaracina apporte son savoir-faire et sa bienveillance \u00e0 ceux qui cherchent \u00e0 explorer les voies de la d\u00e9tente, de la conscience et de l\u2019\u00e9panouissement personnel. Son engagement envers le bien-\u00eatre global se refl\u00e8te dans son approche holistique, faisant d\u2019elle une praticienne d\u00e9vou\u00e9e \u00e0 accompagner les autres sur le chemin de la s\u00e9r\u00e9nit\u00e9 et de la d\u00e9couverte de leur plein potentiel.<\/p>\n<h2>Informations pratiques<\/h2>\n<p>Pour r\u00e9cup\u00e9rer votre entr\u00e9e gratuite, c&#8217;est <a href=\"https:\/\/www.salon-zenetbio.com\/angers\/zen-bio-angers\/\" target=\"_blank\" rel=\"noopener\">ici<\/a><\/p>\n<p>Pour toutes les informations relatives au salon, <a href=\"https:\/\/www.salon-zenetbio.com\/angers\/informations-pratiques\/\" target=\"_blank\" rel=\"noopener\">cliquez ici<\/a><\/p>\n<p>Pour acc\u00e9der au salon, rendez-vous <a href=\"https:\/\/www.salon-zenetbio.com\/angers\/informations-pratiques\/comment-venir\/\" target=\"_blank\" rel=\"noopener\">ici<\/a><\/p>\n<\/div><\/div><\/div><\/div><\/div>\n","protected":false},"excerpt":{"rendered":"","protected":false},"author":12,"featured_media":17114,"comment_status":"closed","ping_status":"closed","sticky":false,"template":"","format":"standard","meta":{"_acf_changed":false,"wpupg_custom_link":[],"wpupg_custom_link_behaviour":["default"],"wpupg_custom_link_nofollow":[],"wpupg_custom_image":[],"wpupg_custom_image_id":[],"footnotes":""},"categories":[136],"tags":[],"class_list":["post-17111","post","type-post","status-publish","format-standard","has-post-thumbnail","hentry","category-conferences-et-signatures"],"acf":[],"yoast_head":"<!-- This site is optimized with the Yoast SEO plugin v27.4 - https:\/\/yoast.com\/product\/yoast-seo-wordpress\/ -->\n<title>Salon Zen &amp; Bio \u2013 8 au 10 mars 2024 \u2013 Angers<\/title>\n<meta name=\"description\" content=\"Retrouvez nos auteurs au salon Zen et Bio le samedi 9 mars et le dimanche 10 mars. Profitez de ces journ\u00e9es pour \u00e9changer avec eux.\" \/>\n<meta name=\"robots\" content=\"index, follow, max-snippet:-1, max-image-preview:large, max-video-preview:-1\" \/>\n<link rel=\"canonical\" href=\"https:\/\/editionsdudauphin.com\/en\/conferences-et-signatures\/salon-zen-bio-8-au-10-mars-2024-angers\" \/>\n<meta property=\"og:locale\" content=\"en_US\" \/>\n<meta property=\"og:type\" content=\"article\" \/>\n<meta property=\"og:title\" content=\"Salon Zen &amp; Bio \u2013 8 au 10 mars 2024 \u2013 Angers\" \/>\n<meta property=\"og:description\" content=\"Retrouvez nos auteurs au salon Zen et Bio le samedi 9 mars et le dimanche 10 mars. Profitez de ces journ\u00e9es pour \u00e9changer avec eux.\" \/>\n<meta property=\"og:url\" content=\"https:\/\/editionsdudauphin.com\/en\/conferences-et-signatures\/salon-zen-bio-8-au-10-mars-2024-angers\" \/>\n<meta property=\"og:site_name\" content=\"\u00c9ditions du Dauphin\" \/>\n<meta property=\"article:published_time\" content=\"2024-03-07T18:01:10+00:00\" \/>\n<meta property=\"article:modified_time\" content=\"2024-03-07T18:01:44+00:00\" \/>\n<meta property=\"og:image\" content=\"https:\/\/editionsdudauphin.com\/wp-content\/uploads\/2024\/03\/Salon-WP.jpg\" \/>\n\t<meta property=\"og:image:width\" content=\"1920\" \/>\n\t<meta property=\"og:image:height\" content=\"1200\" \/>\n\t<meta property=\"og:image:type\" content=\"image\/jpeg\" \/>\n<meta name=\"author\" content=\"presse\" \/>\n<meta name=\"twitter:card\" content=\"summary_large_image\" \/>\n<meta name=\"twitter:label1\" content=\"Written by\" \/>\n\t<meta name=\"twitter:data1\" content=\"presse\" \/>\n\t<meta name=\"twitter:label2\" content=\"Est. reading time\" \/>\n\t<meta name=\"twitter:data2\" content=\"4 minutes\" \/>\n<script type=\"application\/ld+json\" class=\"yoast-schema-graph\">{\"@context\":\"https:\\\/\\\/schema.org\",\"@graph\":[{\"@type\":\"Article\",\"@id\":\"https:\\\/\\\/editionsdudauphin.com\\\/en\\\/conferences-et-signatures\\\/salon-zen-bio-8-au-10-mars-2024-angers#article\",\"isPartOf\":{\"@id\":\"https:\\\/\\\/editionsdudauphin.com\\\/en\\\/conferences-et-signatures\\\/salon-zen-bio-8-au-10-mars-2024-angers\"},\"author\":{\"name\":\"presse\",\"@id\":\"https:\\\/\\\/editionsdudauphin.com\\\/en#\\\/schema\\\/person\\\/605e9a19ba195a7dba70be10aabe23e4\"},\"headline\":\"Salon Zen &#038; Bio \u2013 8 au 10 mars 2024 \u2013 Angers\",\"datePublished\":\"2024-03-07T18:01:10+00:00\",\"dateModified\":\"2024-03-07T18:01:44+00:00\",\"mainEntityOfPage\":{\"@id\":\"https:\\\/\\\/editionsdudauphin.com\\\/en\\\/conferences-et-signatures\\\/salon-zen-bio-8-au-10-mars-2024-angers\"},\"wordCount\":1603,\"image\":{\"@id\":\"https:\\\/\\\/editionsdudauphin.com\\\/en\\\/conferences-et-signatures\\\/salon-zen-bio-8-au-10-mars-2024-angers#primaryimage\"},\"thumbnailUrl\":\"https:\\\/\\\/editionsdudauphin.com\\\/wp-content\\\/uploads\\\/2024\\\/03\\\/Salon-WP.jpg\",\"articleSection\":[\"Conf\u00e9rences &amp; signatures &amp; salons\"],\"inLanguage\":\"en-US\"},{\"@type\":\"WebPage\",\"@id\":\"https:\\\/\\\/editionsdudauphin.com\\\/en\\\/conferences-et-signatures\\\/salon-zen-bio-8-au-10-mars-2024-angers\",\"url\":\"https:\\\/\\\/editionsdudauphin.com\\\/en\\\/conferences-et-signatures\\\/salon-zen-bio-8-au-10-mars-2024-angers\",\"name\":\"Salon Zen & Bio \u2013 8 au 10 mars 2024 \u2013 Angers\",\"isPartOf\":{\"@id\":\"https:\\\/\\\/editionsdudauphin.com\\\/en#website\"},\"primaryImageOfPage\":{\"@id\":\"https:\\\/\\\/editionsdudauphin.com\\\/en\\\/conferences-et-signatures\\\/salon-zen-bio-8-au-10-mars-2024-angers#primaryimage\"},\"image\":{\"@id\":\"https:\\\/\\\/editionsdudauphin.com\\\/en\\\/conferences-et-signatures\\\/salon-zen-bio-8-au-10-mars-2024-angers#primaryimage\"},\"thumbnailUrl\":\"https:\\\/\\\/editionsdudauphin.com\\\/wp-content\\\/uploads\\\/2024\\\/03\\\/Salon-WP.jpg\",\"datePublished\":\"2024-03-07T18:01:10+00:00\",\"dateModified\":\"2024-03-07T18:01:44+00:00\",\"author\":{\"@id\":\"https:\\\/\\\/editionsdudauphin.com\\\/en#\\\/schema\\\/person\\\/605e9a19ba195a7dba70be10aabe23e4\"},\"description\":\"Retrouvez nos auteurs au salon Zen et Bio le samedi 9 mars et le dimanche 10 mars. Profitez de ces journ\u00e9es pour \u00e9changer avec eux.\",\"breadcrumb\":{\"@id\":\"https:\\\/\\\/editionsdudauphin.com\\\/en\\\/conferences-et-signatures\\\/salon-zen-bio-8-au-10-mars-2024-angers#breadcrumb\"},\"inLanguage\":\"en-US\",\"potentialAction\":[{\"@type\":\"ReadAction\",\"target\":[\"https:\\\/\\\/editionsdudauphin.com\\\/en\\\/conferences-et-signatures\\\/salon-zen-bio-8-au-10-mars-2024-angers\"]}]},{\"@type\":\"ImageObject\",\"inLanguage\":\"en-US\",\"@id\":\"https:\\\/\\\/editionsdudauphin.com\\\/en\\\/conferences-et-signatures\\\/salon-zen-bio-8-au-10-mars-2024-angers#primaryimage\",\"url\":\"https:\\\/\\\/editionsdudauphin.com\\\/wp-content\\\/uploads\\\/2024\\\/03\\\/Salon-WP.jpg\",\"contentUrl\":\"https:\\\/\\\/editionsdudauphin.com\\\/wp-content\\\/uploads\\\/2024\\\/03\\\/Salon-WP.jpg\",\"width\":1920,\"height\":1200,\"caption\":\"Salon Zen et bio angers mars 2024\"},{\"@type\":\"BreadcrumbList\",\"@id\":\"https:\\\/\\\/editionsdudauphin.com\\\/en\\\/conferences-et-signatures\\\/salon-zen-bio-8-au-10-mars-2024-angers#breadcrumb\",\"itemListElement\":[{\"@type\":\"ListItem\",\"position\":1,\"name\":\"Accueil\",\"item\":\"https:\\\/\\\/editionsdudauphin.com\\\/en\"},{\"@type\":\"ListItem\",\"position\":2,\"name\":\"Salon Zen &#038; Bio \u2013 8 au 10 mars 2024 \u2013 Angers\"}]},{\"@type\":\"WebSite\",\"@id\":\"https:\\\/\\\/editionsdudauphin.com\\\/en#website\",\"url\":\"https:\\\/\\\/editionsdudauphin.com\\\/en\",\"name\":\"\u00c9ditions du Dauphin\",\"description\":\"\",\"potentialAction\":[{\"@type\":\"SearchAction\",\"target\":{\"@type\":\"EntryPoint\",\"urlTemplate\":\"https:\\\/\\\/editionsdudauphin.com\\\/en?s={search_term_string}\"},\"query-input\":{\"@type\":\"PropertyValueSpecification\",\"valueRequired\":true,\"valueName\":\"search_term_string\"}}],\"inLanguage\":\"en-US\"},{\"@type\":\"Person\",\"@id\":\"https:\\\/\\\/editionsdudauphin.com\\\/en#\\\/schema\\\/person\\\/605e9a19ba195a7dba70be10aabe23e4\",\"name\":\"presse\",\"image\":{\"@type\":\"ImageObject\",\"inLanguage\":\"en-US\",\"@id\":\"https:\\\/\\\/secure.gravatar.com\\\/avatar\\\/ae91baae35470237c672b962ffa54a1c95ca50502127ca3bc999ed1afa02c958?s=96&d=mm&r=g\",\"url\":\"https:\\\/\\\/secure.gravatar.com\\\/avatar\\\/ae91baae35470237c672b962ffa54a1c95ca50502127ca3bc999ed1afa02c958?s=96&d=mm&r=g\",\"contentUrl\":\"https:\\\/\\\/secure.gravatar.com\\\/avatar\\\/ae91baae35470237c672b962ffa54a1c95ca50502127ca3bc999ed1afa02c958?s=96&d=mm&r=g\",\"caption\":\"presse\"}}]}<\/script>\n<!-- \/ Yoast SEO plugin. -->","yoast_head_json":{"title":"Salon Zen & Bio \u2013 8 au 10 mars 2024 \u2013 Angers","description":"Retrouvez nos auteurs au salon Zen et Bio le samedi 9 mars et le dimanche 10 mars. Profitez de ces journ\u00e9es pour \u00e9changer avec eux.","robots":{"index":"index","follow":"follow","max-snippet":"max-snippet:-1","max-image-preview":"max-image-preview:large","max-video-preview":"max-video-preview:-1"},"canonical":"https:\/\/editionsdudauphin.com\/en\/conferences-et-signatures\/salon-zen-bio-8-au-10-mars-2024-angers","og_locale":"en_US","og_type":"article","og_title":"Salon Zen & Bio \u2013 8 au 10 mars 2024 \u2013 Angers","og_description":"Retrouvez nos auteurs au salon Zen et Bio le samedi 9 mars et le dimanche 10 mars. Profitez de ces journ\u00e9es pour \u00e9changer avec eux.","og_url":"https:\/\/editionsdudauphin.com\/en\/conferences-et-signatures\/salon-zen-bio-8-au-10-mars-2024-angers","og_site_name":"\u00c9ditions du Dauphin","article_published_time":"2024-03-07T18:01:10+00:00","article_modified_time":"2024-03-07T18:01:44+00:00","og_image":[{"width":1920,"height":1200,"url":"https:\/\/editionsdudauphin.com\/wp-content\/uploads\/2024\/03\/Salon-WP.jpg","type":"image\/jpeg"}],"author":"presse","twitter_card":"summary_large_image","twitter_misc":{"Written by":"presse","Est. reading time":"4 minutes"},"schema":{"@context":"https:\/\/schema.org","@graph":[{"@type":"Article","@id":"https:\/\/editionsdudauphin.com\/en\/conferences-et-signatures\/salon-zen-bio-8-au-10-mars-2024-angers#article","isPartOf":{"@id":"https:\/\/editionsdudauphin.com\/en\/conferences-et-signatures\/salon-zen-bio-8-au-10-mars-2024-angers"},"author":{"name":"presse","@id":"https:\/\/editionsdudauphin.com\/en#\/schema\/person\/605e9a19ba195a7dba70be10aabe23e4"},"headline":"Salon Zen &#038; Bio \u2013 8 au 10 mars 2024 \u2013 Angers","datePublished":"2024-03-07T18:01:10+00:00","dateModified":"2024-03-07T18:01:44+00:00","mainEntityOfPage":{"@id":"https:\/\/editionsdudauphin.com\/en\/conferences-et-signatures\/salon-zen-bio-8-au-10-mars-2024-angers"},"wordCount":1603,"image":{"@id":"https:\/\/editionsdudauphin.com\/en\/conferences-et-signatures\/salon-zen-bio-8-au-10-mars-2024-angers#primaryimage"},"thumbnailUrl":"https:\/\/editionsdudauphin.com\/wp-content\/uploads\/2024\/03\/Salon-WP.jpg","articleSection":["Conf\u00e9rences &amp; signatures &amp; salons"],"inLanguage":"en-US"},{"@type":"WebPage","@id":"https:\/\/editionsdudauphin.com\/en\/conferences-et-signatures\/salon-zen-bio-8-au-10-mars-2024-angers","url":"https:\/\/editionsdudauphin.com\/en\/conferences-et-signatures\/salon-zen-bio-8-au-10-mars-2024-angers","name":"Salon Zen & Bio \u2013 8 au 10 mars 2024 \u2013 Angers","isPartOf":{"@id":"https:\/\/editionsdudauphin.com\/en#website"},"primaryImageOfPage":{"@id":"https:\/\/editionsdudauphin.com\/en\/conferences-et-signatures\/salon-zen-bio-8-au-10-mars-2024-angers#primaryimage"},"image":{"@id":"https:\/\/editionsdudauphin.com\/en\/conferences-et-signatures\/salon-zen-bio-8-au-10-mars-2024-angers#primaryimage"},"thumbnailUrl":"https:\/\/editionsdudauphin.com\/wp-content\/uploads\/2024\/03\/Salon-WP.jpg","datePublished":"2024-03-07T18:01:10+00:00","dateModified":"2024-03-07T18:01:44+00:00","author":{"@id":"https:\/\/editionsdudauphin.com\/en#\/schema\/person\/605e9a19ba195a7dba70be10aabe23e4"},"description":"Retrouvez nos auteurs au salon Zen et Bio le samedi 9 mars et le dimanche 10 mars. Profitez de ces journ\u00e9es pour \u00e9changer avec eux.","breadcrumb":{"@id":"https:\/\/editionsdudauphin.com\/en\/conferences-et-signatures\/salon-zen-bio-8-au-10-mars-2024-angers#breadcrumb"},"inLanguage":"en-US","potentialAction":[{"@type":"ReadAction","target":["https:\/\/editionsdudauphin.com\/en\/conferences-et-signatures\/salon-zen-bio-8-au-10-mars-2024-angers"]}]},{"@type":"ImageObject","inLanguage":"en-US","@id":"https:\/\/editionsdudauphin.com\/en\/conferences-et-signatures\/salon-zen-bio-8-au-10-mars-2024-angers#primaryimage","url":"https:\/\/editionsdudauphin.com\/wp-content\/uploads\/2024\/03\/Salon-WP.jpg","contentUrl":"https:\/\/editionsdudauphin.com\/wp-content\/uploads\/2024\/03\/Salon-WP.jpg","width":1920,"height":1200,"caption":"Salon Zen et bio angers mars 2024"},{"@type":"BreadcrumbList","@id":"https:\/\/editionsdudauphin.com\/en\/conferences-et-signatures\/salon-zen-bio-8-au-10-mars-2024-angers#breadcrumb","itemListElement":[{"@type":"ListItem","position":1,"name":"Accueil","item":"https:\/\/editionsdudauphin.com\/en"},{"@type":"ListItem","position":2,"name":"Salon Zen &#038; Bio \u2013 8 au 10 mars 2024 \u2013 Angers"}]},{"@type":"WebSite","@id":"https:\/\/editionsdudauphin.com\/en#website","url":"https:\/\/editionsdudauphin.com\/en","name":"\u00c9ditions du Dauphin","description":"","potentialAction":[{"@type":"SearchAction","target":{"@type":"EntryPoint","urlTemplate":"https:\/\/editionsdudauphin.com\/en?s={search_term_string}"},"query-input":{"@type":"PropertyValueSpecification","valueRequired":true,"valueName":"search_term_string"}}],"inLanguage":"en-US"},{"@type":"Person","@id":"https:\/\/editionsdudauphin.com\/en#\/schema\/person\/605e9a19ba195a7dba70be10aabe23e4","name":"presse","image":{"@type":"ImageObject","inLanguage":"en-US","@id":"https:\/\/secure.gravatar.com\/avatar\/ae91baae35470237c672b962ffa54a1c95ca50502127ca3bc999ed1afa02c958?s=96&d=mm&r=g","url":"https:\/\/secure.gravatar.com\/avatar\/ae91baae35470237c672b962ffa54a1c95ca50502127ca3bc999ed1afa02c958?s=96&d=mm&r=g","contentUrl":"https:\/\/secure.gravatar.com\/avatar\/ae91baae35470237c672b962ffa54a1c95ca50502127ca3bc999ed1afa02c958?s=96&d=mm&r=g","caption":"presse"}}]}},"_links":{"self":[{"href":"https:\/\/editionsdudauphin.com\/en\/wp-json\/wp\/v2\/posts\/17111","targetHints":{"allow":["GET"]}}],"collection":[{"href":"https:\/\/editionsdudauphin.com\/en\/wp-json\/wp\/v2\/posts"}],"about":[{"href":"https:\/\/editionsdudauphin.com\/en\/wp-json\/wp\/v2\/types\/post"}],"author":[{"embeddable":true,"href":"https:\/\/editionsdudauphin.com\/en\/wp-json\/wp\/v2\/users\/12"}],"replies":[{"embeddable":true,"href":"https:\/\/editionsdudauphin.com\/en\/wp-json\/wp\/v2\/comments?post=17111"}],"version-history":[{"count":0,"href":"https:\/\/editionsdudauphin.com\/en\/wp-json\/wp\/v2\/posts\/17111\/revisions"}],"wp:featuredmedia":[{"embeddable":true,"href":"https:\/\/editionsdudauphin.com\/en\/wp-json\/wp\/v2\/media\/17114"}],"wp:attachment":[{"href":"https:\/\/editionsdudauphin.com\/en\/wp-json\/wp\/v2\/media?parent=17111"}],"wp:term":[{"taxonomy":"category","embeddable":true,"href":"https:\/\/editionsdudauphin.com\/en\/wp-json\/wp\/v2\/categories?post=17111"},{"taxonomy":"post_tag","embeddable":true,"href":"https:\/\/editionsdudauphin.com\/en\/wp-json\/wp\/v2\/tags?post=17111"}],"curies":[{"name":"wp","href":"https:\/\/api.w.org\/{rel}","templated":true}]}}