{"id":17184,"date":"2024-04-08T12:59:25","date_gmt":"2024-04-08T10:59:25","guid":{"rendered":"https:\/\/editionsdudauphin.com\/?p=17184"},"modified":"2024-04-08T13:03:20","modified_gmt":"2024-04-08T11:03:20","slug":"festival-du-livre-de-paris-2024-programme","status":"publish","type":"post","link":"https:\/\/editionsdudauphin.com\/en\/conferences-signatures\/festival-du-livre-de-paris-2024-programme","title":{"rendered":"Festival du livre de Paris 2024 \u2013 programme"},"content":{"rendered":"<div class=\"fusion-fullwidth fullwidth-box fusion-builder-row-1 fusion-flex-container has-pattern-background has-mask-background nonhundred-percent-fullwidth non-hundred-percent-height-scrolling\" style=\"--awb-border-radius-top-left:0px;--awb-border-radius-top-right:0px;--awb-border-radius-bottom-right:0px;--awb-border-radius-bottom-left:0px;--awb-flex-wrap:wrap;\" ><div class=\"fusion-builder-row fusion-row fusion-flex-align-items-flex-start fusion-flex-content-wrap\" style=\"max-width:1248px;margin-left: calc(-4% \/ 2 );margin-right: calc(-4% \/ 2 );\"><div class=\"fusion-layout-column fusion_builder_column fusion-builder-column-0 fusion_builder_column_1_1 1_1 fusion-flex-column\" style=\"--awb-bg-size:cover;--awb-width-large:100%;--awb-margin-top-large:0px;--awb-spacing-right-large:1.92%;--awb-margin-bottom-large:20px;--awb-spacing-left-large:1.92%;--awb-width-medium:100%;--awb-order-medium:0;--awb-spacing-right-medium:1.92%;--awb-spacing-left-medium:1.92%;--awb-width-small:100%;--awb-order-small:0;--awb-spacing-right-small:1.92%;--awb-spacing-left-small:1.92%;\"><div class=\"fusion-column-wrapper fusion-column-has-shadow fusion-flex-justify-content-flex-start fusion-content-layout-column\"><div class=\"fusion-text fusion-text-1\"><h2>Festival du livre de Paris 2024 \u2013 Grand Palais \u00e9ph\u00e9m\u00e8re<\/h2>\n<p>Les \u00e9ditions du Dauphin ont l\u2019immense joie de participer \u00e0 l\u2019\u00e9dition 2024 du <a href=\"https:\/\/www.festivaldulivredeparis.fr\/\" target=\"_blank\" rel=\"noopener\">Festival du livre de Paris<\/a>. Cette ann\u00e9e, c&#8217;est encore au Grand Palais \u00e9ph\u00e9m\u00e8re que nous serons situ\u00e9s. A cette occasion, nous seront pr\u00e9sents du vendredi 12 avril au dimanche 14 avril 2024 (inclus). Par cons\u00e9quent, toute l\u2019\u00e9quipe vous accueillera sur notre stand.<\/p>\n<p>De ce fait, nous vous attendrons tous les jours de <strong>9h \u00e0 20h<\/strong> (vendredi et samedi). Ainsi que de <strong>9h \u00e0 19h<\/strong> (dimanche) au stand <strong>B15. <\/strong><\/p>\n<p>D\u00e9couvrez nos nouveaut\u00e9s de cette ann\u00e9e et dans plusieurs th\u00e9matiques.<\/p>\n<p>Chaque jour, retrouvez nos auteurs pr\u00e9sents lors des s\u00e9ances de d\u00e9dicace pr\u00e9vues pour vous rencontrer.<\/p>\n<h3>Ci-dessous, le programme de ces trois jours :<\/h3>\n<p><strong>Vendredi 12 avril 2024<\/strong><\/p>\n<ul>\n<li>\u00a0<a href=\"https:\/\/editionsdudauphin.com\/author-book\/thierry-beaufort\" target=\"_blank\" rel=\"noopener\">Thierry Beaufort<\/a>, auteur de\u00a0<a href=\"https:\/\/editionsdudauphin.com\/livre\/themes\/vie-quotidienne-themes\/nature\/le-pouvoir-cache-des-arbres\" target=\"_blank\" rel=\"noopener\">Le pouvoir cach\u00e9 des arbres\u00a0<\/a>\u2013 <strong>De 11h \u00e0 13h<\/strong><\/li>\n<li><a href=\"https:\/\/editionsdudauphin.com\/author-book\/caroline-mangiaracina\" target=\"_blank\" rel=\"noopener\">Caroline Mangiaracina<\/a>, auteure de <a href=\"https:\/\/editionsdudauphin.com\/livre\/themes\/bien-etre-sante\/bien-etre\/forme\/votre-boite-a-outils-mieux-etre\" target=\"_blank\" rel=\"noopener\">Votre bo\u00eete \u00e0 outils mieux-\u00eatre<\/a> &#8211; <strong>De 14h \u00e0 16h<\/strong><\/li>\n<li><a href=\"https:\/\/editionsdudauphin.com\/author-book\/albietz-sigrid\" target=\"_blank\" rel=\"noopener\">Sigrid Albietz<\/a>, auteure de <a href=\"https:\/\/editionsdudauphin.com\/livre\/themes\/developpement-personnel-psycho\/developpement-personnel\/cher-celibat-je-te-quitte\" target=\"_blank\" rel=\"noopener\">Cher C\u00e9libat, je te quitte<\/a> &#8211; <strong>De 16h30 \u00e0 20h<\/strong><\/li>\n<\/ul>\n<p><strong>Samedi 13 avril 2024<\/strong><\/p>\n<ul>\n<li><a href=\"https:\/\/editionsdudauphin.com\/author-book\/sylvia-cordonnier\" target=\"_blank\" rel=\"noopener\">Sylvia Cordonnier<\/a>, auteure de <a href=\"https:\/\/editionsdudauphin.com\/livre\/themes\/spirualite-esoterisme\/esoterisme\/arts-divinatoires\/qi-men-dun-jia-initiation\" target=\"_blank\" rel=\"noopener\">Prendre les bonnes d\u00e9cisions, Initiation au Qi Men Dun Jia<\/a> &#8211; <strong>De 11h \u00e0 13h<\/strong><\/li>\n<li><a href=\"https:\/\/editionsdudauphin.com\/author-book\/jeanphilippe-zahalka\" target=\"_blank\" rel=\"noopener\">Le Dr Jean-Philippe Zahalka<\/a>, auteur du <a href=\"https:\/\/editionsdudauphin.com\/livre\/themes\/bien-etre-sante\/sante\/medecine-douce\/dictionnaire-complet-des-huiles-essentielles\" target=\"_blank\" rel=\"noopener\">Dictionnaire complet des huiles essentielles<\/a> &#8211; <strong>De 14h \u00e0 16h<\/strong><\/li>\n<li><a href=\"https:\/\/editionsdudauphin.com\/author-book\/robineau-isabelle\" target=\"_blank\" rel=\"noopener\">Isabelle Robineau<\/a> et <a href=\"https:\/\/editionsdudauphin.com\/author-book\/lachaume-julien\" target=\"_blank\" rel=\"noopener\">Julien Lachaume<\/a>, auteurs de <a href=\"https:\/\/editionsdudauphin.com\/livre\/themes\/bien-etre-sante\/sante\/prevention\/autohypnose-adaptee-a-mes-besoins-l\" target=\"_blank\" rel=\"noopener\">L&#8217;autohypnose adapt\u00e9e \u00e0 mes besoins<\/a> &#8211; <strong>De 16h30 \u00e0 18h30<\/strong><\/li>\n<li><a href=\"https:\/\/editionsdudauphin.com\/author-book\/salman-veronique\" target=\"_blank\" rel=\"noopener\">V\u00e9ronique Salman<\/a>, auteure de <a href=\"https:\/\/editionsdudauphin.com\/livre\/themes\/developpement-personnel-psycho\/psychologie\/je-me-libere-du-passe\" target=\"_blank\" rel=\"noopener\">Je me lib\u00e8re du pass\u00e9, comprendre ses erreurs pour ne plus les r\u00e9p\u00e9ter<\/a> &#8211; <strong>De 18h45 \u00e0 20h00<\/strong><\/li>\n<\/ul>\n<p><strong>Dimanche 14 avril 2024<\/strong><\/p>\n<ul>\n<li><a href=\"https:\/\/editionsdudauphin.com\/author-book\/laurence-le-henry\" target=\"_blank\" rel=\"noopener\">Laurence le Henry<\/a>, auteure de<a href=\"https:\/\/editionsdudauphin.com\/livre\/themes\/bien-etre-sante\/sante\/medecine-douce\/linstant-sophrologie\" target=\"_blank\" rel=\"noopener\"> Faire face au stress et \u00e0 l&#8217;anxi\u00e9t\u00e9 de votre enfant et votre ado, l&#8217;instant sophrologie<\/a> &#8211; <strong>De 11h \u00e0 13h<\/strong><\/li>\n<li><a href=\"https:\/\/editionsdudauphin.com\/author-book\/voit-nina\" target=\"_blank\" rel=\"noopener\">Nina Voit<\/a>, auteure de <a href=\"https:\/\/editionsdudauphin.com\/livre\/themes\/bien-etre-sante\/sante\/alimentation-saine\/le-livre-sante-de-la-cuisine-vegetale\" target=\"_blank\" rel=\"noopener\">Le livre sant\u00e9 de la cuisine v\u00e9g\u00e9tale<\/a> &#8211; <strong>De 13h \u00e0 16h<\/strong><\/li>\n<\/ul>\n<h2>Conf\u00e9rence<\/h2>\n<p><img loading=\"lazy\" decoding=\"async\" class=\"size-medium wp-image-16908\" src=\"https:\/\/editionsdudauphin.com\/wp-content\/uploads\/2024\/01\/132-300x300.jpg\" alt=\"d\u00e9dicace Nina Voit\" width=\"300\" height=\"300\" srcset=\"https:\/\/editionsdudauphin.com\/wp-content\/uploads\/2024\/01\/132-55x55.jpg 55w, https:\/\/editionsdudauphin.com\/wp-content\/uploads\/2024\/01\/132-66x66.jpg 66w, https:\/\/editionsdudauphin.com\/wp-content\/uploads\/2024\/01\/132-150x150.jpg 150w, https:\/\/editionsdudauphin.com\/wp-content\/uploads\/2024\/01\/132-200x200.jpg 200w, https:\/\/editionsdudauphin.com\/wp-content\/uploads\/2024\/01\/132-300x300.jpg 300w, https:\/\/editionsdudauphin.com\/wp-content\/uploads\/2024\/01\/132-400x400.jpg 400w, https:\/\/editionsdudauphin.com\/wp-content\/uploads\/2024\/01\/132-500x500.jpg 500w, https:\/\/editionsdudauphin.com\/wp-content\/uploads\/2024\/01\/132-600x600.jpg 600w, https:\/\/editionsdudauphin.com\/wp-content\/uploads\/2024\/01\/132-700x700.jpg 700w, https:\/\/editionsdudauphin.com\/wp-content\/uploads\/2024\/01\/132-768x768.jpg 768w, https:\/\/editionsdudauphin.com\/wp-content\/uploads\/2024\/01\/132-800x800.jpg 800w, https:\/\/editionsdudauphin.com\/wp-content\/uploads\/2024\/01\/132-1024x1024.jpg 1024w, https:\/\/editionsdudauphin.com\/wp-content\/uploads\/2024\/01\/132.jpg 1080w\" sizes=\"auto, (max-width: 300px) 100vw, 300px\" \/><\/p>\n<p>Nina Voit donnera une conf\u00e9rence sur la puissance d&#8217;une cuisine th\u00e9rapeutique et gourmande,<strong> le dimanche 14 avril de 11h \u00e0 11h50<\/strong> \u00e0 l&#8217;espace ateliers et d\u00e9dicaces dans l&#8217;aile Suffren.<\/p>\n<h2>Billets<\/h2>\n<p>Tarif pr\u00e9f\u00e9rentiel de 5 euros jusqu&#8217;au 10 avril<\/p>\n<p>Tarif de 9 euros \u00e0 partir du 11 avril<\/p>\n<p>L\u2019acc\u00e8s est gratuit sur simple pr\u00e9sentation d\u2019un justificatif aux personnes de moins de 25 ans, aux enseignants, aux \u00e9tudiants, aux biblioth\u00e9caires, aux libraires, aux demandeurs d&#8217;emploi, aux personnes en situation d&#8217;handicap.<br \/>\nLa r\u00e9servation du billet est toutefois n\u00e9cessaire pour acc\u00e9der au Grand Palais \u00c9ph\u00e9m\u00e8re.<br \/>\nLa gratuit\u00e9 est garantie dans la limite des places disponibles.<\/p>\n<p>Pour r\u00e9servez votre place, <a href=\"https:\/\/www.festivaldulivredeparis.fr\/fr\/billetterie\" target=\"_blank\" rel=\"noopener\">cliquez ici<\/a><\/p>\n<h2>Comment se rendre au Festival du Livre de Paris ?<\/h2>\n<p>Rendez-vous au Grand Palais \u00e9ph\u00e9m\u00e8re, 2 Pl. Joffre, 75007 Paris<\/p>\n<p>METRO :\u00a0<img loading=\"lazy\" decoding=\"async\" class=\"\" src=\"https:\/\/upload.wikimedia.org\/wikipedia\/commons\/thumb\/6\/6f\/Paris_transit_icons_-_M%C3%A9tro_6.svg\/1024px-Paris_transit_icons_-_M%C3%A9tro_6.svg.png\" alt=\"Fichier:Paris transit icons - M\u00e9tro 6.svg \u2014 Wikip\u00e9dia\" width=\"27\" height=\"27\" \/>\u00a0<img loading=\"lazy\" decoding=\"async\" class=\"\" src=\"https:\/\/upload.wikimedia.org\/wikipedia\/commons\/thumb\/e\/e8\/Paris_transit_icons_-_M%C3%A9tro_8.svg\/2048px-Paris_transit_icons_-_M%C3%A9tro_8.svg.png\" alt=\"File:Paris transit icons - M\u00e9tro 8.svg - Wikipedia\" width=\"26\" height=\"26\" \/>\u00a0<img loading=\"lazy\" decoding=\"async\" class=\"\" src=\"https:\/\/upload.wikimedia.org\/wikipedia\/commons\/thumb\/2\/24\/Paris_transit_icons_-_M%C3%A9tro_10.svg\/1200px-Paris_transit_icons_-_M%C3%A9tro_10.svg.png\" alt=\"Fichier:Paris transit icons - M\u00e9tro 10.svg \u2014 Wikip\u00e9dia\" width=\"27\" height=\"27\" \/>\u2013 stations Ecole Militaire \/ La Motte Piquet Grenelle<br \/>\nBUS : lignes 28, 80, 82, 86, 92<br \/>\nVELIB\u2019 : stations n\u00b0 7111, 7018<br \/>\nPARKINGS : Joffre \u00c9cole Militaire \/ Grenelle \/ Champs de Mars<\/p>\n<\/div><\/div><\/div><\/div><\/div>\n","protected":false},"excerpt":{"rendered":"","protected":false},"author":12,"featured_media":17194,"comment_status":"closed","ping_status":"closed","sticky":false,"template":"","format":"standard","meta":{"_acf_changed":false,"wpupg_custom_link":[],"wpupg_custom_link_behaviour":["default"],"wpupg_custom_link_nofollow":[],"wpupg_custom_image":[],"wpupg_custom_image_id":[],"footnotes":""},"categories":[194],"tags":[],"class_list":["post-17184","post","type-post","status-publish","format-standard","has-post-thumbnail","hentry","category-conferences-signatures"],"acf":[],"yoast_head":"<!-- This site is optimized with the Yoast SEO plugin v27.4 - https:\/\/yoast.com\/product\/yoast-seo-wordpress\/ -->\n<title>Festival du livre de Paris 2024 \u2013 programme<\/title>\n<meta name=\"description\" content=\"Retrouvez nos auteurs et toute notre \u00e9quipe au Festival du livre de Paris du vendredi 12 au dimanche 14 avril.\" \/>\n<meta name=\"robots\" content=\"index, follow, max-snippet:-1, max-image-preview:large, max-video-preview:-1\" \/>\n<link rel=\"canonical\" href=\"https:\/\/editionsdudauphin.com\/en\/conferences-signatures\/festival-du-livre-de-paris-2024-programme\" \/>\n<meta property=\"og:locale\" content=\"en_US\" \/>\n<meta property=\"og:type\" content=\"article\" \/>\n<meta property=\"og:title\" content=\"Festival du livre de Paris 2024 \u2013 programme\" \/>\n<meta property=\"og:description\" content=\"Retrouvez nos auteurs et toute notre \u00e9quipe au Festival du livre de Paris du vendredi 12 au dimanche 14 avril.\" \/>\n<meta property=\"og:url\" content=\"https:\/\/editionsdudauphin.com\/en\/conferences-signatures\/festival-du-livre-de-paris-2024-programme\" \/>\n<meta property=\"og:site_name\" content=\"\u00c9ditions du Dauphin\" \/>\n<meta property=\"article:published_time\" content=\"2024-04-08T10:59:25+00:00\" \/>\n<meta property=\"article:modified_time\" content=\"2024-04-08T11:03:20+00:00\" \/>\n<meta property=\"og:image\" content=\"https:\/\/editionsdudauphin.com\/wp-content\/uploads\/2024\/04\/Sans-titre-2.jpeg\" \/>\n\t<meta property=\"og:image:width\" content=\"894\" \/>\n\t<meta property=\"og:image:height\" content=\"551\" \/>\n\t<meta property=\"og:image:type\" content=\"image\/jpeg\" \/>\n<meta name=\"author\" content=\"presse\" \/>\n<meta name=\"twitter:card\" content=\"summary_large_image\" \/>\n<meta name=\"twitter:label1\" content=\"Written by\" \/>\n\t<meta name=\"twitter:data1\" content=\"presse\" \/>\n\t<meta name=\"twitter:label2\" content=\"Est. reading time\" \/>\n\t<meta name=\"twitter:data2\" content=\"4 minutes\" \/>\n<script type=\"application\/ld+json\" class=\"yoast-schema-graph\">{\"@context\":\"https:\\\/\\\/schema.org\",\"@graph\":[{\"@type\":\"Article\",\"@id\":\"https:\\\/\\\/editionsdudauphin.com\\\/en\\\/conferences-signatures\\\/festival-du-livre-de-paris-2024-programme#article\",\"isPartOf\":{\"@id\":\"https:\\\/\\\/editionsdudauphin.com\\\/en\\\/conferences-signatures\\\/festival-du-livre-de-paris-2024-programme\"},\"author\":{\"name\":\"presse\",\"@id\":\"https:\\\/\\\/editionsdudauphin.com\\\/en#\\\/schema\\\/person\\\/605e9a19ba195a7dba70be10aabe23e4\"},\"headline\":\"Festival du livre de Paris 2024 \u2013 programme\",\"datePublished\":\"2024-04-08T10:59:25+00:00\",\"dateModified\":\"2024-04-08T11:03:20+00:00\",\"mainEntityOfPage\":{\"@id\":\"https:\\\/\\\/editionsdudauphin.com\\\/en\\\/conferences-signatures\\\/festival-du-livre-de-paris-2024-programme\"},\"wordCount\":1424,\"image\":{\"@id\":\"https:\\\/\\\/editionsdudauphin.com\\\/en\\\/conferences-signatures\\\/festival-du-livre-de-paris-2024-programme#primaryimage\"},\"thumbnailUrl\":\"https:\\\/\\\/editionsdudauphin.com\\\/wp-content\\\/uploads\\\/2024\\\/04\\\/Sans-titre-2.jpeg\",\"articleSection\":[\"Conferences &amp; signatures &amp; meetings\"],\"inLanguage\":\"en-US\"},{\"@type\":\"WebPage\",\"@id\":\"https:\\\/\\\/editionsdudauphin.com\\\/en\\\/conferences-signatures\\\/festival-du-livre-de-paris-2024-programme\",\"url\":\"https:\\\/\\\/editionsdudauphin.com\\\/en\\\/conferences-signatures\\\/festival-du-livre-de-paris-2024-programme\",\"name\":\"Festival du livre de Paris 2024 \u2013 programme\",\"isPartOf\":{\"@id\":\"https:\\\/\\\/editionsdudauphin.com\\\/en#website\"},\"primaryImageOfPage\":{\"@id\":\"https:\\\/\\\/editionsdudauphin.com\\\/en\\\/conferences-signatures\\\/festival-du-livre-de-paris-2024-programme#primaryimage\"},\"image\":{\"@id\":\"https:\\\/\\\/editionsdudauphin.com\\\/en\\\/conferences-signatures\\\/festival-du-livre-de-paris-2024-programme#primaryimage\"},\"thumbnailUrl\":\"https:\\\/\\\/editionsdudauphin.com\\\/wp-content\\\/uploads\\\/2024\\\/04\\\/Sans-titre-2.jpeg\",\"datePublished\":\"2024-04-08T10:59:25+00:00\",\"dateModified\":\"2024-04-08T11:03:20+00:00\",\"author\":{\"@id\":\"https:\\\/\\\/editionsdudauphin.com\\\/en#\\\/schema\\\/person\\\/605e9a19ba195a7dba70be10aabe23e4\"},\"description\":\"Retrouvez nos auteurs et toute notre \u00e9quipe au Festival du livre de Paris du vendredi 12 au dimanche 14 avril.\",\"breadcrumb\":{\"@id\":\"https:\\\/\\\/editionsdudauphin.com\\\/en\\\/conferences-signatures\\\/festival-du-livre-de-paris-2024-programme#breadcrumb\"},\"inLanguage\":\"en-US\",\"potentialAction\":[{\"@type\":\"ReadAction\",\"target\":[\"https:\\\/\\\/editionsdudauphin.com\\\/en\\\/conferences-signatures\\\/festival-du-livre-de-paris-2024-programme\"]}]},{\"@type\":\"ImageObject\",\"inLanguage\":\"en-US\",\"@id\":\"https:\\\/\\\/editionsdudauphin.com\\\/en\\\/conferences-signatures\\\/festival-du-livre-de-paris-2024-programme#primaryimage\",\"url\":\"https:\\\/\\\/editionsdudauphin.com\\\/wp-content\\\/uploads\\\/2024\\\/04\\\/Sans-titre-2.jpeg\",\"contentUrl\":\"https:\\\/\\\/editionsdudauphin.com\\\/wp-content\\\/uploads\\\/2024\\\/04\\\/Sans-titre-2.jpeg\",\"width\":894,\"height\":551,\"caption\":\"Screenshot\"},{\"@type\":\"BreadcrumbList\",\"@id\":\"https:\\\/\\\/editionsdudauphin.com\\\/en\\\/conferences-signatures\\\/festival-du-livre-de-paris-2024-programme#breadcrumb\",\"itemListElement\":[{\"@type\":\"ListItem\",\"position\":1,\"name\":\"Accueil\",\"item\":\"https:\\\/\\\/editionsdudauphin.com\\\/en\"},{\"@type\":\"ListItem\",\"position\":2,\"name\":\"Festival du livre de Paris 2024 \u2013 programme\"}]},{\"@type\":\"WebSite\",\"@id\":\"https:\\\/\\\/editionsdudauphin.com\\\/en#website\",\"url\":\"https:\\\/\\\/editionsdudauphin.com\\\/en\",\"name\":\"\u00c9ditions du Dauphin\",\"description\":\"\",\"potentialAction\":[{\"@type\":\"SearchAction\",\"target\":{\"@type\":\"EntryPoint\",\"urlTemplate\":\"https:\\\/\\\/editionsdudauphin.com\\\/en?s={search_term_string}\"},\"query-input\":{\"@type\":\"PropertyValueSpecification\",\"valueRequired\":true,\"valueName\":\"search_term_string\"}}],\"inLanguage\":\"en-US\"},{\"@type\":\"Person\",\"@id\":\"https:\\\/\\\/editionsdudauphin.com\\\/en#\\\/schema\\\/person\\\/605e9a19ba195a7dba70be10aabe23e4\",\"name\":\"presse\",\"image\":{\"@type\":\"ImageObject\",\"inLanguage\":\"en-US\",\"@id\":\"https:\\\/\\\/secure.gravatar.com\\\/avatar\\\/ae91baae35470237c672b962ffa54a1c95ca50502127ca3bc999ed1afa02c958?s=96&d=mm&r=g\",\"url\":\"https:\\\/\\\/secure.gravatar.com\\\/avatar\\\/ae91baae35470237c672b962ffa54a1c95ca50502127ca3bc999ed1afa02c958?s=96&d=mm&r=g\",\"contentUrl\":\"https:\\\/\\\/secure.gravatar.com\\\/avatar\\\/ae91baae35470237c672b962ffa54a1c95ca50502127ca3bc999ed1afa02c958?s=96&d=mm&r=g\",\"caption\":\"presse\"}}]}<\/script>\n<!-- \/ Yoast SEO plugin. -->","yoast_head_json":{"title":"Festival du livre de Paris 2024 \u2013 programme","description":"Retrouvez nos auteurs et toute notre \u00e9quipe au Festival du livre de Paris du vendredi 12 au dimanche 14 avril.","robots":{"index":"index","follow":"follow","max-snippet":"max-snippet:-1","max-image-preview":"max-image-preview:large","max-video-preview":"max-video-preview:-1"},"canonical":"https:\/\/editionsdudauphin.com\/en\/conferences-signatures\/festival-du-livre-de-paris-2024-programme","og_locale":"en_US","og_type":"article","og_title":"Festival du livre de Paris 2024 \u2013 programme","og_description":"Retrouvez nos auteurs et toute notre \u00e9quipe au Festival du livre de Paris du vendredi 12 au dimanche 14 avril.","og_url":"https:\/\/editionsdudauphin.com\/en\/conferences-signatures\/festival-du-livre-de-paris-2024-programme","og_site_name":"\u00c9ditions du Dauphin","article_published_time":"2024-04-08T10:59:25+00:00","article_modified_time":"2024-04-08T11:03:20+00:00","og_image":[{"width":894,"height":551,"url":"https:\/\/editionsdudauphin.com\/wp-content\/uploads\/2024\/04\/Sans-titre-2.jpeg","type":"image\/jpeg"}],"author":"presse","twitter_card":"summary_large_image","twitter_misc":{"Written by":"presse","Est. reading time":"4 minutes"},"schema":{"@context":"https:\/\/schema.org","@graph":[{"@type":"Article","@id":"https:\/\/editionsdudauphin.com\/en\/conferences-signatures\/festival-du-livre-de-paris-2024-programme#article","isPartOf":{"@id":"https:\/\/editionsdudauphin.com\/en\/conferences-signatures\/festival-du-livre-de-paris-2024-programme"},"author":{"name":"presse","@id":"https:\/\/editionsdudauphin.com\/en#\/schema\/person\/605e9a19ba195a7dba70be10aabe23e4"},"headline":"Festival du livre de Paris 2024 \u2013 programme","datePublished":"2024-04-08T10:59:25+00:00","dateModified":"2024-04-08T11:03:20+00:00","mainEntityOfPage":{"@id":"https:\/\/editionsdudauphin.com\/en\/conferences-signatures\/festival-du-livre-de-paris-2024-programme"},"wordCount":1424,"image":{"@id":"https:\/\/editionsdudauphin.com\/en\/conferences-signatures\/festival-du-livre-de-paris-2024-programme#primaryimage"},"thumbnailUrl":"https:\/\/editionsdudauphin.com\/wp-content\/uploads\/2024\/04\/Sans-titre-2.jpeg","articleSection":["Conferences &amp; signatures &amp; meetings"],"inLanguage":"en-US"},{"@type":"WebPage","@id":"https:\/\/editionsdudauphin.com\/en\/conferences-signatures\/festival-du-livre-de-paris-2024-programme","url":"https:\/\/editionsdudauphin.com\/en\/conferences-signatures\/festival-du-livre-de-paris-2024-programme","name":"Festival du livre de Paris 2024 \u2013 programme","isPartOf":{"@id":"https:\/\/editionsdudauphin.com\/en#website"},"primaryImageOfPage":{"@id":"https:\/\/editionsdudauphin.com\/en\/conferences-signatures\/festival-du-livre-de-paris-2024-programme#primaryimage"},"image":{"@id":"https:\/\/editionsdudauphin.com\/en\/conferences-signatures\/festival-du-livre-de-paris-2024-programme#primaryimage"},"thumbnailUrl":"https:\/\/editionsdudauphin.com\/wp-content\/uploads\/2024\/04\/Sans-titre-2.jpeg","datePublished":"2024-04-08T10:59:25+00:00","dateModified":"2024-04-08T11:03:20+00:00","author":{"@id":"https:\/\/editionsdudauphin.com\/en#\/schema\/person\/605e9a19ba195a7dba70be10aabe23e4"},"description":"Retrouvez nos auteurs et toute notre \u00e9quipe au Festival du livre de Paris du vendredi 12 au dimanche 14 avril.","breadcrumb":{"@id":"https:\/\/editionsdudauphin.com\/en\/conferences-signatures\/festival-du-livre-de-paris-2024-programme#breadcrumb"},"inLanguage":"en-US","potentialAction":[{"@type":"ReadAction","target":["https:\/\/editionsdudauphin.com\/en\/conferences-signatures\/festival-du-livre-de-paris-2024-programme"]}]},{"@type":"ImageObject","inLanguage":"en-US","@id":"https:\/\/editionsdudauphin.com\/en\/conferences-signatures\/festival-du-livre-de-paris-2024-programme#primaryimage","url":"https:\/\/editionsdudauphin.com\/wp-content\/uploads\/2024\/04\/Sans-titre-2.jpeg","contentUrl":"https:\/\/editionsdudauphin.com\/wp-content\/uploads\/2024\/04\/Sans-titre-2.jpeg","width":894,"height":551,"caption":"Screenshot"},{"@type":"BreadcrumbList","@id":"https:\/\/editionsdudauphin.com\/en\/conferences-signatures\/festival-du-livre-de-paris-2024-programme#breadcrumb","itemListElement":[{"@type":"ListItem","position":1,"name":"Accueil","item":"https:\/\/editionsdudauphin.com\/en"},{"@type":"ListItem","position":2,"name":"Festival du livre de Paris 2024 \u2013 programme"}]},{"@type":"WebSite","@id":"https:\/\/editionsdudauphin.com\/en#website","url":"https:\/\/editionsdudauphin.com\/en","name":"\u00c9ditions du Dauphin","description":"","potentialAction":[{"@type":"SearchAction","target":{"@type":"EntryPoint","urlTemplate":"https:\/\/editionsdudauphin.com\/en?s={search_term_string}"},"query-input":{"@type":"PropertyValueSpecification","valueRequired":true,"valueName":"search_term_string"}}],"inLanguage":"en-US"},{"@type":"Person","@id":"https:\/\/editionsdudauphin.com\/en#\/schema\/person\/605e9a19ba195a7dba70be10aabe23e4","name":"presse","image":{"@type":"ImageObject","inLanguage":"en-US","@id":"https:\/\/secure.gravatar.com\/avatar\/ae91baae35470237c672b962ffa54a1c95ca50502127ca3bc999ed1afa02c958?s=96&d=mm&r=g","url":"https:\/\/secure.gravatar.com\/avatar\/ae91baae35470237c672b962ffa54a1c95ca50502127ca3bc999ed1afa02c958?s=96&d=mm&r=g","contentUrl":"https:\/\/secure.gravatar.com\/avatar\/ae91baae35470237c672b962ffa54a1c95ca50502127ca3bc999ed1afa02c958?s=96&d=mm&r=g","caption":"presse"}}]}},"_links":{"self":[{"href":"https:\/\/editionsdudauphin.com\/en\/wp-json\/wp\/v2\/posts\/17184","targetHints":{"allow":["GET"]}}],"collection":[{"href":"https:\/\/editionsdudauphin.com\/en\/wp-json\/wp\/v2\/posts"}],"about":[{"href":"https:\/\/editionsdudauphin.com\/en\/wp-json\/wp\/v2\/types\/post"}],"author":[{"embeddable":true,"href":"https:\/\/editionsdudauphin.com\/en\/wp-json\/wp\/v2\/users\/12"}],"replies":[{"embeddable":true,"href":"https:\/\/editionsdudauphin.com\/en\/wp-json\/wp\/v2\/comments?post=17184"}],"version-history":[{"count":0,"href":"https:\/\/editionsdudauphin.com\/en\/wp-json\/wp\/v2\/posts\/17184\/revisions"}],"wp:featuredmedia":[{"embeddable":true,"href":"https:\/\/editionsdudauphin.com\/en\/wp-json\/wp\/v2\/media\/17194"}],"wp:attachment":[{"href":"https:\/\/editionsdudauphin.com\/en\/wp-json\/wp\/v2\/media?parent=17184"}],"wp:term":[{"taxonomy":"category","embeddable":true,"href":"https:\/\/editionsdudauphin.com\/en\/wp-json\/wp\/v2\/categories?post=17184"},{"taxonomy":"post_tag","embeddable":true,"href":"https:\/\/editionsdudauphin.com\/en\/wp-json\/wp\/v2\/tags?post=17184"}],"curies":[{"name":"wp","href":"https:\/\/api.w.org\/{rel}","templated":true}]}}