{"id":17401,"date":"2024-09-03T17:49:26","date_gmt":"2024-09-03T15:49:26","guid":{"rendered":"https:\/\/editionsdudauphin.com\/?p=17401"},"modified":"2024-09-03T17:53:04","modified_gmt":"2024-09-03T15:53:04","slug":"salon-zen-bio-15-au-17-novembre-2024-lyon","status":"publish","type":"post","link":"https:\/\/editionsdudauphin.com\/en\/conferences-et-signatures\/salon-zen-bio-15-au-17-novembre-2024-lyon","title":{"rendered":"Salon Zen &#038; Bio \u2013 15 au 17 novembre 2024 \u2013 Lyon"},"content":{"rendered":"<div class=\"fusion-fullwidth fullwidth-box fusion-builder-row-1 fusion-flex-container has-pattern-background has-mask-background nonhundred-percent-fullwidth non-hundred-percent-height-scrolling\" style=\"--awb-border-radius-top-left:0px;--awb-border-radius-top-right:0px;--awb-border-radius-bottom-right:0px;--awb-border-radius-bottom-left:0px;--awb-flex-wrap:wrap;\" ><div class=\"fusion-builder-row fusion-row fusion-flex-align-items-flex-start fusion-flex-content-wrap\" style=\"max-width:1248px;margin-left: calc(-4% \/ 2 );margin-right: calc(-4% \/ 2 );\"><div class=\"fusion-layout-column fusion_builder_column fusion-builder-column-0 fusion_builder_column_1_1 1_1 fusion-flex-column\" style=\"--awb-bg-size:cover;--awb-width-large:100%;--awb-margin-top-large:0px;--awb-spacing-right-large:1.92%;--awb-margin-bottom-large:20px;--awb-spacing-left-large:1.92%;--awb-width-medium:100%;--awb-order-medium:0;--awb-spacing-right-medium:1.92%;--awb-spacing-left-medium:1.92%;--awb-width-small:100%;--awb-order-small:0;--awb-spacing-right-small:1.92%;--awb-spacing-left-small:1.92%;\"><div class=\"fusion-column-wrapper fusion-column-has-shadow fusion-flex-justify-content-flex-start fusion-content-layout-column\"><div class=\"fusion-text fusion-text-1\"><h2>Le salon Zen &amp; Bio, salon bien-\u00eatre, sant\u00e9 naturelle et \u00e9cologie<\/h2>\n<p>Le salon bien-\u00eatre, sant\u00e9 naturelle et \u00e9cologie ! Un \u00e9v\u00e9nement incontournable pour tous les passionn\u00e9s de bien-\u00eatre, d\u2019alimentation saine et de mode de vie \u00e9cologique. Les visiteurs auront l\u2019opportunit\u00e9 de d\u00e9couvrir une vaste s\u00e9lection de produits biologiques de qualit\u00e9 et d\u2019en apprendre davantage sur les derni\u00e8res innovations dans le domaine du bien-\u00eatre et de la durabilit\u00e9. Les stands des exposants offrent une vari\u00e9t\u00e9 de produits allant des cosm\u00e9tiques biologiques aux compl\u00e9ments alimentaires naturels, en passant par les produits d\u2019hygi\u00e8ne \u00e9cologiques et les solutions durables pour la maison. Les conf\u00e9rences anim\u00e9es par des experts renomm\u00e9s permettront aux visiteurs de se familiariser avec les derni\u00e8res tendances en mati\u00e8re de sant\u00e9 naturelle, de bien-\u00eatre et d\u2019\u00e9cologie.<\/p>\n<h3>Le programme du vendredi 15 novembre<\/h3>\n<p>Retrouvez\u00a0<a href=\"https:\/\/editionsdudauphin.com\/author-book\/robineau-isabelle\" target=\"_blank\" rel=\"noopener\">Isabelle Robineau<\/a>\u00a0et\u00a0<a href=\"https:\/\/editionsdudauphin.com\/author-book\/lachaume-julien\" target=\"_blank\" rel=\"noopener\">Julien Lachaume<\/a>, auteurs du livre\u00a0<a href=\"https:\/\/editionsdudauphin.com\/livre\/themes\/bien-etre-sante\/sante\/prevention\/autohypnose-adaptee-a-mes-besoins-l\" target=\"_blank\" rel=\"noopener\">\u00ab\u00a0L\u2019autohypnose adapt\u00e9e \u00e0 mes besoins\u00a0\u00bb<\/a>\u00a0\u00e0\u00a0<strong>15h<\/strong>\u00a0pour une conf\u00e9rence suivie d\u2019une d\u00e9dicace. Vous pourrez \u00e9changer avec eux et repartir avec votre livre d\u00e9dicac\u00e9.<\/p>\n<picture><source srcset=\"https:\/\/editionsdudauphin.com\/wp-content\/uploads\/2023\/11\/IsabelleRobineeau-55x55.jpeg.webp 55w, https:\/\/editionsdudauphin.com\/wp-content\/uploads\/2023\/11\/IsabelleRobineeau-66x66.jpeg.webp 66w, https:\/\/editionsdudauphin.com\/wp-content\/uploads\/2023\/11\/IsabelleRobineeau-200x203.jpeg.webp 200w, https:\/\/editionsdudauphin.com\/wp-content\/uploads\/2023\/11\/IsabelleRobineeau-296x300.jpeg.webp 296w, https:\/\/editionsdudauphin.com\/wp-content\/uploads\/2023\/11\/IsabelleRobineeau.jpeg.webp 330w\" type=\"image\/webp\" sizes=\"(max-width: 330px) 100vw, 330px\" \/><img loading=\"lazy\" decoding=\"async\" class=\"alignleft wp-image-16508 size-full\" src=\"https:\/\/editionsdudauphin.com\/wp-content\/uploads\/2023\/11\/IsabelleRobineeau.jpeg\" sizes=\"auto, (max-width: 330px) 100vw, 330px\" srcset=\"https:\/\/editionsdudauphin.com\/wp-content\/uploads\/2023\/11\/IsabelleRobineeau-55x55.jpeg 55w, https:\/\/editionsdudauphin.com\/wp-content\/uploads\/2023\/11\/IsabelleRobineeau-66x66.jpeg 66w, https:\/\/editionsdudauphin.com\/wp-content\/uploads\/2023\/11\/IsabelleRobineeau-200x203.jpeg 200w, https:\/\/editionsdudauphin.com\/wp-content\/uploads\/2023\/11\/IsabelleRobineeau-296x300.jpeg 296w, https:\/\/editionsdudauphin.com\/wp-content\/uploads\/2023\/11\/IsabelleRobineeau.jpeg 330w\" alt=\"Isabelle Robineau\" width=\"330\" height=\"335\" data-eio=\"p\" \/><\/picture>Isabelle Robineau, p\u00e9dicure-podologue de profession, et Julien Lachaume kin\u00e9sith\u00e9rapeute et ost\u00e9opathe se sont d\u00e9marqu\u00e9s en tant qu\u2019auteurs. L\u2019une dot\u00e9e d\u2019une exp\u00e9rience de plus de vingt ans dans le domaine de la podologie, et l\u2019un d\u2019une exp\u00e9rience de plus de dix ans dans son domaine, ils ont \u00e9galement acquis un dipl\u00f4me de praticien et ma\u00eetre praticien en hypnose.<\/p>\n<p>Leur livre explore l\u2019univers fascinant de l\u2019autohypnose, une technique permettant \u00e0 chacun de plonger consciemment dans un \u00e9tat modifi\u00e9 de conscience. Dans ce guide, les auteurs vous conduisent pas \u00e0 pas \u00e0 travers cette d\u00e9couverte, offrant des r\u00e9sultats dans des domaines tels que l\u2019arr\u00eat du tabac, la gestion de la douleur, le contr\u00f4le du poids et de l\u2019alimentation, le d\u00e9passement des peurs profondes\u2026etc.<\/p>\n<p><img loading=\"lazy\" decoding=\"async\" class=\"wp-image-16852 size-medium\" src=\"https:\/\/editionsdudauphin.com\/wp-content\/uploads\/2024\/01\/20231130_144036-242x300.jpg\" sizes=\"auto, (max-width: 242px) 100vw, 242px\" srcset=\"https:\/\/editionsdudauphin.com\/wp-content\/uploads\/2024\/01\/20231130_144036-200x247.jpg 200w, https:\/\/editionsdudauphin.com\/wp-content\/uploads\/2024\/01\/20231130_144036-242x300.jpg 242w, https:\/\/editionsdudauphin.com\/wp-content\/uploads\/2024\/01\/20231130_144036-400x495.jpg 400w, https:\/\/editionsdudauphin.com\/wp-content\/uploads\/2024\/01\/20231130_144036-404x500.jpg 404w, https:\/\/editionsdudauphin.com\/wp-content\/uploads\/2024\/01\/20231130_144036-500x619.jpg 500w, https:\/\/editionsdudauphin.com\/wp-content\/uploads\/2024\/01\/20231130_144036-600x742.jpg 600w, https:\/\/editionsdudauphin.com\/wp-content\/uploads\/2024\/01\/20231130_144036-700x866.jpg 700w, https:\/\/editionsdudauphin.com\/wp-content\/uploads\/2024\/01\/20231130_144036-768x950.jpg 768w, https:\/\/editionsdudauphin.com\/wp-content\/uploads\/2024\/01\/20231130_144036-800x990.jpg 800w, https:\/\/editionsdudauphin.com\/wp-content\/uploads\/2024\/01\/20231130_144036-828x1024.jpg 828w, https:\/\/editionsdudauphin.com\/wp-content\/uploads\/2024\/01\/20231130_144036-1200x1485.jpg 1200w, https:\/\/editionsdudauphin.com\/wp-content\/uploads\/2024\/01\/20231130_144036-1242x1536.jpg 1242w, https:\/\/editionsdudauphin.com\/wp-content\/uploads\/2024\/01\/20231130_144036-1655x2048.jpg 1655w\" alt=\"Julien Lachaume\" width=\"242\" height=\"300\" data-eio=\"p\" \/><\/p>\n<h3>Le programme du dimanche 17 novembre<\/h3>\n<p>Retrouvez notre auteure\u00a0<a href=\"https:\/\/editionsdudauphin.com\/author-book\/laurence-le-henry\" target=\"_blank\" rel=\"noopener\">Laurence Le Henry<\/a>\u00a0<strong>\u00e0 11h30<\/strong>\u00a0pour une conf\u00e9rence suivie d\u2019une s\u00e9ance de d\u00e9dicaces. Elle vous parlera de son livre \u00ab\u00a0<a href=\"https:\/\/editionsdudauphin.com\/livre\/themes\/bien-etre-sante\/sante\/medecine-douce\/linstant-sophrologie\" target=\"_blank\" rel=\"noopener\">L\u2019instant sophrologie<\/a>\u00a0\u00bb\u00a0. Vous pourrez \u00e9changer avec elle et repartir avec votre livre d\u00e9dicac\u00e9.<\/p>\n<div id=\"attachment_16204\" class=\"wp-caption alignnone\">\n<picture><source srcset=\"https:\/\/editionsdudauphin.com\/wp-content\/uploads\/2023\/09\/Laurence-le-Henry-200x267.jpg.webp 200w, https:\/\/editionsdudauphin.com\/wp-content\/uploads\/2023\/09\/Laurence-le-Henry-225x300.jpg.webp 225w, https:\/\/editionsdudauphin.com\/wp-content\/uploads\/2023\/09\/Laurence-le-Henry-375x500.jpg.webp 375w, https:\/\/editionsdudauphin.com\/wp-content\/uploads\/2023\/09\/Laurence-le-Henry-400x533.jpg.webp 400w, https:\/\/editionsdudauphin.com\/wp-content\/uploads\/2023\/09\/Laurence-le-Henry-500x666.jpg.webp 500w, https:\/\/editionsdudauphin.com\/wp-content\/uploads\/2023\/09\/Laurence-le-Henry-600x800.jpg.webp 600w, https:\/\/editionsdudauphin.com\/wp-content\/uploads\/2023\/09\/Laurence-le-Henry-700x933.jpg.webp 700w, https:\/\/editionsdudauphin.com\/wp-content\/uploads\/2023\/09\/Laurence-le-Henry-768x1023.jpg.webp 768w, https:\/\/editionsdudauphin.com\/wp-content\/uploads\/2023\/09\/Laurence-le-Henry.jpg.webp 800w\" type=\"image\/webp\" sizes=\"(max-width: 225px) 100vw, 225px\" \/><img loading=\"lazy\" decoding=\"async\" class=\"size-medium wp-image-16204\" src=\"https:\/\/editionsdudauphin.com\/wp-content\/uploads\/2023\/09\/Laurence-le-Henry-225x300.jpg\" sizes=\"auto, (max-width: 225px) 100vw, 225px\" srcset=\"https:\/\/editionsdudauphin.com\/wp-content\/uploads\/2023\/09\/Laurence-le-Henry-200x267.jpg 200w, https:\/\/editionsdudauphin.com\/wp-content\/uploads\/2023\/09\/Laurence-le-Henry-225x300.jpg 225w, https:\/\/editionsdudauphin.com\/wp-content\/uploads\/2023\/09\/Laurence-le-Henry-375x500.jpg 375w, https:\/\/editionsdudauphin.com\/wp-content\/uploads\/2023\/09\/Laurence-le-Henry-400x533.jpg 400w, https:\/\/editionsdudauphin.com\/wp-content\/uploads\/2023\/09\/Laurence-le-Henry-500x666.jpg 500w, https:\/\/editionsdudauphin.com\/wp-content\/uploads\/2023\/09\/Laurence-le-Henry-600x800.jpg 600w, https:\/\/editionsdudauphin.com\/wp-content\/uploads\/2023\/09\/Laurence-le-Henry-700x933.jpg 700w, https:\/\/editionsdudauphin.com\/wp-content\/uploads\/2023\/09\/Laurence-le-Henry-768x1023.jpg 768w, https:\/\/editionsdudauphin.com\/wp-content\/uploads\/2023\/09\/Laurence-le-Henry.jpg 800w\" alt=\"Laurence Le Henry\" width=\"225\" height=\"300\" aria-describedby=\"caption-attachment-16204\" data-eio=\"p\" \/><\/picture>\n<p id=\"caption-attachment-16204\" class=\"wp-caption-text\">Laurence Le Henry<\/p>\n<\/div>\n<p>Laurence Le Henry incarne une sophrologue chevronn\u00e9e, apportant son expertise bienveillante et son savoir-faire \u00e0 la sph\u00e8re du bien-\u00eatre depuis plus de 10 ans. Install\u00e9e \u00e0 Paris, elle exerce en cabinet tout en \u00e9tendant son influence salvatrice dans des environnements vari\u00e9s tels que le milieu scolaire et professionnel. Sa sp\u00e9cialisation dans l\u2019accompagnement d\u2019enfants et d\u2019adolescents fait de Laurence Le Henry une praticienne d\u00e9vou\u00e9e, travaillant en \u00e9troite collaboration avec des p\u00e9diatres et p\u00e9dopsychologues. Son champ d\u2019action s\u2019\u00e9tend \u00e0 des probl\u00e9matiques cruciales li\u00e9es au sommeil, aux troubles de l\u2019attention et de concentration, ainsi qu\u2019\u00e0 la gestion de l\u2019anxi\u00e9t\u00e9 et du stress. Par sa pr\u00e9sence attentive et ses techniques, elle contribue significativement \u00e0 l\u2019am\u00e9lioration du bien-\u00eatre \u00e9motionnel et mental des jeunes qu\u2019elle accompagne. Engag\u00e9e dans le partage de son savoir, Laurence Le Henry exerce \u00e9galement en tant que formatrice au sein du r\u00e9seau de sophrologues Bienrelax, initi\u00e9 par Cl\u00e9mence Peix Lavall\u00e9e. De plus, elle transmet son savoir-faire au CEAS de Paris, une \u00e9cole de sophrologie renomm\u00e9e. Son r\u00f4le de formatrice t\u00e9moigne de son engagement envers le d\u00e9veloppement et la diffusion des comp\u00e9tences sophrologiques au sein de la communaut\u00e9 des praticiens. Laurence Le Henry incarne ainsi une sophrologue polyvalente et d\u00e9vou\u00e9e, offrant ses comp\u00e9tences avec passion pour am\u00e9liorer la qualit\u00e9 de vie des personnes de tous \u00e2ges, de la petite enfance \u00e0 l\u2019\u00e2ge adulte.<\/p>\n<p>Retrouvez notre auteur <a href=\"https:\/\/editionsdudauphin.com\/author-book\/bruno-soustre\" target=\"_blank\" rel=\"noopener\">Bruno Soustre<\/a>\u00a0<strong>\u00e0 15h<\/strong> pour une conf\u00e9rence suivie d\u2019une s\u00e9ance de d\u00e9dicaces. Il vous parlera de son livre <a href=\"https:\/\/editionsdudauphin.com\/livre\/themes\/bien-etre-sante\/sante\/alimentation-saine\/le-livre-sante-des-bols-chinois-zhou-dao-188-recettes-sante\" target=\"_blank\" rel=\"noopener\">\u00ab Le livre Sant\u00e9 des Bols Chinois\u00a0 \u00bb<\/a> . Vous pourrez \u00e9changer avec lui et repartir avec votre livre d\u00e9dicac\u00e9.<\/p>\n<p><img loading=\"lazy\" decoding=\"async\" class=\"alignnone size-medium wp-image-17412\" src=\"https:\/\/editionsdudauphin.com\/wp-content\/uploads\/2024\/08\/Bruno-Soustre-288x300.jpg\" alt=\"bruno soustre\" width=\"288\" height=\"300\" srcset=\"https:\/\/editionsdudauphin.com\/wp-content\/uploads\/2024\/08\/Bruno-Soustre-288x300.jpg 288w, https:\/\/editionsdudauphin.com\/wp-content\/uploads\/2024\/08\/Bruno-Soustre-500x521.jpg 500w, https:\/\/editionsdudauphin.com\/wp-content\/uploads\/2024\/08\/Bruno-Soustre.jpg 600w\" sizes=\"auto, (max-width: 288px) 100vw, 288px\" \/><\/p>\n<p>Bruno Soustre est acupuncteur de formation. Titulaire du Dipl\u00f4me d\u2019Acupuncture Traditionnelle Chinoise d\u00e9livr\u00e9 en 2005 par la F\u00e9d\u00e9ration Nationale de M\u00e9decine du m\u00eame nom, il s\u2019est rendu r\u00e9guli\u00e8rement en Chine afin d\u2019enrichir et de compl\u00e9ter son cursus sous l\u2019\u00e9gide de l\u2019Acad\u00e9mie des Sciences M\u00e9dicales de P\u00e9kin. D\u00e9couvrant \u00e0 cette occasion que l\u2019usage populaire des \u00ab Zhou \u00bb ne s\u2019\u00e9tait pas totalement \u00e9teint, il a d\u00e9cid\u00e9 de pr\u00e9senter aux lecteurs francophones les bienfaits de ces pr\u00e9parations originales.<\/p>\n<div class=\"page-header\">\n<h1 class=\"page-title\">Infos pratiques<\/h1>\n<\/div>\n<div id=\"primary\">\n<section id=\"post-2094\" class=\"post-2094 page type-page status-publish hentry\">\n<article>\n<div class=\"entry-content clearfix\">\n<h2><a href=\"https:\/\/www.salon-zenetbio.com\/lyon\/infos-pratiques\/comment-venir-2\/\" target=\"_blank\" rel=\"noopener noreferrer\">Comment venir ?<\/a><\/h2>\n<p>En voiture, en train, \u00e0 v\u00e9lo, \u00e0 pied ou encore en trottinette, tous les chemins vous m\u00e8nent au salon Zen &amp; Bio Lyon.<br \/>\nConsultez le\u00a0<em><a href=\"https:\/\/www.eurexpo.com\/\" target=\"_blank\" rel=\"noopener noreferrer\">site internet<\/a>\u00a0<\/em>du\u00a0Parc des expositions de Lyon<\/p>\n<h2><a href=\"https:\/\/www.salon-zenetbio.com\/lyon\/infos-pratiques\/comment-venir\/\">Informations pratiques<\/a><\/h2>\n<ul>\n<li>Du 15 au 17 novembre 2024<\/li>\n<li>De 10h \u00e0 19h, le dimanche \u00e0 18h \u2013 derni\u00e8re entr\u00e9e 1\/2 heure avant la fermeture<\/li>\n<li>Eurexpo Lyon \u2013 Hall 2.1 C<\/li>\n<\/ul>\n<h2><a href=\"https:\/\/www.salon-zenetbio.com\/lyon\/infos-pratiques\/service-livraison\/\" target=\"_blank\" rel=\"noopener noreferrer\">Service Livraison<\/a><\/h2>\n<p>Un service de livraison vous est propos\u00e9 sur le salon Zen &amp; Bio \u00e0 Lyon<\/p>\n<h2><a href=\"https:\/\/www.salon-zenetbio.com\/lyon\/infos-pratiques\/contact\/\">Contacts<\/a><\/h2>\n<p>Le salon Zen &amp; Bio Lyon est organis\u00e9 par SPAS Organisation<\/p>\n<\/div>\n<\/article>\n<\/section>\n<\/div>\n<\/div><\/div><\/div><\/div><\/div>\n","protected":false},"excerpt":{"rendered":"","protected":false},"author":12,"featured_media":17416,"comment_status":"closed","ping_status":"closed","sticky":false,"template":"","format":"standard","meta":{"_acf_changed":false,"wpupg_custom_link":[],"wpupg_custom_link_behaviour":["default"],"wpupg_custom_link_nofollow":[],"wpupg_custom_image":[],"wpupg_custom_image_id":[],"footnotes":""},"categories":[136],"tags":[],"class_list":["post-17401","post","type-post","status-publish","format-standard","has-post-thumbnail","hentry","category-conferences-et-signatures"],"acf":[],"yoast_head":"<!-- This site is optimized with the Yoast SEO plugin v27.4 - https:\/\/yoast.com\/product\/yoast-seo-wordpress\/ -->\n<title>Salon Zen &amp; Bio \u2013 15 au 17 novembre 2024 \u2013 Lyon<\/title>\n<meta name=\"description\" content=\"Retrouvez nos auteurs au salon Zen &amp; Bio 2024 \u00e0 Lyon pour une conf\u00e9rence, des s\u00e9ances de d\u00e9dicaces et questions r\u00e9ponses du 15 au 17 novembre.\" \/>\n<meta name=\"robots\" content=\"index, follow, max-snippet:-1, max-image-preview:large, max-video-preview:-1\" \/>\n<link rel=\"canonical\" href=\"https:\/\/editionsdudauphin.com\/en\/conferences-et-signatures\/salon-zen-bio-15-au-17-novembre-2024-lyon\" \/>\n<meta property=\"og:locale\" content=\"en_US\" \/>\n<meta property=\"og:type\" content=\"article\" \/>\n<meta property=\"og:title\" content=\"Salon Zen &amp; Bio \u2013 15 au 17 novembre 2024 \u2013 Lyon\" \/>\n<meta property=\"og:description\" content=\"Retrouvez nos auteurs au salon Zen &amp; Bio 2024 \u00e0 Lyon pour une conf\u00e9rence, des s\u00e9ances de d\u00e9dicaces et questions r\u00e9ponses du 15 au 17 novembre.\" \/>\n<meta property=\"og:url\" content=\"https:\/\/editionsdudauphin.com\/en\/conferences-et-signatures\/salon-zen-bio-15-au-17-novembre-2024-lyon\" \/>\n<meta property=\"og:site_name\" content=\"\u00c9ditions du Dauphin\" \/>\n<meta property=\"article:published_time\" content=\"2024-09-03T15:49:26+00:00\" \/>\n<meta property=\"article:modified_time\" content=\"2024-09-03T15:53:04+00:00\" \/>\n<meta property=\"og:image\" content=\"https:\/\/editionsdudauphin.com\/wp-content\/uploads\/2024\/08\/Logo-WP-bonne-dimension.png\" \/>\n\t<meta property=\"og:image:width\" content=\"1920\" \/>\n\t<meta property=\"og:image:height\" content=\"1200\" \/>\n\t<meta property=\"og:image:type\" content=\"image\/png\" \/>\n<meta name=\"author\" content=\"presse\" \/>\n<meta name=\"twitter:card\" content=\"summary_large_image\" \/>\n<meta name=\"twitter:label1\" content=\"Written by\" \/>\n\t<meta name=\"twitter:data1\" content=\"presse\" \/>\n\t<meta name=\"twitter:label2\" content=\"Est. reading time\" \/>\n\t<meta name=\"twitter:data2\" content=\"5 minutes\" \/>\n<script type=\"application\/ld+json\" class=\"yoast-schema-graph\">{\"@context\":\"https:\\\/\\\/schema.org\",\"@graph\":[{\"@type\":\"Article\",\"@id\":\"https:\\\/\\\/editionsdudauphin.com\\\/en\\\/conferences-et-signatures\\\/salon-zen-bio-15-au-17-novembre-2024-lyon#article\",\"isPartOf\":{\"@id\":\"https:\\\/\\\/editionsdudauphin.com\\\/en\\\/conferences-et-signatures\\\/salon-zen-bio-15-au-17-novembre-2024-lyon\"},\"author\":{\"name\":\"presse\",\"@id\":\"https:\\\/\\\/editionsdudauphin.com\\\/en#\\\/schema\\\/person\\\/605e9a19ba195a7dba70be10aabe23e4\"},\"headline\":\"Salon Zen &#038; Bio \u2013 15 au 17 novembre 2024 \u2013 Lyon\",\"datePublished\":\"2024-09-03T15:49:26+00:00\",\"dateModified\":\"2024-09-03T15:53:04+00:00\",\"mainEntityOfPage\":{\"@id\":\"https:\\\/\\\/editionsdudauphin.com\\\/en\\\/conferences-et-signatures\\\/salon-zen-bio-15-au-17-novembre-2024-lyon\"},\"wordCount\":1821,\"image\":{\"@id\":\"https:\\\/\\\/editionsdudauphin.com\\\/en\\\/conferences-et-signatures\\\/salon-zen-bio-15-au-17-novembre-2024-lyon#primaryimage\"},\"thumbnailUrl\":\"https:\\\/\\\/editionsdudauphin.com\\\/wp-content\\\/uploads\\\/2024\\\/08\\\/Logo-WP-bonne-dimension.png\",\"articleSection\":[\"Conf\u00e9rences &amp; signatures &amp; salons\"],\"inLanguage\":\"en-US\"},{\"@type\":\"WebPage\",\"@id\":\"https:\\\/\\\/editionsdudauphin.com\\\/en\\\/conferences-et-signatures\\\/salon-zen-bio-15-au-17-novembre-2024-lyon\",\"url\":\"https:\\\/\\\/editionsdudauphin.com\\\/en\\\/conferences-et-signatures\\\/salon-zen-bio-15-au-17-novembre-2024-lyon\",\"name\":\"Salon Zen & Bio \u2013 15 au 17 novembre 2024 \u2013 Lyon\",\"isPartOf\":{\"@id\":\"https:\\\/\\\/editionsdudauphin.com\\\/en#website\"},\"primaryImageOfPage\":{\"@id\":\"https:\\\/\\\/editionsdudauphin.com\\\/en\\\/conferences-et-signatures\\\/salon-zen-bio-15-au-17-novembre-2024-lyon#primaryimage\"},\"image\":{\"@id\":\"https:\\\/\\\/editionsdudauphin.com\\\/en\\\/conferences-et-signatures\\\/salon-zen-bio-15-au-17-novembre-2024-lyon#primaryimage\"},\"thumbnailUrl\":\"https:\\\/\\\/editionsdudauphin.com\\\/wp-content\\\/uploads\\\/2024\\\/08\\\/Logo-WP-bonne-dimension.png\",\"datePublished\":\"2024-09-03T15:49:26+00:00\",\"dateModified\":\"2024-09-03T15:53:04+00:00\",\"author\":{\"@id\":\"https:\\\/\\\/editionsdudauphin.com\\\/en#\\\/schema\\\/person\\\/605e9a19ba195a7dba70be10aabe23e4\"},\"description\":\"Retrouvez nos auteurs au salon Zen & Bio 2024 \u00e0 Lyon pour une conf\u00e9rence, des s\u00e9ances de d\u00e9dicaces et questions r\u00e9ponses du 15 au 17 novembre.\",\"breadcrumb\":{\"@id\":\"https:\\\/\\\/editionsdudauphin.com\\\/en\\\/conferences-et-signatures\\\/salon-zen-bio-15-au-17-novembre-2024-lyon#breadcrumb\"},\"inLanguage\":\"en-US\",\"potentialAction\":[{\"@type\":\"ReadAction\",\"target\":[\"https:\\\/\\\/editionsdudauphin.com\\\/en\\\/conferences-et-signatures\\\/salon-zen-bio-15-au-17-novembre-2024-lyon\"]}]},{\"@type\":\"ImageObject\",\"inLanguage\":\"en-US\",\"@id\":\"https:\\\/\\\/editionsdudauphin.com\\\/en\\\/conferences-et-signatures\\\/salon-zen-bio-15-au-17-novembre-2024-lyon#primaryimage\",\"url\":\"https:\\\/\\\/editionsdudauphin.com\\\/wp-content\\\/uploads\\\/2024\\\/08\\\/Logo-WP-bonne-dimension.png\",\"contentUrl\":\"https:\\\/\\\/editionsdudauphin.com\\\/wp-content\\\/uploads\\\/2024\\\/08\\\/Logo-WP-bonne-dimension.png\",\"width\":1920,\"height\":1200,\"caption\":\"zen & bio lyon\"},{\"@type\":\"BreadcrumbList\",\"@id\":\"https:\\\/\\\/editionsdudauphin.com\\\/en\\\/conferences-et-signatures\\\/salon-zen-bio-15-au-17-novembre-2024-lyon#breadcrumb\",\"itemListElement\":[{\"@type\":\"ListItem\",\"position\":1,\"name\":\"Accueil\",\"item\":\"https:\\\/\\\/editionsdudauphin.com\\\/en\"},{\"@type\":\"ListItem\",\"position\":2,\"name\":\"Salon Zen &#038; Bio \u2013 15 au 17 novembre 2024 \u2013 Lyon\"}]},{\"@type\":\"WebSite\",\"@id\":\"https:\\\/\\\/editionsdudauphin.com\\\/en#website\",\"url\":\"https:\\\/\\\/editionsdudauphin.com\\\/en\",\"name\":\"\u00c9ditions du Dauphin\",\"description\":\"\",\"potentialAction\":[{\"@type\":\"SearchAction\",\"target\":{\"@type\":\"EntryPoint\",\"urlTemplate\":\"https:\\\/\\\/editionsdudauphin.com\\\/en?s={search_term_string}\"},\"query-input\":{\"@type\":\"PropertyValueSpecification\",\"valueRequired\":true,\"valueName\":\"search_term_string\"}}],\"inLanguage\":\"en-US\"},{\"@type\":\"Person\",\"@id\":\"https:\\\/\\\/editionsdudauphin.com\\\/en#\\\/schema\\\/person\\\/605e9a19ba195a7dba70be10aabe23e4\",\"name\":\"presse\",\"image\":{\"@type\":\"ImageObject\",\"inLanguage\":\"en-US\",\"@id\":\"https:\\\/\\\/secure.gravatar.com\\\/avatar\\\/ae91baae35470237c672b962ffa54a1c95ca50502127ca3bc999ed1afa02c958?s=96&d=mm&r=g\",\"url\":\"https:\\\/\\\/secure.gravatar.com\\\/avatar\\\/ae91baae35470237c672b962ffa54a1c95ca50502127ca3bc999ed1afa02c958?s=96&d=mm&r=g\",\"contentUrl\":\"https:\\\/\\\/secure.gravatar.com\\\/avatar\\\/ae91baae35470237c672b962ffa54a1c95ca50502127ca3bc999ed1afa02c958?s=96&d=mm&r=g\",\"caption\":\"presse\"}}]}<\/script>\n<!-- \/ Yoast SEO plugin. -->","yoast_head_json":{"title":"Salon Zen & Bio \u2013 15 au 17 novembre 2024 \u2013 Lyon","description":"Retrouvez nos auteurs au salon Zen & Bio 2024 \u00e0 Lyon pour une conf\u00e9rence, des s\u00e9ances de d\u00e9dicaces et questions r\u00e9ponses du 15 au 17 novembre.","robots":{"index":"index","follow":"follow","max-snippet":"max-snippet:-1","max-image-preview":"max-image-preview:large","max-video-preview":"max-video-preview:-1"},"canonical":"https:\/\/editionsdudauphin.com\/en\/conferences-et-signatures\/salon-zen-bio-15-au-17-novembre-2024-lyon","og_locale":"en_US","og_type":"article","og_title":"Salon Zen & Bio \u2013 15 au 17 novembre 2024 \u2013 Lyon","og_description":"Retrouvez nos auteurs au salon Zen & Bio 2024 \u00e0 Lyon pour une conf\u00e9rence, des s\u00e9ances de d\u00e9dicaces et questions r\u00e9ponses du 15 au 17 novembre.","og_url":"https:\/\/editionsdudauphin.com\/en\/conferences-et-signatures\/salon-zen-bio-15-au-17-novembre-2024-lyon","og_site_name":"\u00c9ditions du Dauphin","article_published_time":"2024-09-03T15:49:26+00:00","article_modified_time":"2024-09-03T15:53:04+00:00","og_image":[{"width":1920,"height":1200,"url":"https:\/\/editionsdudauphin.com\/wp-content\/uploads\/2024\/08\/Logo-WP-bonne-dimension.png","type":"image\/png"}],"author":"presse","twitter_card":"summary_large_image","twitter_misc":{"Written by":"presse","Est. reading time":"5 minutes"},"schema":{"@context":"https:\/\/schema.org","@graph":[{"@type":"Article","@id":"https:\/\/editionsdudauphin.com\/en\/conferences-et-signatures\/salon-zen-bio-15-au-17-novembre-2024-lyon#article","isPartOf":{"@id":"https:\/\/editionsdudauphin.com\/en\/conferences-et-signatures\/salon-zen-bio-15-au-17-novembre-2024-lyon"},"author":{"name":"presse","@id":"https:\/\/editionsdudauphin.com\/en#\/schema\/person\/605e9a19ba195a7dba70be10aabe23e4"},"headline":"Salon Zen &#038; Bio \u2013 15 au 17 novembre 2024 \u2013 Lyon","datePublished":"2024-09-03T15:49:26+00:00","dateModified":"2024-09-03T15:53:04+00:00","mainEntityOfPage":{"@id":"https:\/\/editionsdudauphin.com\/en\/conferences-et-signatures\/salon-zen-bio-15-au-17-novembre-2024-lyon"},"wordCount":1821,"image":{"@id":"https:\/\/editionsdudauphin.com\/en\/conferences-et-signatures\/salon-zen-bio-15-au-17-novembre-2024-lyon#primaryimage"},"thumbnailUrl":"https:\/\/editionsdudauphin.com\/wp-content\/uploads\/2024\/08\/Logo-WP-bonne-dimension.png","articleSection":["Conf\u00e9rences &amp; signatures &amp; salons"],"inLanguage":"en-US"},{"@type":"WebPage","@id":"https:\/\/editionsdudauphin.com\/en\/conferences-et-signatures\/salon-zen-bio-15-au-17-novembre-2024-lyon","url":"https:\/\/editionsdudauphin.com\/en\/conferences-et-signatures\/salon-zen-bio-15-au-17-novembre-2024-lyon","name":"Salon Zen & Bio \u2013 15 au 17 novembre 2024 \u2013 Lyon","isPartOf":{"@id":"https:\/\/editionsdudauphin.com\/en#website"},"primaryImageOfPage":{"@id":"https:\/\/editionsdudauphin.com\/en\/conferences-et-signatures\/salon-zen-bio-15-au-17-novembre-2024-lyon#primaryimage"},"image":{"@id":"https:\/\/editionsdudauphin.com\/en\/conferences-et-signatures\/salon-zen-bio-15-au-17-novembre-2024-lyon#primaryimage"},"thumbnailUrl":"https:\/\/editionsdudauphin.com\/wp-content\/uploads\/2024\/08\/Logo-WP-bonne-dimension.png","datePublished":"2024-09-03T15:49:26+00:00","dateModified":"2024-09-03T15:53:04+00:00","author":{"@id":"https:\/\/editionsdudauphin.com\/en#\/schema\/person\/605e9a19ba195a7dba70be10aabe23e4"},"description":"Retrouvez nos auteurs au salon Zen & Bio 2024 \u00e0 Lyon pour une conf\u00e9rence, des s\u00e9ances de d\u00e9dicaces et questions r\u00e9ponses du 15 au 17 novembre.","breadcrumb":{"@id":"https:\/\/editionsdudauphin.com\/en\/conferences-et-signatures\/salon-zen-bio-15-au-17-novembre-2024-lyon#breadcrumb"},"inLanguage":"en-US","potentialAction":[{"@type":"ReadAction","target":["https:\/\/editionsdudauphin.com\/en\/conferences-et-signatures\/salon-zen-bio-15-au-17-novembre-2024-lyon"]}]},{"@type":"ImageObject","inLanguage":"en-US","@id":"https:\/\/editionsdudauphin.com\/en\/conferences-et-signatures\/salon-zen-bio-15-au-17-novembre-2024-lyon#primaryimage","url":"https:\/\/editionsdudauphin.com\/wp-content\/uploads\/2024\/08\/Logo-WP-bonne-dimension.png","contentUrl":"https:\/\/editionsdudauphin.com\/wp-content\/uploads\/2024\/08\/Logo-WP-bonne-dimension.png","width":1920,"height":1200,"caption":"zen & bio lyon"},{"@type":"BreadcrumbList","@id":"https:\/\/editionsdudauphin.com\/en\/conferences-et-signatures\/salon-zen-bio-15-au-17-novembre-2024-lyon#breadcrumb","itemListElement":[{"@type":"ListItem","position":1,"name":"Accueil","item":"https:\/\/editionsdudauphin.com\/en"},{"@type":"ListItem","position":2,"name":"Salon Zen &#038; Bio \u2013 15 au 17 novembre 2024 \u2013 Lyon"}]},{"@type":"WebSite","@id":"https:\/\/editionsdudauphin.com\/en#website","url":"https:\/\/editionsdudauphin.com\/en","name":"\u00c9ditions du Dauphin","description":"","potentialAction":[{"@type":"SearchAction","target":{"@type":"EntryPoint","urlTemplate":"https:\/\/editionsdudauphin.com\/en?s={search_term_string}"},"query-input":{"@type":"PropertyValueSpecification","valueRequired":true,"valueName":"search_term_string"}}],"inLanguage":"en-US"},{"@type":"Person","@id":"https:\/\/editionsdudauphin.com\/en#\/schema\/person\/605e9a19ba195a7dba70be10aabe23e4","name":"presse","image":{"@type":"ImageObject","inLanguage":"en-US","@id":"https:\/\/secure.gravatar.com\/avatar\/ae91baae35470237c672b962ffa54a1c95ca50502127ca3bc999ed1afa02c958?s=96&d=mm&r=g","url":"https:\/\/secure.gravatar.com\/avatar\/ae91baae35470237c672b962ffa54a1c95ca50502127ca3bc999ed1afa02c958?s=96&d=mm&r=g","contentUrl":"https:\/\/secure.gravatar.com\/avatar\/ae91baae35470237c672b962ffa54a1c95ca50502127ca3bc999ed1afa02c958?s=96&d=mm&r=g","caption":"presse"}}]}},"_links":{"self":[{"href":"https:\/\/editionsdudauphin.com\/en\/wp-json\/wp\/v2\/posts\/17401","targetHints":{"allow":["GET"]}}],"collection":[{"href":"https:\/\/editionsdudauphin.com\/en\/wp-json\/wp\/v2\/posts"}],"about":[{"href":"https:\/\/editionsdudauphin.com\/en\/wp-json\/wp\/v2\/types\/post"}],"author":[{"embeddable":true,"href":"https:\/\/editionsdudauphin.com\/en\/wp-json\/wp\/v2\/users\/12"}],"replies":[{"embeddable":true,"href":"https:\/\/editionsdudauphin.com\/en\/wp-json\/wp\/v2\/comments?post=17401"}],"version-history":[{"count":0,"href":"https:\/\/editionsdudauphin.com\/en\/wp-json\/wp\/v2\/posts\/17401\/revisions"}],"wp:featuredmedia":[{"embeddable":true,"href":"https:\/\/editionsdudauphin.com\/en\/wp-json\/wp\/v2\/media\/17416"}],"wp:attachment":[{"href":"https:\/\/editionsdudauphin.com\/en\/wp-json\/wp\/v2\/media?parent=17401"}],"wp:term":[{"taxonomy":"category","embeddable":true,"href":"https:\/\/editionsdudauphin.com\/en\/wp-json\/wp\/v2\/categories?post=17401"},{"taxonomy":"post_tag","embeddable":true,"href":"https:\/\/editionsdudauphin.com\/en\/wp-json\/wp\/v2\/tags?post=17401"}],"curies":[{"name":"wp","href":"https:\/\/api.w.org\/{rel}","templated":true}]}}