{"id":18337,"date":"2025-03-25T09:49:28","date_gmt":"2025-03-25T08:49:28","guid":{"rendered":"https:\/\/editionsdudauphin.com\/?p=18337"},"modified":"2025-03-25T09:54:42","modified_gmt":"2025-03-25T08:54:42","slug":"zen-bio-a-angers-du-28-au-30-mars-2025","status":"publish","type":"post","link":"https:\/\/editionsdudauphin.com\/en\/conferences-et-signatures\/zen-bio-a-angers-du-28-au-30-mars-2025","title":{"rendered":"Zen &#038; Bio \u00e0 Angers, du 28 au 30 mars 2025"},"content":{"rendered":"<div class=\"fusion-fullwidth fullwidth-box fusion-builder-row-1 fusion-flex-container has-pattern-background has-mask-background nonhundred-percent-fullwidth non-hundred-percent-height-scrolling\" style=\"--awb-border-radius-top-left:0px;--awb-border-radius-top-right:0px;--awb-border-radius-bottom-right:0px;--awb-border-radius-bottom-left:0px;--awb-flex-wrap:wrap;\" ><div class=\"fusion-builder-row fusion-row fusion-flex-align-items-flex-start fusion-flex-content-wrap\" style=\"max-width:1248px;margin-left: calc(-4% \/ 2 );margin-right: calc(-4% \/ 2 );\"><div class=\"fusion-layout-column fusion_builder_column fusion-builder-column-0 fusion_builder_column_1_1 1_1 fusion-flex-column\" style=\"--awb-bg-size:cover;--awb-width-large:100%;--awb-margin-top-large:0px;--awb-spacing-right-large:1.92%;--awb-margin-bottom-large:20px;--awb-spacing-left-large:1.92%;--awb-width-medium:100%;--awb-order-medium:0;--awb-spacing-right-medium:1.92%;--awb-spacing-left-medium:1.92%;--awb-width-small:100%;--awb-order-small:0;--awb-spacing-right-small:1.92%;--awb-spacing-left-small:1.92%;\"><div class=\"fusion-column-wrapper fusion-column-has-shadow fusion-flex-justify-content-flex-start fusion-content-layout-column\"><div class=\"fusion-text fusion-text-1\"><p><strong>La 20<sup>\u00e8me<\/sup>\u00a0\u00e9dition<\/strong>\u00a0<strong>de Zen &amp; Bio Angers se tiendra au Parc des Expositions du 28 au 30 mars 2025.<\/strong><\/p>\n<p><strong>Chaque visiteur y trouvera de pr\u00e9cieux conseils pour lui permettre de se sentir bien dans son esprit, dans son corps et dans son environnement.<\/strong><\/p>\n<p>Chaque ann\u00e9e le salon vous propose de rencontrer des professionnels de la bio, du bien-\u00eatre, mais \u00e9galement d\u2019en savoir plus sur l\u2019environnement, l\u2019habitat sain, le commerce \u00e9quitable, le tourisme vert et solidaire, ou encore de d\u00e9couvrir et rencontrer des producteurs bio locaux !<\/p>\n<h3>VENDREDI 28 MARS<\/h3>\n<p>Retrouvez notre auteure\u00a0<a href=\"https:\/\/editionsdudauphin.com\/author-book\/genevieve-martin\" target=\"_blank\" rel=\"noopener\">Genevi\u00e8ve Martin Call\u00e8de<\/a>\u00a0<strong>le vendredi 28 f\u00e9vrier<\/strong>\u00a0<strong>\u00e0 11h30<\/strong>\u00a0pour une conf\u00e9rence suivie d\u2019une s\u00e9ance de d\u00e9dicaces. Elle vous parlera de son livre \u00ab\u00a0<a href=\"https:\/\/editionsdudauphin.com\/livre\/themes\/bien-etre-sante\/sante\/medecine-ayurvedique\/le-livre-sante-des-epices-27-epices-200-recettes-de-sante\" target=\"_blank\" rel=\"noopener\">Le livre sant\u00e9 des \u00e9pices<\/a>\u00a0\u00bb\u00a0. Vous pourrez \u00e9changer avec elle et repartir avec votre livre d\u00e9dicac\u00e9.<\/p>\n<picture><source srcset=\"https:\/\/editionsdudauphin.com\/wp-content\/uploads\/2024\/08\/genevieve-300x199.jpg.webp 300w, https:\/\/editionsdudauphin.com\/wp-content\/uploads\/2024\/08\/genevieve-500x331.jpg.webp 500w, https:\/\/editionsdudauphin.com\/wp-content\/uploads\/2024\/08\/genevieve-700x464.jpg.webp 700w, https:\/\/editionsdudauphin.com\/wp-content\/uploads\/2024\/08\/genevieve.jpg.webp 758w\" type=\"image\/webp\" sizes=\"(max-width: 300px) 100vw, 300px\" \/><img loading=\"lazy\" decoding=\"async\" class=\"alignnone size-medium wp-image-17387\" src=\"https:\/\/editionsdudauphin.com\/wp-content\/uploads\/2024\/08\/genevieve-300x199.jpg\" sizes=\"auto, (max-width: 300px) 100vw, 300px\" srcset=\"https:\/\/editionsdudauphin.com\/wp-content\/uploads\/2024\/08\/genevieve-300x199.jpg 300w, https:\/\/editionsdudauphin.com\/wp-content\/uploads\/2024\/08\/genevieve-500x331.jpg 500w, https:\/\/editionsdudauphin.com\/wp-content\/uploads\/2024\/08\/genevieve-700x464.jpg 700w, https:\/\/editionsdudauphin.com\/wp-content\/uploads\/2024\/08\/genevieve.jpg 758w\" alt=\"genevieve callede martin\" width=\"300\" height=\"199\" data-eio=\"p\" \/><\/picture>\n<div class=\"flex-shrink-0 flex flex-col relative items-end\">\n<div class=\"pt-0\">\n<div class=\"gizmo-bot-avatar flex h-8 w-8 items-center justify-center overflow-hidden rounded-full\">\n<div class=\"relative p-1 rounded-sm flex items-center justify-center bg-token-main-surface-primary text-token-text-primary h-8 w-8\">Genevi\u00e8ve Martin Call\u00e8de, infirmi\u00e8re depuis 1988 et passionn\u00e9e d\u2019Ayurv\u00e9da, est dipl\u00f4m\u00e9e en massages ayurv\u00e9diques, en \u00ab health management \u00bb et en consultation ayurv\u00e9dique. Conf\u00e9renci\u00e8re et auteure, elle a publi\u00e9 le livre \u00e0 succ\u00e8s \u00ab\u00a0Le livre sant\u00e9 des \u00e9pices\u00a0\u00bb. Co-pr\u00e9sidente d\u2019une association culinaire, elle continue d\u2019exercer en tant que consultante en Ayurv\u00e9da.<\/div>\n<\/div>\n<\/div>\n<div>\n<h3>SAMEDI 29 MARS<\/h3>\n<p>Retrouvez notre auteure\u00a0<a href=\"https:\/\/editionsdudauphin.com\/author-book\/laurence-le-henry\" target=\"_blank\" rel=\"noopener\">Laurence Le Henry<\/a>\u00a0<strong>\u00e0 15h<\/strong>\u00a0pour une conf\u00e9rence suivie d\u2019une s\u00e9ance de d\u00e9dicaces. Elle vous parlera de son livre \u00ab\u00a0<a href=\"https:\/\/editionsdudauphin.com\/livre\/themes\/bien-etre-sante\/sante\/medecine-douce\/livres-de-sophrologie\/linstant-sophrologie\" target=\"_blank\" rel=\"noopener\">L\u2019instant sophrologie<\/a>\u00a0\u00bb\u00a0. Vous pourrez \u00e9changer avec elle et repartir avec votre livre d\u00e9dicac\u00e9.<\/p>\n<div id=\"attachment_16204\" class=\"wp-caption alignnone\">\n<picture><source srcset=\"https:\/\/editionsdudauphin.com\/wp-content\/uploads\/2023\/09\/Laurence-le-Henry-200x267.jpg.webp 200w, https:\/\/editionsdudauphin.com\/wp-content\/uploads\/2023\/09\/Laurence-le-Henry-225x300.jpg.webp 225w, https:\/\/editionsdudauphin.com\/wp-content\/uploads\/2023\/09\/Laurence-le-Henry-375x500.jpg.webp 375w, https:\/\/editionsdudauphin.com\/wp-content\/uploads\/2023\/09\/Laurence-le-Henry-400x533.jpg.webp 400w, https:\/\/editionsdudauphin.com\/wp-content\/uploads\/2023\/09\/Laurence-le-Henry-500x666.jpg.webp 500w, https:\/\/editionsdudauphin.com\/wp-content\/uploads\/2023\/09\/Laurence-le-Henry-600x800.jpg.webp 600w, https:\/\/editionsdudauphin.com\/wp-content\/uploads\/2023\/09\/Laurence-le-Henry-700x933.jpg.webp 700w, https:\/\/editionsdudauphin.com\/wp-content\/uploads\/2023\/09\/Laurence-le-Henry-768x1023.jpg.webp 768w, https:\/\/editionsdudauphin.com\/wp-content\/uploads\/2023\/09\/Laurence-le-Henry.jpg.webp 800w\" type=\"image\/webp\" sizes=\"(max-width: 225px) 100vw, 225px\" \/><img loading=\"lazy\" decoding=\"async\" class=\"size-medium wp-image-16204\" src=\"https:\/\/editionsdudauphin.com\/wp-content\/uploads\/2023\/09\/Laurence-le-Henry-225x300.jpg\" sizes=\"auto, (max-width: 225px) 100vw, 225px\" srcset=\"https:\/\/editionsdudauphin.com\/wp-content\/uploads\/2023\/09\/Laurence-le-Henry-200x267.jpg 200w, https:\/\/editionsdudauphin.com\/wp-content\/uploads\/2023\/09\/Laurence-le-Henry-225x300.jpg 225w, https:\/\/editionsdudauphin.com\/wp-content\/uploads\/2023\/09\/Laurence-le-Henry-375x500.jpg 375w, https:\/\/editionsdudauphin.com\/wp-content\/uploads\/2023\/09\/Laurence-le-Henry-400x533.jpg 400w, https:\/\/editionsdudauphin.com\/wp-content\/uploads\/2023\/09\/Laurence-le-Henry-500x666.jpg 500w, https:\/\/editionsdudauphin.com\/wp-content\/uploads\/2023\/09\/Laurence-le-Henry-600x800.jpg 600w, https:\/\/editionsdudauphin.com\/wp-content\/uploads\/2023\/09\/Laurence-le-Henry-700x933.jpg 700w, https:\/\/editionsdudauphin.com\/wp-content\/uploads\/2023\/09\/Laurence-le-Henry-768x1023.jpg 768w, https:\/\/editionsdudauphin.com\/wp-content\/uploads\/2023\/09\/Laurence-le-Henry.jpg 800w\" alt=\"Laurence Le Henry\" width=\"225\" height=\"300\" aria-describedby=\"caption-attachment-16204\" data-eio=\"p\" \/><\/picture>\n<p id=\"caption-attachment-16204\" class=\"wp-caption-text\">Laurence Le Henry<\/p>\n<\/div>\n<p>Laurence Le Henry incarne une sophrologue chevronn\u00e9e, apportant son expertise bienveillante et son savoir-faire \u00e0 la sph\u00e8re du bien-\u00eatre depuis plus de 10 ans. Install\u00e9e \u00e0 Paris, elle exerce en cabinet tout en \u00e9tendant son influence salvatrice dans des environnements vari\u00e9s tels que le milieu scolaire et professionnel. Sa sp\u00e9cialisation dans l\u2019accompagnement d\u2019enfants et d\u2019adolescents fait de Laurence Le Henry une praticienne d\u00e9vou\u00e9e, travaillant en \u00e9troite collaboration avec des p\u00e9diatres et p\u00e9dopsychologues. Son champ d\u2019action s\u2019\u00e9tend \u00e0 des probl\u00e9matiques cruciales li\u00e9es au sommeil, aux troubles de l\u2019attention et de concentration, ainsi qu\u2019\u00e0 la gestion de l\u2019anxi\u00e9t\u00e9 et du stress. Par sa pr\u00e9sence attentive et ses techniques, elle contribue significativement \u00e0 l\u2019am\u00e9lioration du bien-\u00eatre \u00e9motionnel et mental des jeunes qu\u2019elle accompagne. Engag\u00e9e dans le partage de son savoir, Laurence Le Henry exerce \u00e9galement en tant que formatrice au sein du r\u00e9seau de sophrologues Bienrelax, initi\u00e9 par Cl\u00e9mence Peix Lavall\u00e9e. De plus, elle transmet son savoir-faire au CEAS de Paris, une \u00e9cole de sophrologie renomm\u00e9e. Son r\u00f4le de formatrice t\u00e9moigne de son engagement envers le d\u00e9veloppement et la diffusion des comp\u00e9tences sophrologiques au sein de la communaut\u00e9 des praticiens. Laurence Le Henry incarne ainsi une sophrologue polyvalente et d\u00e9vou\u00e9e, offrant ses comp\u00e9tences avec passion pour am\u00e9liorer la qualit\u00e9 de vie des personnes de tous \u00e2ges, de la petite enfance \u00e0 l\u2019\u00e2ge adulte.<\/p>\n<\/div>\n<div>\n<h3>DIMANCHE 30 MARS<\/h3>\n<p>Retrouvez notre auteur\u00a0<a href=\"https:\/\/editionsdudauphin.com\/author-book\/berthelot-edouard\" target=\"_blank\" rel=\"noopener\">Edouard Berthelot<\/a>,\u00a0<strong>le dimanche 23 f\u00e9vrier \u00e0 11h30\u00a0<\/strong>pour une conf\u00e9rence suivie d\u2019une s\u00e9ance de d\u00e9dicaces. Il vous parlera de son livre\u00a0<a href=\"https:\/\/editionsdudauphin.com\/livre\/themes\/bien-etre-sante\/sante\/medecine-douce\/et-si-vous-consultiez-un-osteopathe\" target=\"_blank\" rel=\"noopener\">\u00ab\u00a0Et si vous consultiez un ost\u00e9opathe ?\u00a0\u00bb<\/a>. Il sera possible d\u2019\u00e9changer avec lui pendant la s\u00e9ance de d\u00e9dicaces.<\/p>\n<h3><picture><source srcset=\"https:\/\/editionsdudauphin.com\/wp-content\/uploads\/2024\/05\/Berthelot-200x300.jpg.webp 200w, https:\/\/editionsdudauphin.com\/wp-content\/uploads\/2024\/05\/Berthelot-333x500.jpg.webp 333w, https:\/\/editionsdudauphin.com\/wp-content\/uploads\/2024\/05\/Berthelot-400x600.jpg.webp 400w, https:\/\/editionsdudauphin.com\/wp-content\/uploads\/2024\/05\/Berthelot-500x750.jpg.webp 500w, https:\/\/editionsdudauphin.com\/wp-content\/uploads\/2024\/05\/Berthelot-600x900.jpg.webp 600w, https:\/\/editionsdudauphin.com\/wp-content\/uploads\/2024\/05\/Berthelot-683x1024.jpg.webp 683w, https:\/\/editionsdudauphin.com\/wp-content\/uploads\/2024\/05\/Berthelot-700x1050.jpg.webp 700w, https:\/\/editionsdudauphin.com\/wp-content\/uploads\/2024\/05\/Berthelot-768x1152.jpg.webp 768w, https:\/\/editionsdudauphin.com\/wp-content\/uploads\/2024\/05\/Berthelot.jpg.webp 800w\" type=\"image\/webp\" sizes=\"(max-width: 200px) 100vw, 200px\" \/><img loading=\"lazy\" decoding=\"async\" class=\"alignnone size-medium wp-image-17271\" src=\"https:\/\/editionsdudauphin.com\/wp-content\/uploads\/2024\/05\/Berthelot-200x300.jpg\" sizes=\"auto, (max-width: 200px) 100vw, 200px\" srcset=\"https:\/\/editionsdudauphin.com\/wp-content\/uploads\/2024\/05\/Berthelot-200x300.jpg 200w, https:\/\/editionsdudauphin.com\/wp-content\/uploads\/2024\/05\/Berthelot-333x500.jpg 333w, https:\/\/editionsdudauphin.com\/wp-content\/uploads\/2024\/05\/Berthelot-400x600.jpg 400w, https:\/\/editionsdudauphin.com\/wp-content\/uploads\/2024\/05\/Berthelot-500x750.jpg 500w, https:\/\/editionsdudauphin.com\/wp-content\/uploads\/2024\/05\/Berthelot-600x900.jpg 600w, https:\/\/editionsdudauphin.com\/wp-content\/uploads\/2024\/05\/Berthelot-683x1024.jpg 683w, https:\/\/editionsdudauphin.com\/wp-content\/uploads\/2024\/05\/Berthelot-700x1050.jpg 700w, https:\/\/editionsdudauphin.com\/wp-content\/uploads\/2024\/05\/Berthelot-768x1152.jpg 768w, https:\/\/editionsdudauphin.com\/wp-content\/uploads\/2024\/05\/Berthelot.jpg 800w\" alt=\"Edouard Berthelot\" width=\"200\" height=\"300\" data-eio=\"p\" \/><\/picture><\/h3>\n<p>Ost\u00e9opathe-kin\u00e9sith\u00e9rapeute, Directeur de l\u2019\u00c9cole des Postures, \u00c9douard Berthelot est enseignant formateur en kin\u00e9sith\u00e9rapie et ost\u00e9opathie. Il a d\u00e9livr\u00e9 son enseignement en France et dans de nombreux pays francophones. Il est titulaire du dipl\u00f4me interuniversitaire \u00ab Soigner les soignants \u00bb. Auteur de plusieurs ouvrages et de nombreuses publications, il vit et travaille en Ille et Vilaine (35). Il est notamment l\u2019auteur du livre \u00ab\u00a0<a href=\"https:\/\/editionsdudauphin.com\/livre\/themes\/bien-etre-sante\/sante\/medecine-douce\/et-si-vous-consultiez-un-osteopathe\" target=\"_blank\" rel=\"noopener\">Et si vous consultiez un ost\u00e9opathe, 17 cas pour vous convaincre<\/a>\u00ab.<\/p>\n<\/div>\n<div class=\"page-header\">\n<h1 class=\"page-title\">Informations pratiques<\/h1>\n<div class=\"breadcrumb home\"><a class=\"home\" title=\"Go to Z&amp;B Angers.\" href=\"https:\/\/www.salon-zenetbio.com\/angers\">Z&amp;B Angers<\/a>\u00a0&gt;\u00a0Informations pratiques<\/div>\n<\/div>\n<div id=\"primary\">\n<section id=\"post-3598\" class=\"post-3598 page type-page status-publish hentry\">\n<article>\n<div class=\"entry-content clearfix\">\n<p><img loading=\"lazy\" decoding=\"async\" class=\" wp-image-5416 alignleft\" src=\"https:\/\/www.salon-vivreautrement.com\/wp-content\/uploads\/2018\/03\/Service-visiteurs.jpg\" alt=\"\" width=\"106\" height=\"75\" \/><br \/>\nToutes les informations pour pr\u00e9parer au mieux votre visite sur le salon : savoir quand et ou il se d\u00e9roule, comment s\u2019y rendre, quels sont les services qui vont sont propos\u00e9s etc.<\/p>\n<h2><\/h2>\n<h2><a href=\"http:\/\/www.salon-zenetbio.com\/angers\/informations-pratiques\/comment-venir\/\">Comment venir<\/a><\/h2>\n<p>En voiture, en train, \u00e0 v\u00e9lo, \u00e0 v\u00e9lo, \u00e0 pied ou encore en trottinette, tous les chemins vous m\u00e8nent au salon Zen &amp; Bio Angers.<br \/>\n<a href=\"https:\/\/events.destination-angers.com\/parc-des-expositions\/acces\/\" target=\"_blank\" rel=\"noopener noreferrer\"><em>Consultez le site internet du Parc des Expositions d\u2019Angers<\/em><\/a><\/p>\n<h2><a href=\"http:\/\/www.salon-zenetbio.com\/angers\/informations-pratiques\/informations-pratiques\/\">Informations pratiques<\/a><\/h2>\n<ul>\n<li>Du 28 au 30 mars 2025<\/li>\n<li>De 10h \u00e0 19h et de 10h \u00e0 18h le dimanche \u2013 Derni\u00e8re entr\u00e9e 30min avant la fermeture<\/li>\n<li>Parc des Expositions d\u2019Angers<\/li>\n<\/ul>\n<h2><a href=\"http:\/\/www.salon-zenetbio.com\/angers\/informations-pratiques\/contacts\/\">Contacts<\/a><\/h2>\n<p>Le salon Zen &amp; Bio Angers est organis\u00e9 par SPAS Organisation.<\/p>\n<p class=\"fusion-title-heading title-heading-left\"><span style=\"font-size: 8pt; color: #ffffff;\">Zen &amp; Bio \u00e0 Angers, du 28 au 30 mars 2025<\/span><\/p>\n<\/div>\n<\/article>\n<\/section>\n<\/div>\n<div class=\"pt-0\">\n<div><\/div>\n<\/div>\n<\/div>\n<\/div><\/div><\/div><\/div><\/div>\n","protected":false},"excerpt":{"rendered":"","protected":false},"author":12,"featured_media":18338,"comment_status":"closed","ping_status":"closed","sticky":false,"template":"","format":"standard","meta":{"_acf_changed":false,"wpupg_custom_link":[],"wpupg_custom_link_behaviour":["default"],"wpupg_custom_link_nofollow":["default"],"wpupg_custom_image":[],"wpupg_custom_image_id":[],"footnotes":""},"categories":[136],"tags":[],"class_list":["post-18337","post","type-post","status-publish","format-standard","has-post-thumbnail","hentry","category-conferences-et-signatures"],"acf":[],"yoast_head":"<!-- This site is optimized with the Yoast SEO plugin v27.4 - https:\/\/yoast.com\/product\/yoast-seo-wordpress\/ -->\n<title>Zen &amp; Bio \u00e0 Angers, du 28 au 30 mars 2025<\/title>\n<meta name=\"description\" content=\"Retrouvez nos auteurs Genevi\u00e8ve Martin, Laurence Le Henry et Edouard Berthelot en conf\u00e9rence-d\u00e9dicace \u00e0 Zen &amp; Bio \u00e0 Angers 2025 du 28 au 30 mars.\" \/>\n<meta name=\"robots\" content=\"index, follow, max-snippet:-1, max-image-preview:large, max-video-preview:-1\" \/>\n<link rel=\"canonical\" href=\"https:\/\/editionsdudauphin.com\/en\/conferences-et-signatures\/zen-bio-a-angers-du-28-au-30-mars-2025\" \/>\n<meta property=\"og:locale\" content=\"en_US\" \/>\n<meta property=\"og:type\" content=\"article\" \/>\n<meta property=\"og:title\" content=\"Zen &amp; Bio \u00e0 Angers, du 28 au 30 mars 2025\" \/>\n<meta property=\"og:description\" content=\"Retrouvez nos auteurs Genevi\u00e8ve Martin, Laurence Le Henry et Edouard Berthelot en conf\u00e9rence-d\u00e9dicace \u00e0 Zen &amp; Bio \u00e0 Angers 2025 du 28 au 30 mars.\" \/>\n<meta property=\"og:url\" content=\"https:\/\/editionsdudauphin.com\/en\/conferences-et-signatures\/zen-bio-a-angers-du-28-au-30-mars-2025\" \/>\n<meta property=\"og:site_name\" content=\"\u00c9ditions du Dauphin\" \/>\n<meta property=\"article:published_time\" content=\"2025-03-25T08:49:28+00:00\" \/>\n<meta property=\"article:modified_time\" content=\"2025-03-25T08:54:42+00:00\" \/>\n<meta property=\"og:image\" content=\"https:\/\/editionsdudauphin.com\/wp-content\/uploads\/2025\/03\/zen-et-bio-2025.png\" \/>\n\t<meta property=\"og:image:width\" content=\"1920\" \/>\n\t<meta property=\"og:image:height\" content=\"1200\" \/>\n\t<meta property=\"og:image:type\" content=\"image\/png\" \/>\n<meta name=\"author\" content=\"presse\" \/>\n<meta name=\"twitter:card\" content=\"summary_large_image\" \/>\n<meta name=\"twitter:label1\" content=\"Written by\" \/>\n\t<meta name=\"twitter:data1\" content=\"presse\" \/>\n\t<meta name=\"twitter:label2\" content=\"Est. reading time\" \/>\n\t<meta name=\"twitter:data2\" content=\"5 minutes\" \/>\n<script type=\"application\/ld+json\" class=\"yoast-schema-graph\">{\"@context\":\"https:\\\/\\\/schema.org\",\"@graph\":[{\"@type\":\"Article\",\"@id\":\"https:\\\/\\\/editionsdudauphin.com\\\/en\\\/conferences-et-signatures\\\/zen-bio-a-angers-du-28-au-30-mars-2025#article\",\"isPartOf\":{\"@id\":\"https:\\\/\\\/editionsdudauphin.com\\\/en\\\/conferences-et-signatures\\\/zen-bio-a-angers-du-28-au-30-mars-2025\"},\"author\":{\"name\":\"presse\",\"@id\":\"https:\\\/\\\/editionsdudauphin.com\\\/en#\\\/schema\\\/person\\\/605e9a19ba195a7dba70be10aabe23e4\"},\"headline\":\"Zen &#038; Bio \u00e0 Angers, du 28 au 30 mars 2025\",\"datePublished\":\"2025-03-25T08:49:28+00:00\",\"dateModified\":\"2025-03-25T08:54:42+00:00\",\"mainEntityOfPage\":{\"@id\":\"https:\\\/\\\/editionsdudauphin.com\\\/en\\\/conferences-et-signatures\\\/zen-bio-a-angers-du-28-au-30-mars-2025\"},\"wordCount\":1810,\"image\":{\"@id\":\"https:\\\/\\\/editionsdudauphin.com\\\/en\\\/conferences-et-signatures\\\/zen-bio-a-angers-du-28-au-30-mars-2025#primaryimage\"},\"thumbnailUrl\":\"https:\\\/\\\/editionsdudauphin.com\\\/wp-content\\\/uploads\\\/2025\\\/03\\\/zen-et-bio-2025.png\",\"articleSection\":[\"Conf\u00e9rences &amp; signatures &amp; salons\"],\"inLanguage\":\"en-US\"},{\"@type\":\"WebPage\",\"@id\":\"https:\\\/\\\/editionsdudauphin.com\\\/en\\\/conferences-et-signatures\\\/zen-bio-a-angers-du-28-au-30-mars-2025\",\"url\":\"https:\\\/\\\/editionsdudauphin.com\\\/en\\\/conferences-et-signatures\\\/zen-bio-a-angers-du-28-au-30-mars-2025\",\"name\":\"Zen & Bio \u00e0 Angers, du 28 au 30 mars 2025\",\"isPartOf\":{\"@id\":\"https:\\\/\\\/editionsdudauphin.com\\\/en#website\"},\"primaryImageOfPage\":{\"@id\":\"https:\\\/\\\/editionsdudauphin.com\\\/en\\\/conferences-et-signatures\\\/zen-bio-a-angers-du-28-au-30-mars-2025#primaryimage\"},\"image\":{\"@id\":\"https:\\\/\\\/editionsdudauphin.com\\\/en\\\/conferences-et-signatures\\\/zen-bio-a-angers-du-28-au-30-mars-2025#primaryimage\"},\"thumbnailUrl\":\"https:\\\/\\\/editionsdudauphin.com\\\/wp-content\\\/uploads\\\/2025\\\/03\\\/zen-et-bio-2025.png\",\"datePublished\":\"2025-03-25T08:49:28+00:00\",\"dateModified\":\"2025-03-25T08:54:42+00:00\",\"author\":{\"@id\":\"https:\\\/\\\/editionsdudauphin.com\\\/en#\\\/schema\\\/person\\\/605e9a19ba195a7dba70be10aabe23e4\"},\"description\":\"Retrouvez nos auteurs Genevi\u00e8ve Martin, Laurence Le Henry et Edouard Berthelot en conf\u00e9rence-d\u00e9dicace \u00e0 Zen & Bio \u00e0 Angers 2025 du 28 au 30 mars.\",\"breadcrumb\":{\"@id\":\"https:\\\/\\\/editionsdudauphin.com\\\/en\\\/conferences-et-signatures\\\/zen-bio-a-angers-du-28-au-30-mars-2025#breadcrumb\"},\"inLanguage\":\"en-US\",\"potentialAction\":[{\"@type\":\"ReadAction\",\"target\":[\"https:\\\/\\\/editionsdudauphin.com\\\/en\\\/conferences-et-signatures\\\/zen-bio-a-angers-du-28-au-30-mars-2025\"]}]},{\"@type\":\"ImageObject\",\"inLanguage\":\"en-US\",\"@id\":\"https:\\\/\\\/editionsdudauphin.com\\\/en\\\/conferences-et-signatures\\\/zen-bio-a-angers-du-28-au-30-mars-2025#primaryimage\",\"url\":\"https:\\\/\\\/editionsdudauphin.com\\\/wp-content\\\/uploads\\\/2025\\\/03\\\/zen-et-bio-2025.png\",\"contentUrl\":\"https:\\\/\\\/editionsdudauphin.com\\\/wp-content\\\/uploads\\\/2025\\\/03\\\/zen-et-bio-2025.png\",\"width\":1920,\"height\":1200,\"caption\":\"zen-et-bio-2025-angers\"},{\"@type\":\"BreadcrumbList\",\"@id\":\"https:\\\/\\\/editionsdudauphin.com\\\/en\\\/conferences-et-signatures\\\/zen-bio-a-angers-du-28-au-30-mars-2025#breadcrumb\",\"itemListElement\":[{\"@type\":\"ListItem\",\"position\":1,\"name\":\"Accueil\",\"item\":\"https:\\\/\\\/editionsdudauphin.com\\\/en\"},{\"@type\":\"ListItem\",\"position\":2,\"name\":\"Zen &#038; Bio \u00e0 Angers, du 28 au 30 mars 2025\"}]},{\"@type\":\"WebSite\",\"@id\":\"https:\\\/\\\/editionsdudauphin.com\\\/en#website\",\"url\":\"https:\\\/\\\/editionsdudauphin.com\\\/en\",\"name\":\"\u00c9ditions du Dauphin\",\"description\":\"\",\"potentialAction\":[{\"@type\":\"SearchAction\",\"target\":{\"@type\":\"EntryPoint\",\"urlTemplate\":\"https:\\\/\\\/editionsdudauphin.com\\\/en?s={search_term_string}\"},\"query-input\":{\"@type\":\"PropertyValueSpecification\",\"valueRequired\":true,\"valueName\":\"search_term_string\"}}],\"inLanguage\":\"en-US\"},{\"@type\":\"Person\",\"@id\":\"https:\\\/\\\/editionsdudauphin.com\\\/en#\\\/schema\\\/person\\\/605e9a19ba195a7dba70be10aabe23e4\",\"name\":\"presse\",\"image\":{\"@type\":\"ImageObject\",\"inLanguage\":\"en-US\",\"@id\":\"https:\\\/\\\/secure.gravatar.com\\\/avatar\\\/ae91baae35470237c672b962ffa54a1c95ca50502127ca3bc999ed1afa02c958?s=96&d=mm&r=g\",\"url\":\"https:\\\/\\\/secure.gravatar.com\\\/avatar\\\/ae91baae35470237c672b962ffa54a1c95ca50502127ca3bc999ed1afa02c958?s=96&d=mm&r=g\",\"contentUrl\":\"https:\\\/\\\/secure.gravatar.com\\\/avatar\\\/ae91baae35470237c672b962ffa54a1c95ca50502127ca3bc999ed1afa02c958?s=96&d=mm&r=g\",\"caption\":\"presse\"}}]}<\/script>\n<!-- \/ Yoast SEO plugin. -->","yoast_head_json":{"title":"Zen & Bio \u00e0 Angers, du 28 au 30 mars 2025","description":"Retrouvez nos auteurs Genevi\u00e8ve Martin, Laurence Le Henry et Edouard Berthelot en conf\u00e9rence-d\u00e9dicace \u00e0 Zen & Bio \u00e0 Angers 2025 du 28 au 30 mars.","robots":{"index":"index","follow":"follow","max-snippet":"max-snippet:-1","max-image-preview":"max-image-preview:large","max-video-preview":"max-video-preview:-1"},"canonical":"https:\/\/editionsdudauphin.com\/en\/conferences-et-signatures\/zen-bio-a-angers-du-28-au-30-mars-2025","og_locale":"en_US","og_type":"article","og_title":"Zen & Bio \u00e0 Angers, du 28 au 30 mars 2025","og_description":"Retrouvez nos auteurs Genevi\u00e8ve Martin, Laurence Le Henry et Edouard Berthelot en conf\u00e9rence-d\u00e9dicace \u00e0 Zen & Bio \u00e0 Angers 2025 du 28 au 30 mars.","og_url":"https:\/\/editionsdudauphin.com\/en\/conferences-et-signatures\/zen-bio-a-angers-du-28-au-30-mars-2025","og_site_name":"\u00c9ditions du Dauphin","article_published_time":"2025-03-25T08:49:28+00:00","article_modified_time":"2025-03-25T08:54:42+00:00","og_image":[{"width":1920,"height":1200,"url":"https:\/\/editionsdudauphin.com\/wp-content\/uploads\/2025\/03\/zen-et-bio-2025.png","type":"image\/png"}],"author":"presse","twitter_card":"summary_large_image","twitter_misc":{"Written by":"presse","Est. reading time":"5 minutes"},"schema":{"@context":"https:\/\/schema.org","@graph":[{"@type":"Article","@id":"https:\/\/editionsdudauphin.com\/en\/conferences-et-signatures\/zen-bio-a-angers-du-28-au-30-mars-2025#article","isPartOf":{"@id":"https:\/\/editionsdudauphin.com\/en\/conferences-et-signatures\/zen-bio-a-angers-du-28-au-30-mars-2025"},"author":{"name":"presse","@id":"https:\/\/editionsdudauphin.com\/en#\/schema\/person\/605e9a19ba195a7dba70be10aabe23e4"},"headline":"Zen &#038; Bio \u00e0 Angers, du 28 au 30 mars 2025","datePublished":"2025-03-25T08:49:28+00:00","dateModified":"2025-03-25T08:54:42+00:00","mainEntityOfPage":{"@id":"https:\/\/editionsdudauphin.com\/en\/conferences-et-signatures\/zen-bio-a-angers-du-28-au-30-mars-2025"},"wordCount":1810,"image":{"@id":"https:\/\/editionsdudauphin.com\/en\/conferences-et-signatures\/zen-bio-a-angers-du-28-au-30-mars-2025#primaryimage"},"thumbnailUrl":"https:\/\/editionsdudauphin.com\/wp-content\/uploads\/2025\/03\/zen-et-bio-2025.png","articleSection":["Conf\u00e9rences &amp; signatures &amp; salons"],"inLanguage":"en-US"},{"@type":"WebPage","@id":"https:\/\/editionsdudauphin.com\/en\/conferences-et-signatures\/zen-bio-a-angers-du-28-au-30-mars-2025","url":"https:\/\/editionsdudauphin.com\/en\/conferences-et-signatures\/zen-bio-a-angers-du-28-au-30-mars-2025","name":"Zen & Bio \u00e0 Angers, du 28 au 30 mars 2025","isPartOf":{"@id":"https:\/\/editionsdudauphin.com\/en#website"},"primaryImageOfPage":{"@id":"https:\/\/editionsdudauphin.com\/en\/conferences-et-signatures\/zen-bio-a-angers-du-28-au-30-mars-2025#primaryimage"},"image":{"@id":"https:\/\/editionsdudauphin.com\/en\/conferences-et-signatures\/zen-bio-a-angers-du-28-au-30-mars-2025#primaryimage"},"thumbnailUrl":"https:\/\/editionsdudauphin.com\/wp-content\/uploads\/2025\/03\/zen-et-bio-2025.png","datePublished":"2025-03-25T08:49:28+00:00","dateModified":"2025-03-25T08:54:42+00:00","author":{"@id":"https:\/\/editionsdudauphin.com\/en#\/schema\/person\/605e9a19ba195a7dba70be10aabe23e4"},"description":"Retrouvez nos auteurs Genevi\u00e8ve Martin, Laurence Le Henry et Edouard Berthelot en conf\u00e9rence-d\u00e9dicace \u00e0 Zen & Bio \u00e0 Angers 2025 du 28 au 30 mars.","breadcrumb":{"@id":"https:\/\/editionsdudauphin.com\/en\/conferences-et-signatures\/zen-bio-a-angers-du-28-au-30-mars-2025#breadcrumb"},"inLanguage":"en-US","potentialAction":[{"@type":"ReadAction","target":["https:\/\/editionsdudauphin.com\/en\/conferences-et-signatures\/zen-bio-a-angers-du-28-au-30-mars-2025"]}]},{"@type":"ImageObject","inLanguage":"en-US","@id":"https:\/\/editionsdudauphin.com\/en\/conferences-et-signatures\/zen-bio-a-angers-du-28-au-30-mars-2025#primaryimage","url":"https:\/\/editionsdudauphin.com\/wp-content\/uploads\/2025\/03\/zen-et-bio-2025.png","contentUrl":"https:\/\/editionsdudauphin.com\/wp-content\/uploads\/2025\/03\/zen-et-bio-2025.png","width":1920,"height":1200,"caption":"zen-et-bio-2025-angers"},{"@type":"BreadcrumbList","@id":"https:\/\/editionsdudauphin.com\/en\/conferences-et-signatures\/zen-bio-a-angers-du-28-au-30-mars-2025#breadcrumb","itemListElement":[{"@type":"ListItem","position":1,"name":"Accueil","item":"https:\/\/editionsdudauphin.com\/en"},{"@type":"ListItem","position":2,"name":"Zen &#038; Bio \u00e0 Angers, du 28 au 30 mars 2025"}]},{"@type":"WebSite","@id":"https:\/\/editionsdudauphin.com\/en#website","url":"https:\/\/editionsdudauphin.com\/en","name":"\u00c9ditions du Dauphin","description":"","potentialAction":[{"@type":"SearchAction","target":{"@type":"EntryPoint","urlTemplate":"https:\/\/editionsdudauphin.com\/en?s={search_term_string}"},"query-input":{"@type":"PropertyValueSpecification","valueRequired":true,"valueName":"search_term_string"}}],"inLanguage":"en-US"},{"@type":"Person","@id":"https:\/\/editionsdudauphin.com\/en#\/schema\/person\/605e9a19ba195a7dba70be10aabe23e4","name":"presse","image":{"@type":"ImageObject","inLanguage":"en-US","@id":"https:\/\/secure.gravatar.com\/avatar\/ae91baae35470237c672b962ffa54a1c95ca50502127ca3bc999ed1afa02c958?s=96&d=mm&r=g","url":"https:\/\/secure.gravatar.com\/avatar\/ae91baae35470237c672b962ffa54a1c95ca50502127ca3bc999ed1afa02c958?s=96&d=mm&r=g","contentUrl":"https:\/\/secure.gravatar.com\/avatar\/ae91baae35470237c672b962ffa54a1c95ca50502127ca3bc999ed1afa02c958?s=96&d=mm&r=g","caption":"presse"}}]}},"_links":{"self":[{"href":"https:\/\/editionsdudauphin.com\/en\/wp-json\/wp\/v2\/posts\/18337","targetHints":{"allow":["GET"]}}],"collection":[{"href":"https:\/\/editionsdudauphin.com\/en\/wp-json\/wp\/v2\/posts"}],"about":[{"href":"https:\/\/editionsdudauphin.com\/en\/wp-json\/wp\/v2\/types\/post"}],"author":[{"embeddable":true,"href":"https:\/\/editionsdudauphin.com\/en\/wp-json\/wp\/v2\/users\/12"}],"replies":[{"embeddable":true,"href":"https:\/\/editionsdudauphin.com\/en\/wp-json\/wp\/v2\/comments?post=18337"}],"version-history":[{"count":0,"href":"https:\/\/editionsdudauphin.com\/en\/wp-json\/wp\/v2\/posts\/18337\/revisions"}],"wp:featuredmedia":[{"embeddable":true,"href":"https:\/\/editionsdudauphin.com\/en\/wp-json\/wp\/v2\/media\/18338"}],"wp:attachment":[{"href":"https:\/\/editionsdudauphin.com\/en\/wp-json\/wp\/v2\/media?parent=18337"}],"wp:term":[{"taxonomy":"category","embeddable":true,"href":"https:\/\/editionsdudauphin.com\/en\/wp-json\/wp\/v2\/categories?post=18337"},{"taxonomy":"post_tag","embeddable":true,"href":"https:\/\/editionsdudauphin.com\/en\/wp-json\/wp\/v2\/tags?post=18337"}],"curies":[{"name":"wp","href":"https:\/\/api.w.org\/{rel}","templated":true}]}}